{"id":59190,"date":"2022-11-20T12:16:54","date_gmt":"2022-11-20T18:16:54","guid":{"rendered":"https:\/\/redsemlac.com\/semmexico\/?p=59190"},"modified":"2023-07-21T19:21:50","modified_gmt":"2023-07-22T00:21:50","slug":"la-militarizacion-hace-que-las-violencias-aumenten-esmeralda-arosemena-relatora-de-la-cidh","status":"publish","type":"post","link":"https:\/\/redsemlac.com\/semmexico\/la-militarizacion-hace-que-las-violencias-aumenten-esmeralda-arosemena-relatora-de-la-cidh\/","title":{"rendered":"La militarizaci\u00f3n hace que las violencias aumenten: Esmeralda Arosemena, relatora de la CIDH"},"content":{"rendered":"\n<figure class=\"wp-block-image size-large\"><a href=\"https:\/\/redsemlac.com\/semmexico\/wp-content\/uploads\/2022\/11\/militarizacion-02.jpg\"><img decoding=\"async\" src=\"https:\/\/redsemlac.com\/semmexico\/wp-content\/uploads\/2022\/11\/militarizacion-02-1024x576.jpg\" alt=\"\" class=\"wp-image-59192\"\/><\/a><\/figure>\n\n\n\n<p class=\"wp-block-paragraph\">La relatora para M\u00e9xico de la Comisi\u00f3n Interamericana de Derechos Humanos critica que las Fuerzas Armadas tengan m\u00e1s tareas asignadas<\/p>\n\n\n\n<p class=\"wp-block-paragraph\"><em>Alexis Ortiz *<\/em>&nbsp;<\/p>\n\n\n\n<p class=\"wp-block-paragraph\">SemM\u00e9xico, Ciudad de M\u00e9xico, 20 de noviembre, 2022.- A dos a\u00f1os de concluir su sexenio, la promesa del presidente Andr\u00e9s Manuel L\u00f3pez Obrador de pacificar el pa\u00eds \u201cest\u00e1 cuesta arriba\u201d, dice<strong>&nbsp;Esmeralda Arosemena<\/strong>, relatora para M\u00e9xico de la&nbsp;<strong>Comisi\u00f3n Interamericana de Derechos Humanos (CIDH)<\/strong>.<\/p>\n\n\n\n<p class=\"wp-block-paragraph\">La comisionada del organismo regional recalca que el n\u00famero de homicidios y feminicidios, aunado al n\u00famero de personas desaparecidas indican que hay una violencia en la sociedad y se debe atender las causas.<\/p>\n\n\n\n<p class=\"wp-block-paragraph\">Pero estas cifras no son lo que hacen pensar que M\u00e9xico est\u00e1 lejos de eliminar la violencia. La estrategia de seguridad encabezada por las<strong>&nbsp;Fuerzas Armadas<\/strong>&nbsp;es lo que, en opini\u00f3n de la relatora, impedir\u00e1 que nuestro pa\u00eds haya una pacificaci\u00f3n en corto tiempo.<\/p>\n\n\n\n<p class=\"wp-block-paragraph\">\u201cLas consecuencias de una militarizaci\u00f3n en muchas ocasiones es que, ya est\u00e1 probado, las violencias aumentan\u201d, se\u00f1ala Arosemena en una entrevista concedida a&nbsp;<strong><em>La-Lista<\/em><\/strong>.<\/p>\n\n\n\n<p class=\"wp-block-paragraph\"><strong>El Ej\u00e9rcito y la Marina&nbsp;<\/strong>han sido utilizados para el combate a grupos delictivos desde el 2006, una estrategia que inici\u00f3 con Felipe Calder\u00f3n y a la que dio continuidad Enrique Pe\u00f1a Nieto. Con Andr\u00e9s Manuel L\u00f3pez Obrador inici\u00f3 la creaci\u00f3n de la&nbsp;<strong>Guardia Nacional<\/strong>. El 79% de los integrantes de esa instituci\u00f3n, que en el papel tiene un car\u00e1cter \u201ccivil\u201d, en realidad provienen de las Fuerzas Armadas, de acuerdo con una&nbsp;<a href=\"http:\/\/gaceta.diputados.gob.mx\/PDF\/65\/2022\/ago\/20220831-III.pdf\" target=\"_blank\" rel=\"noreferrer noopener\">iniciativa<\/a>&nbsp;que AMLO present\u00f3 el 31 de agosto para que la Guardia sea transferida a la Secretar\u00eda de la Defensa Nacional (Sedena).<\/p>\n\n\n\n<p class=\"wp-block-paragraph\">La relatora para M\u00e9xico no solo cuestiona que las Fuerzas Armadas tengan un papel central en el combate a la delincuencia. Tambi\u00e9n critica que&nbsp;participen en obras p\u00fablicas y que dirijan instituciones que antes estaban reservadas para civiles.<\/p>\n\n\n\n<p class=\"wp-block-paragraph\">La reforma electoral propuesta por el presidente L\u00f3pez Obrador es otra preocupaci\u00f3n de Arosemena. Para ella es necesario que la iniciativa sea discutida por los y las mexicanas. \u201cToda modificaci\u00f3n al sistema electoral va a tener un impacto en la vida ciudadana\u201d, advierte.<\/p>\n\n\n\n<figure class=\"wp-block-embed is-type-video is-provider-youtube wp-block-embed-youtube wp-embed-aspect-16-9 wp-has-aspect-ratio\"><div class=\"wp-block-embed__wrapper\">\n<div class=\"youtube-embed\" data-video_id=\"Vj6vLE448CM\"><iframe loading=\"lazy\" title=\"La militarizaci\u00f3n de un pa\u00eds lo que provoca es m\u00e1s violencia: Esmeralda Arosemena\" width=\"696\" height=\"392\" src=\"https:\/\/www.youtube.com\/embed\/Vj6vLE448CM?feature=oembed&#038;enablejsapi=1\" frameborder=\"0\" allow=\"accelerometer; autoplay; clipboard-write; encrypted-media; gyroscope; picture-in-picture; web-share\" referrerpolicy=\"strict-origin-when-cross-origin\" allowfullscreen><\/iframe><\/div>\n<\/div><\/figure>\n\n\n\n<p class=\"wp-block-paragraph\"><strong>La-Lista (L-L): M\u00e9xico vive una crisis de violencia que busca atender con el Ej\u00e9rcito, \u00bfes la v\u00eda correcta?<\/strong><\/p>\n\n\n\n<p class=\"wp-block-paragraph\"><strong>Esmeralda Arosemena (EA):<\/strong>&nbsp;La&nbsp;<strong>militarizaci\u00f3n<\/strong>&nbsp;desde los est\u00e1ndares interamericanos implica una excepcionalidad para el abordaje de la seguridad ciudadana. \u00bfQu\u00e9 quiere decir esto? Que la militarizaci\u00f3n, es decir, la actuaci\u00f3n de las Fuerzas Armadas en las tareas civiles, las tareas de seguridad ciudadana, el est\u00e1ndar interamericano es que solo debe darse de una manera excepcional cuando haya una necesidad de urgencia que tiene que estar supervisada.<\/p>\n\n\n\n<p class=\"wp-block-paragraph\">En las distintas expresiones que he podido identificar, es la respuesta para combatir el crimen, pero cuando uno analiza hoy cu\u00e1ntas personas hay desaparecidas en M\u00e9xico, cu\u00e1ntos homicidios se producen en M\u00e9xico, entonces el propio&nbsp;<strong>caso Ayotzinapa&nbsp;<\/strong>hoy se tiene como evaluaci\u00f3n de que la participaci\u00f3n de las Fuerzas Armadas no asegura precisamente el combate al crimen, a la delincuencia.<\/p>\n\n\n\n<p class=\"wp-block-paragraph\"><strong>L-L \u00bfEs constitucional el uso de las Fuerzas Armadas en labores de seguridad?<\/strong><\/p>\n\n\n\n<p class=\"wp-block-paragraph\"><strong>EA<\/strong>: El sustento constitucional es que la seguridad ciudadana es una tarea de la guardia civil, por ponerlo en los t\u00e9rminos que plantea la Constituci\u00f3n. Las labores ciudadanas corresponden a una Guardia civil. \u00bfY por qu\u00e9 esto? \u00bfPor qu\u00e9 esta diferenciaci\u00f3n? Porque la propia esencia de una instituci\u00f3n como las Fuerzas Armadas, su surgimiento, su necesidad, est\u00e1 muy dirigida a objetivos de protecci\u00f3n de la soberan\u00eda del pa\u00eds, sus integrantes tienen una meta: combatir al enemigo y al enemigo hay que eliminarlo.<\/p>\n\n\n\n<p class=\"wp-block-paragraph\"><strong>L-L \u00bfQu\u00e9 consecuencias habr\u00eda por la militarizaci\u00f3n?<\/strong><\/p>\n\n\n\n<p class=\"wp-block-paragraph\"><strong>EA<\/strong>: Los efectos, las consecuencias de una militarizaci\u00f3n en muchas ocasiones es que, ya est\u00e1 probado, las violencias aumentan, los cr\u00edmenes aumentan.<\/p>\n\n\n\n<p class=\"wp-block-paragraph\">Hay que reforzar la polic\u00eda civil. No es que la polic\u00eda civil no pueda ser corrupta, s\u00ed lo puede ser (\u2026) entonces hay que prepararla.&nbsp; Yo creo que ese fue el primer plan del gobierno, reforzar la Guardia Nacional, pero hoy trasladar todo el poder a las Fuerzas Armadas no solo para asuntos de seguridad, sino para asuntos ciudadanos, dirigir una instituci\u00f3n, estar en una construcci\u00f3n, eso rompe los est\u00e1ndares.<\/p>\n\n\n\n<p class=\"wp-block-paragraph\"><strong>L-L \u00bfCu\u00e1ntos casos por violaciones a derechos humanos tiene la CIDH?<\/strong><\/p>\n\n\n\n<p class=\"wp-block-paragraph\"><strong>EA<\/strong>: Es una pregunta dif\u00edcil porque M\u00e9xico lo que s\u00ed s\u00e9 es que tiene una muy alta cartera de portafolio, es decir, un gran n\u00famero de casos, pero eso tiene una parte positiva, la parte positiva es que el ciudadano y la ciudadana mexicana conocen el sistema y utilizan el Sistema Interamericano para demandar los derechos.&nbsp;<\/p>\n\n\n\n<p class=\"wp-block-paragraph\">Para la comisi\u00f3n es una expresi\u00f3n de credibilidad en el Sistema Interamericano que est\u00e1 creado para eso, para que cuando en los estados la institucionalidad, los mecanismos de defensas hayan fallado, no funcionen, y haya violaciones, el ciudadano tenga un lugar a d\u00f3nde dirigirse internacionalmente.<\/p>\n\n\n\n<p class=\"wp-block-paragraph\"><strong>L-L \u00bfHa seguido la reforma electoral que est\u00e1 en discusi\u00f3n en M\u00e9xico?<\/strong><\/p>\n\n\n\n<p class=\"wp-block-paragraph\"><strong>EA<\/strong>: Los sistemas electorales, las instituciones electorales son fundamentales en la<strong>&nbsp;vida democr\u00e1tica<\/strong>&nbsp;de un pa\u00eds. Cuando hay necesidad \u2014porque todas las instituciones pueden tener en un momento dado necesidad de mejoras\u2014 estas medidas tienen que ser consultadas, la poblaci\u00f3n tiene que conocerlas.<\/p>\n\n\n\n<p class=\"wp-block-paragraph\">Toda modificaci\u00f3n al sistema electoral va a tener un impacto en la vida ciudadana y creo que eso implica para la propia instituci\u00f3n electoral esta responsabilidad de comunicarlo, de comentarlo, de abrir un debate. Igualmente, el parlamento, la asamblea, que al final de cuenta son los que producen el cambio normativo.<\/p>\n\n\n\n<p class=\"wp-block-paragraph\"><strong>L-L Un sector de M\u00e9xico dice que la autonom\u00eda del \u00f3rgano electoral est\u00e1 en riesgo, \u00bfes as\u00ed?<\/strong><\/p>\n\n\n\n<p class=\"wp-block-paragraph\"><strong>EA<\/strong>: Se propone un cambio en c\u00f3mo elegir consejeros y qui\u00e9nes votan para eso\u2026 eso tiene definitivamente un impacto en la independencia.&nbsp;<\/p>\n\n\n\n<p class=\"wp-block-paragraph\">Los tribunales electorales, las comisiones electorales, tienen que tener independencia. \u00bfToda la institucionalidad de un pa\u00eds para qu\u00e9 funciona? Funciona como frenos y contrapesos, las cosas no pueden estar, as\u00ed como que: \u201cBueno, es muy sabroso navegar sin olas\u201d. Hay que tener frenos y contrapesos para que la sociedad marche.<\/p>\n\n\n\n<p class=\"wp-block-paragraph\">*Publicado originalmente en La Lista<\/p>\n\n\n\n<p class=\"wp-block-paragraph\">Sem\/SL<\/p>\n","protected":false},"excerpt":{"rendered":"<p>La relatora para M\u00e9xico de la Comisi\u00f3n Interamericana de Derechos Humanos critica que las Fuerzas Armadas tengan m\u00e1s tareas asignadas<\/p>\n","protected":false},"author":3,"featured_media":59191,"comment_status":"open","ping_status":"open","sticky":false,"template":"","format":"standard","meta":{"_monsterinsights_skip_tracking":false,"footnotes":""},"categories":[693,64],"tags":[],"class_list":["post-59190","post","type-post","status-publish","format-standard","has-post-thumbnail","category-693","category-para-saber"],"_links":{"self":[{"href":"https:\/\/redsemlac.com\/semmexico\/wp-json\/wp\/v2\/posts\/59190","targetHints":{"allow":["GET"]}}],"collection":[{"href":"https:\/\/redsemlac.com\/semmexico\/wp-json\/wp\/v2\/posts"}],"about":[{"href":"https:\/\/redsemlac.com\/semmexico\/wp-json\/wp\/v2\/types\/post"}],"author":[{"embeddable":true,"href":"https:\/\/redsemlac.com\/semmexico\/wp-json\/wp\/v2\/users\/3"}],"replies":[{"embeddable":true,"href":"https:\/\/redsemlac.com\/semmexico\/wp-json\/wp\/v2\/comments?post=59190"}],"version-history":[{"count":0,"href":"https:\/\/redsemlac.com\/semmexico\/wp-json\/wp\/v2\/posts\/59190\/revisions"}],"wp:featuredmedia":[{"embeddable":true,"href":"https:\/\/redsemlac.com\/semmexico\/wp-json\/wp\/v2\/media\/59191"}],"wp:attachment":[{"href":"https:\/\/redsemlac.com\/semmexico\/wp-json\/wp\/v2\/media?parent=59190"}],"wp:term":[{"taxonomy":"category","embeddable":true,"href":"https:\/\/redsemlac.com\/semmexico\/wp-json\/wp\/v2\/categories?post=59190"},{"taxonomy":"post_tag","embeddable":true,"href":"https:\/\/redsemlac.com\/semmexico\/wp-json\/wp\/v2\/tags?post=59190"}],"curies":[{"name":"wp","href":"https:\/\/api.w.org\/{rel}","templated":true}]}}