{"id":5909,"date":"2019-04-11T01:21:38","date_gmt":"2019-04-11T01:21:38","guid":{"rendered":"https:\/\/redsemlac.com\/semmexico\/?p=5909"},"modified":"2023-07-21T14:48:13","modified_gmt":"2023-07-21T19:48:13","slug":"las-activistas-y-defensoras-de-los-derechos-de-las-mujeres-que-se-opusieron-a-la-desaparicion-del-instituto-jalisciense-de-las-mujeres-fueron-escuchadas","status":"publish","type":"post","link":"https:\/\/redsemlac.com\/semmexico\/las-activistas-y-defensoras-de-los-derechos-de-las-mujeres-que-se-opusieron-a-la-desaparicion-del-instituto-jalisciense-de-las-mujeres-fueron-escuchadas\/","title":{"rendered":"Las activistas y defensoras de los derechos de las mujeres que se opusieron a la desaparici\u00f3n del Instituto Jalisciense de las Mujeres fueron escuchadas."},"content":{"rendered":"\n<p class=\"wp-block-paragraph\"><a href=\"https:\/\/www.semmexico.com\/gallery-post.php?id=7865#\">Analy S. Nu\u00f1o<\/a><\/p>\n\n\n\n<p class=\"wp-block-paragraph\">SemM\u00e9xico, 11 de abril de 2019, Guadalajara, Jalisco.- Tras cuatro meses de&nbsp;debate&nbsp;en torno a la pol\u00edtica p\u00fablica en el tema de mujeres, el gobernador de Jalisco Enrique Alfaro Ram\u00edrez recul\u00f3, enmend\u00f3 su postura, atendi\u00f3 las observaciones y propuestas de activistas y feministas y ofreci\u00f3 disculpas.<\/p>\n\n\n\n<p class=\"wp-block-paragraph\">Las activistas y defensoras de los derechos de las mujeres que se opusieron a la&nbsp;desaparici\u00f3n del Instituto Jalisciense de las Mujeres&nbsp;fueron escuchadas y en coordinaci\u00f3n con el gobierno llegaron a un acuerdo para&nbsp;concretar la creaci\u00f3n de la Secretar\u00eda de Igualdad Sustantiva entre Mujeres y Hombres&nbsp;con perspectiva de g\u00e9nero y un verdadero fortalecimiento del Mecanismo de Adelanto para las Mujeres.<\/p>\n\n\n\n<p class=\"wp-block-paragraph\">As\u00ed, la&nbsp;Secretar\u00eda&nbsp;contar\u00e1 con dos subsecretar\u00edas,&nbsp;una&nbsp;para atender el acceso a las mujeres a una vida libre de violencia y otra para pol\u00edticas de igualdad de g\u00e9nero.&nbsp;Adem\u00e1s se&nbsp;crear\u00e1n&nbsp;direcciones estrat\u00e9gicas y se tendr\u00e1&nbsp;representaci\u00f3n en las 12 regiones del estado.&nbsp;<\/p>\n\n\n\n<p class=\"wp-block-paragraph\">Tambi\u00e9n se pretende contar&nbsp;con una Red de Informaci\u00f3n deViolencia contra las Mujeres,&nbsp;un sistema georeferenciado para detectar los focos rojos&nbsp;y un consejo de expertos.<\/p>\n\n\n\n<p class=\"wp-block-paragraph\">El presupuesto para la Secretar\u00eda ascender\u00e1 a&nbsp;180 millones de pesos asignados exclusivamente para la agenda de mujeres sumado a&nbsp;una bolsa de 46 millones de pesos&nbsp;para&nbsp;organizaciones de la sociedad civil&nbsp;que realizan programas para avanzar en la igualdad de g\u00e9nero.<\/p>\n\n\n\n<p class=\"wp-block-paragraph\">Al presentar el reglamento de&nbsp;la Secretar\u00eda de Igualdad Sustantiva entre Mujeres y Hombres y el Mecanismo de Adelanto para las Mujeres&nbsp;\u2013que ser\u00e1 publicado en el Peri\u00f3dico Oficial de Jalisco este s\u00e1bado,&nbsp;el gobernador ofreci\u00f3 una disculpa por las ofensas que pudo hacer durante la discusi\u00f3n de la desaparici\u00f3n del IJM.<\/p>\n\n\n\n<p class=\"wp-block-paragraph\">\u201cSi tengo que ofrecer una disculpa, si en alg\u00fan momento mis palabras ofendieron a alguien, lo hago porque es lo menos que puedo hacer y&nbsp;lo hago con mucho respeto&nbsp;y mi agradecimiento por no haber roto la posibilidad del di\u00e1logo\u201d, se\u00f1al\u00f3.<\/p>\n\n\n\n<p class=\"wp-block-paragraph\">Durante la presentaci\u00f3n estuvieron presentes representantes de ONG\u00b4s por la defensa de los derechos de las mujeres, activistas y feministas. Guadalupe Ramos Ponce, integrante de Cladem, reconoci\u00f3 la apertura del gobierno para dialogar aunque dej\u00f3 en claro que estar\u00e1n vigilando las acciones y el avance del MAM:<\/p>\n\n\n\n<p class=\"wp-block-paragraph\">Este d\u00eda adem\u00e1s&nbsp;se instal\u00f3 el grupo&nbsp;de trabajointerinstitucional para atender la Alerta de Violencia&nbsp;de G\u00e9nero contra las Mujeres&nbsp;-decretada&nbsp;a nivel federal el 28 de noviembre de 2018-, donde se reconoci\u00f3 que todos los temas en su nivel de avance est\u00e1n \u201cen proceso\u201d por lo que ser\u00e1 hasta mayo -fecha limite para presentar el informe, cuando se&nbsp;de cuenta del avance en los puntos establecidos en la alerta.<\/p>\n\n\n\n<p class=\"wp-block-paragraph\">Durante la reuni\u00f3n,&nbsp;la titular de la Comisi\u00f3n Nacional para Prevenir y Erradicar la Violencia contra las Mujeres (Conavim), Candelaria Ochoa&nbsp;dijo aunque&nbsp;esperar\u00e1 a la presentaci\u00f3n&nbsp;del informe,&nbsp;no puede&nbsp;dejar de hacer hincapi\u00e9los temas pendientes de atender en Jalisco.<\/p>\n\n\n\n<p class=\"wp-block-paragraph\">\u201cLos Centros de Justicia para las Mujeres que tienen un problema serio, en particular el de Puerto Vallarta que no est\u00e1 operando, y el de Guadalajara que tiene muchas dificultades, hemos planteado hacer visitas a los centros de justicia;&nbsp;lo del Banco Estatal de Datos, es muy importante que se invierta en el mismo porque hoy la realidad nos dice que s\u00f3lo hay 13 bancos estatales funcionando, entonces no tenemos datos nacionales y no tenemos los datos estatales, y el otro es que hay un mont\u00f3n de tareas pendientes en la Legislatura, por ejemplo, lo de abuso es violaci\u00f3n, ya se debe cambiar ese concepto, lo de matrimonio infantil debe desaparecer\u201d, refiri\u00f3.<\/p>\n\n\n\n<p class=\"wp-block-paragraph\">Entre los puntos se\u00f1alados en el decreto de AVGM&nbsp;que deber\u00e1n ser integrados en el informe&nbsp;destaca&nbsp;fortalecer al Instituto Jalisciense de Ciencias Forenses, dar seguimiento a las \u00f3rdenes de protecci\u00f3n de mujeres violentadas y&nbsp;aplicar&nbsp;la Norma 046 en materia de salud para v\u00edctimas de violencia sexual.<br><\/p>\n","protected":false},"excerpt":{"rendered":"<p>Analy S. Nu\u00f1o SemM\u00e9xico, 11 de abril de 2019, Guadalajara, Jalisco.- Tras cuatro meses de&nbsp;debate&nbsp;en torno a la pol\u00edtica p\u00fablica en el tema de mujeres, el gobernador de Jalisco Enrique Alfaro Ram\u00edrez recul\u00f3, enmend\u00f3 su postura, atendi\u00f3 las observaciones y propuestas de activistas y feministas y ofreci\u00f3 disculpas. Las activistas y defensoras de los derechos [&hellip;]<\/p>\n","protected":false},"author":3,"featured_media":5910,"comment_status":"open","ping_status":"open","sticky":false,"template":"","format":"standard","meta":{"_monsterinsights_skip_tracking":false,"footnotes":""},"categories":[690,51],"tags":[],"class_list":["post-5909","post","type-post","status-publish","format-standard","has-post-thumbnail","category-690","category-ejecutivo"],"_links":{"self":[{"href":"https:\/\/redsemlac.com\/semmexico\/wp-json\/wp\/v2\/posts\/5909","targetHints":{"allow":["GET"]}}],"collection":[{"href":"https:\/\/redsemlac.com\/semmexico\/wp-json\/wp\/v2\/posts"}],"about":[{"href":"https:\/\/redsemlac.com\/semmexico\/wp-json\/wp\/v2\/types\/post"}],"author":[{"embeddable":true,"href":"https:\/\/redsemlac.com\/semmexico\/wp-json\/wp\/v2\/users\/3"}],"replies":[{"embeddable":true,"href":"https:\/\/redsemlac.com\/semmexico\/wp-json\/wp\/v2\/comments?post=5909"}],"version-history":[{"count":0,"href":"https:\/\/redsemlac.com\/semmexico\/wp-json\/wp\/v2\/posts\/5909\/revisions"}],"wp:featuredmedia":[{"embeddable":true,"href":"https:\/\/redsemlac.com\/semmexico\/wp-json\/wp\/v2\/media\/5910"}],"wp:attachment":[{"href":"https:\/\/redsemlac.com\/semmexico\/wp-json\/wp\/v2\/media?parent=5909"}],"wp:term":[{"taxonomy":"category","embeddable":true,"href":"https:\/\/redsemlac.com\/semmexico\/wp-json\/wp\/v2\/categories?post=5909"},{"taxonomy":"post_tag","embeddable":true,"href":"https:\/\/redsemlac.com\/semmexico\/wp-json\/wp\/v2\/tags?post=5909"}],"curies":[{"name":"wp","href":"https:\/\/api.w.org\/{rel}","templated":true}]}}