{"id":5906,"date":"2019-04-11T15:51:43","date_gmt":"2019-04-11T15:51:43","guid":{"rendered":"https:\/\/redsemlac.com\/semmexico\/?p=5906"},"modified":"2023-07-21T14:48:12","modified_gmt":"2023-07-21T19:48:12","slug":"medica-cirujana-de-profesion","status":"publish","type":"post","link":"https:\/\/redsemlac.com\/semmexico\/medica-cirujana-de-profesion\/","title":{"rendered":"M\u00e9dica cirujana de profesi\u00f3n."},"content":{"rendered":"\n<p class=\"wp-block-paragraph\"><a href=\"https:\/\/www.semmexico.com\/gallery-post.php?id=7873#\">Redacci\u00f3n<\/a><\/p>\n\n\n\n<p class=\"wp-block-paragraph\">SemM\u00e9xico\/BillieParkerNoticias.com, Cd. de M\u00e9xico, 11 abril 2019.-La Comisaria General Patricia Rosalinda Trujillo, originaria del Puerto de Veracruz, fue designada como representante de la Polic\u00eda Federal en la Coordinaci\u00f3n Operativa Institucional de la Guardia Nacional y asumi\u00f3 el cargo con el compromiso de servir a la sociedad y a la patria.<\/p>\n\n\n\n<p class=\"wp-block-paragraph\">\u201cAsumo con compromiso y responsabilidad esta distinguida distinci\u00f3n al servicio de ustedes, mi comunidad, mi sociedad, a quien entrego con toda confianza los valores, la \u00e9tica, los principios, la fortaleza y el entusiasmo que me han sido forjados a lo largo de mi formaci\u00f3n\u201d.<\/p>\n\n\n\n<p class=\"wp-block-paragraph\">Con 12 doctorados, la Comisaria General Patricia Rosalinda Trujillo, m\u00e9dica cirujana ingres\u00f3 a la Polic\u00eda Federal el 16 de septiembre del a\u00f1o 2009.<\/p>\n\n\n\n<p class=\"wp-block-paragraph\">\u201cSoy m\u00e9dica cirujana, maestra en Medicina Forense. Poseo 12 doctorados, tres doctorados cursados en reeducaci\u00f3n y reinserci\u00f3n social, investigaci\u00f3n forense y ciencia de la conducta humana a nivel filos\u00f3fico y nueve doctorados honoris causa\u201d se\u00f1al\u00f3 en su presentaci\u00f3n ante la prensa.<\/p>\n\n\n\n<p class=\"wp-block-paragraph\">Durante la conferencia ma\u00f1anera de AMLO la Comisaria detall\u00f3 su experiencia y conocimiento en la materia en donde ha generado estudios en 34 diplomados.<\/p>\n\n\n\n<p class=\"wp-block-paragraph\">\u201cSoy autora de 28 libros, coautora de seis. He participado en la realizaci\u00f3n de planes, programas, proyectos y protocolos de actuaci\u00f3n y he desarrollado modelos homologados a nivel nacional que han generado la realizaci\u00f3n de nuevas competencias. Precursora en el \u00e1rea de la certificaci\u00f3n y acreditaci\u00f3n en el \u00e1mbito policial.<\/p>\n\n\n\n<p class=\"wp-block-paragraph\">Precis\u00f3 que es la primera mujer en ser distinguida con el cargo de jefa de divisi\u00f3n de la Divisi\u00f3n Cient\u00edfica de la cual es fundadora y ha realizado ex\u00e1menes de promoci\u00f3n de grados, siendo la primera mujer que obtuvo el grado de comisaria general.<\/p>\n\n\n\n<p class=\"wp-block-paragraph\">\u201cPoseo reconocimientos nacionales e internacionales. He sido miembro el Sistema Nacional de Investigadores, maestra Promed con perfil deseable nivel dos y orgullosamente mexicana\u201d.<\/p>\n\n\n\n<p class=\"wp-block-paragraph\">La veracruzana forma parte de la Coordinaci\u00f3n Operativa Institucional de la Guardia Nacional como Representante Polic\u00eda Federal junto a los representantes de la Semar: Gabriel Garc\u00eda Ch\u00e1vez de la Sedena: General de Brigada Xicot\u00e9catl N\u00fa\u00f1ez M\u00e1rquez, bajo el comando del general de Brigada Luis Rodr\u00edguez Bucio.<\/p>\n\n\n\n<p class=\"wp-block-paragraph\">La creaci\u00f3n de la Guardia Nacional ha generado controversia por ser un cuerpo militar de \u00e9lite con el que AMLO Presidente pretende combatir la violencia en M\u00e9xico.<\/p>\n\n\n\n<p class=\"wp-block-paragraph\">La pol\u00e9mica pol\u00edtica se origina porque L\u00f3pez Obrador se hab\u00eda comprometido en su campa\u00f1a presidencial a retirar a las fuerzas armadas de las calles.<\/p>\n\n\n\n<p class=\"wp-block-paragraph\">Pese a que se reform\u00f3 que los aspectos administrativos de la instituci\u00f3n quedar\u00e1n a cargo de la Secretar\u00eda de Seguridad P\u00fablica, para darle car\u00e1cter civil, tendr\u00e1 \u201cla disciplina, la jerarqu\u00eda y el escalaf\u00f3n propios de los institutos castrenses\u201d, como refiere la iniciativa y se ratifica con los nombramientos.<\/p>\n\n\n\n<p class=\"wp-block-paragraph\">Las organizaciones defensoras de los derechos humanos nacionales e internacionales se oponen a la militarizaci\u00f3n de M\u00e9xico.<\/p>\n\n\n\n<p class=\"wp-block-paragraph\">SEM\/BPN<\/p>\n","protected":false},"excerpt":{"rendered":"<p>Redacci\u00f3n SemM\u00e9xico\/BillieParkerNoticias.com, Cd. de M\u00e9xico, 11 abril 2019.-La Comisaria General Patricia Rosalinda Trujillo, originaria del Puerto de Veracruz, fue designada como representante de la Polic\u00eda Federal en la Coordinaci\u00f3n Operativa Institucional de la Guardia Nacional y asumi\u00f3 el cargo con el compromiso de servir a la sociedad y a la patria. \u201cAsumo con compromiso y [&hellip;]<\/p>\n","protected":false},"author":3,"featured_media":5907,"comment_status":"open","ping_status":"open","sticky":false,"template":"","format":"standard","meta":{"_monsterinsights_skip_tracking":false,"footnotes":""},"categories":[690,51],"tags":[],"class_list":["post-5906","post","type-post","status-publish","format-standard","has-post-thumbnail","category-690","category-ejecutivo"],"_links":{"self":[{"href":"https:\/\/redsemlac.com\/semmexico\/wp-json\/wp\/v2\/posts\/5906","targetHints":{"allow":["GET"]}}],"collection":[{"href":"https:\/\/redsemlac.com\/semmexico\/wp-json\/wp\/v2\/posts"}],"about":[{"href":"https:\/\/redsemlac.com\/semmexico\/wp-json\/wp\/v2\/types\/post"}],"author":[{"embeddable":true,"href":"https:\/\/redsemlac.com\/semmexico\/wp-json\/wp\/v2\/users\/3"}],"replies":[{"embeddable":true,"href":"https:\/\/redsemlac.com\/semmexico\/wp-json\/wp\/v2\/comments?post=5906"}],"version-history":[{"count":0,"href":"https:\/\/redsemlac.com\/semmexico\/wp-json\/wp\/v2\/posts\/5906\/revisions"}],"wp:featuredmedia":[{"embeddable":true,"href":"https:\/\/redsemlac.com\/semmexico\/wp-json\/wp\/v2\/media\/5907"}],"wp:attachment":[{"href":"https:\/\/redsemlac.com\/semmexico\/wp-json\/wp\/v2\/media?parent=5906"}],"wp:term":[{"taxonomy":"category","embeddable":true,"href":"https:\/\/redsemlac.com\/semmexico\/wp-json\/wp\/v2\/categories?post=5906"},{"taxonomy":"post_tag","embeddable":true,"href":"https:\/\/redsemlac.com\/semmexico\/wp-json\/wp\/v2\/tags?post=5906"}],"curies":[{"name":"wp","href":"https:\/\/api.w.org\/{rel}","templated":true}]}}