{"id":5897,"date":"2019-04-12T15:47:13","date_gmt":"2019-04-12T15:47:13","guid":{"rendered":"https:\/\/redsemlac.com\/semmexico\/?p=5897"},"modified":"2023-07-21T14:48:11","modified_gmt":"2023-07-21T19:48:11","slug":"se-revisaran-evaluaran-y-fiscalizaran-pues-hay-estados-con-alertas-con-cuatro-anos-como-la-del-estado-de-mexico-y-el-indice-de-violencia-contra-las-mujeres-no-disminuye","status":"publish","type":"post","link":"https:\/\/redsemlac.com\/semmexico\/se-revisaran-evaluaran-y-fiscalizaran-pues-hay-estados-con-alertas-con-cuatro-anos-como-la-del-estado-de-mexico-y-el-indice-de-violencia-contra-las-mujeres-no-disminuye\/","title":{"rendered":"Se revisar\u00e1n, evaluar\u00e1n y fiscalizar\u00e1n pues hay estados con Alertas con cuatro a\u00f1os como la del Estado de M\u00e9xico y el \u00edndice de violencia contra las mujeres no disminuye."},"content":{"rendered":"\n<p class=\"wp-block-paragraph\"><a href=\"https:\/\/www.semmexico.com\/gallery-post.php?id=7887#\">Elda Montiel<\/a><\/p>\n\n\n\n<p class=\"wp-block-paragraph\">SemM\u00e9xico. Cd. de M\u00e9xico. 12 de abril de 2019.- Actualmente tenemos 19 alertas declaradas y 12 solicitudes, pr\u00e1cticamente todo el pa\u00eds en Alerta de Violencia de G\u00e9nero, nada m\u00e1s nos falta un estado que es Baja California Sur, todos los dem\u00e1s tienen alerta de violencia de g\u00e9nero, si no solicitada, s\u00ed declarada.<\/p>\n\n\n\n<p class=\"wp-block-paragraph\">Es necesario modificarlas porque no funcionan, declar\u00f3 Candelaria Ochoa Avalos, titular de la Comisi\u00f3n Nacional para Prevenir y erradicar la Violencia contra las Mujeres (CONAVIM).<\/p>\n\n\n\n<p class=\"wp-block-paragraph\">Candelaria Ochoa, quien apenas el pasado mes de marzo fue nombrada comisionada, se\u00f1al\u00f3 que se requiere una evaluaci\u00f3n y fiscalizaci\u00f3n de este mecanismo en los estados donde est\u00e1 declarada para ver si hay avances y si se cumpli\u00f3 con los objetivos.<\/p>\n\n\n\n<p class=\"wp-block-paragraph\">La ex diputada federal ya hab\u00eda presentado en marzo del 2018 una iniciativa que ten\u00eda como objetivo eficientar dicho mecanismo a trav\u00e9s de una pol\u00edtica p\u00fablica transversal donde estuvieran involucrados los tres \u00f3rganos de gobierno; federal, estatal y municipal.&nbsp;&nbsp;&nbsp;<\/p>\n\n\n\n<p class=\"wp-block-paragraph\">Actualmente, ya como comisionada, se\u00f1al\u00f3 que los dos ejes importantes que tiene la CONAVIM son las Alertas de Violencia de G\u00e9nero y los Centros de Justicia para Mujeres que no operan debidamente y que se dan casos en que los espacios son utilizados para oficinas de otras dependencias por los sismos, y alert\u00f3 que podr\u00edan incurrir en desv\u00edo de recursos.&nbsp;<\/p>\n\n\n\n<p class=\"wp-block-paragraph\">Respecto a las Alertas de Violencia de G\u00e9nero, dijo que se revisar\u00e1n, evaluar\u00e1n y fiscalizar\u00e1n pues hay estados con Alertas con cuatro a\u00f1os como la del Estado de M\u00e9xico y el \u00edndice de violencia contra las mujeres no disminuye.<\/p>\n\n\n\n<p class=\"wp-block-paragraph\">Explic\u00f3 que el procedimiento actual de las alertas consiste en que los estados realizan un informe, el grupo interdisciplinario revisa y como son acad\u00e9micas, voluntarias, no pueden estar todo el tiempo en el lugar in situ y realmente lo que se necesita es darle seguimiento.<\/p>\n\n\n\n<p class=\"wp-block-paragraph\">La comisionada consider\u00f3 que se requiere la fiscalizaci\u00f3n de las Alertas y respecto a los Centros de Justicia inform\u00f3 que se va a convocar a un encuentro porque las fiscal\u00edas se desatienden de los casos de violencia y se los dejan a los centros que tienen poco personal.<\/p>\n\n\n\n<p class=\"wp-block-paragraph\">Respecto a&nbsp;reformar la Ley de Acceso de las Mujeres a una Vida Libre de Violencia propone homologar el delito de feminicidio con el C\u00f3digo Penal Federal.<\/p>\n\n\n\n<p class=\"wp-block-paragraph\">Cuando tom\u00f3 posesi\u00f3n, la psic\u00f3loga con maestr\u00eda en g\u00e9nero y pol\u00edticas p\u00fablicas, declar\u00f3 que&nbsp;la Conavim nunca m\u00e1s estar\u00e1 ausente de su responsabilidad en la pol\u00edtica para la atenci\u00f3n de la violencia de g\u00e9nero y que buscar\u00eda trabajar de la mano de organizaciones civiles y asegurarse que realmente la Comisi\u00f3n haga un trabajo nacional para atender la problem\u00e1tica de violencia de g\u00e9nero.&nbsp;<\/p>\n\n\n\n<p class=\"wp-block-paragraph\">Este a\u00f1o a la Conavim le fueron asignados 260.4 millones de pesos (mdp) de presupuesto, y la instancia tambi\u00e9n participar\u00e1 en el \u201cPlan de emergencia para garantizar la integridad, la seguridad y la vida de las mujeres y las ni\u00f1as en M\u00e9xico\u201d que present\u00f3 el presidente Andr\u00e9s Manuel L\u00f3pez Obrador.<br><\/p>\n","protected":false},"excerpt":{"rendered":"<p>Elda Montiel SemM\u00e9xico. Cd. de M\u00e9xico. 12 de abril de 2019.- Actualmente tenemos 19 alertas declaradas y 12 solicitudes, pr\u00e1cticamente todo el pa\u00eds en Alerta de Violencia de G\u00e9nero, nada m\u00e1s nos falta un estado que es Baja California Sur, todos los dem\u00e1s tienen alerta de violencia de g\u00e9nero, si no solicitada, s\u00ed declarada. Es [&hellip;]<\/p>\n","protected":false},"author":3,"featured_media":5898,"comment_status":"open","ping_status":"open","sticky":false,"template":"","format":"standard","meta":{"_monsterinsights_skip_tracking":false,"footnotes":""},"categories":[690,51],"tags":[],"class_list":["post-5897","post","type-post","status-publish","format-standard","has-post-thumbnail","category-690","category-ejecutivo"],"_links":{"self":[{"href":"https:\/\/redsemlac.com\/semmexico\/wp-json\/wp\/v2\/posts\/5897","targetHints":{"allow":["GET"]}}],"collection":[{"href":"https:\/\/redsemlac.com\/semmexico\/wp-json\/wp\/v2\/posts"}],"about":[{"href":"https:\/\/redsemlac.com\/semmexico\/wp-json\/wp\/v2\/types\/post"}],"author":[{"embeddable":true,"href":"https:\/\/redsemlac.com\/semmexico\/wp-json\/wp\/v2\/users\/3"}],"replies":[{"embeddable":true,"href":"https:\/\/redsemlac.com\/semmexico\/wp-json\/wp\/v2\/comments?post=5897"}],"version-history":[{"count":0,"href":"https:\/\/redsemlac.com\/semmexico\/wp-json\/wp\/v2\/posts\/5897\/revisions"}],"wp:featuredmedia":[{"embeddable":true,"href":"https:\/\/redsemlac.com\/semmexico\/wp-json\/wp\/v2\/media\/5898"}],"wp:attachment":[{"href":"https:\/\/redsemlac.com\/semmexico\/wp-json\/wp\/v2\/media?parent=5897"}],"wp:term":[{"taxonomy":"category","embeddable":true,"href":"https:\/\/redsemlac.com\/semmexico\/wp-json\/wp\/v2\/categories?post=5897"},{"taxonomy":"post_tag","embeddable":true,"href":"https:\/\/redsemlac.com\/semmexico\/wp-json\/wp\/v2\/tags?post=5897"}],"curies":[{"name":"wp","href":"https:\/\/api.w.org\/{rel}","templated":true}]}}