{"id":5894,"date":"2019-04-12T15:45:46","date_gmt":"2019-04-12T15:45:46","guid":{"rendered":"https:\/\/redsemlac.com\/semmexico\/?p=5894"},"modified":"2023-07-21T14:48:11","modified_gmt":"2023-07-21T19:48:11","slug":"se-deben-entender-condiciones-sociales-de-mujeres-que-deciden-abortar","status":"publish","type":"post","link":"https:\/\/redsemlac.com\/semmexico\/se-deben-entender-condiciones-sociales-de-mujeres-que-deciden-abortar\/","title":{"rendered":"Se deben entender condiciones sociales de mujeres que deciden abortar."},"content":{"rendered":"\n<p class=\"wp-block-paragraph\"><a href=\"https:\/\/www.semmexico.com\/gallery-post.php?id=7890#\">Analy S. Nu\u00f1o<\/a><\/p>\n\n\n\n<p class=\"wp-block-paragraph\">SemM\u00e9xico.&nbsp;Guadalajara, Jalisco.12 de abril de 2019.&nbsp;&#8211; &nbsp;La interrupci\u00f3n legal del embarazo en las primeras 12 semanas de gestaci\u00f3n debe ser despenalizada en todo el pa\u00eds&nbsp;para&nbsp;proteger principalmente a las mujeres m\u00e1s pobres que no pueden someterse a un aborto seguro y legal y son criminalizadas.<\/p>\n\n\n\n<p class=\"wp-block-paragraph\">Lo anterior lo se\u00f1al\u00f3 la titular de la&nbsp;Comisi\u00f3n Nacional para Prevenir y Erradicar la Violencia contra las Mujeres (CONAVIM), Candelaria Ochoa \u00c1valos&nbsp;en respuesta a la iniciativa impulsada por la bancada de Acci\u00f3n Nacional en Hidalgo que propone cambiar la pena de c\u00e1rcel por trabajo comunitario a las mujeres que decidan abortar.<\/p>\n\n\n\n<p class=\"wp-block-paragraph\">Tras manifestarse en contra de la penalizaci\u00f3n,&nbsp;Ochoa \u00c1valos&nbsp;refiri\u00f3 que los legisladores deben tener en cuenta las condiciones sociales de las mujeres que deciden someterse a un aborto pues&nbsp;son las m\u00e1s pobres,&nbsp;las que&nbsp;carecen de redes de apoyo y&nbsp;en muchas ocasiones las que son abandonadas por el hombre al momento de confirmar el embarazo.<\/p>\n\n\n\n<p class=\"wp-block-paragraph\">\u201cBueno primero yo estoy en contra de que el aborto se penalice, me parece que lo que tenemos que hacer es entender las condiciones de las mujeres, las mujeres que abortan son las m\u00e1s pobres y las que tienen menos redes sociales y no me refiero al Twitter o Facebook sino que no tienen redes sociales familiares y adem\u00e1s el otro elemento es que son abandonadas en cuanto dicen que est\u00e1n embarazadas, entonces hay que entender esas condiciones y hay que despenalizar\u201d.&nbsp;<\/p>\n\n\n\n<p class=\"wp-block-paragraph\">La comisionada nacional&nbsp;asever\u00f3 que est\u00e1&nbsp;en la misma sinton\u00eda que la secretaria de gobernaci\u00f3n,&nbsp;Olga S\u00e1nchez Codero en torno a que se debe despenalizar el aborto&nbsp;pueslas mujeres que est\u00e1n cumpliendo una condena por el delito de aborto son las m\u00e1s pobres en comparaci\u00f3n de&nbsp;aquellas que est\u00e1n otra posici\u00f3n social&nbsp;y pudieron&nbsp;acudir a la Ciudad de M\u00e9xico con mayor facilidad e incluso acceder a un defensor\u00eda legal en caso de&nbsp;haber sido&nbsp;se\u00f1aladas en una carpeta de investigaci\u00f3n.&nbsp;<\/p>\n\n\n\n<p class=\"wp-block-paragraph\">\u201cLas (mujeres) que est\u00e1n en la c\u00e1rcel son las m\u00e1s pobres, las que tenemos cierta condici\u00f3n econ\u00f3mica, cierta educaci\u00f3n, cierto trabajo, no estamos en la c\u00e1rcel, digo no lo&nbsp;digo por mi porque yo adem\u00e1s s\u00ed&nbsp;me he cuidado, pero muchas mujeres est\u00e1n en esa condici\u00f3n y pueden hacerlo sin problema\u201d.<\/p>\n\n\n\n<p class=\"wp-block-paragraph\">Refiri\u00f3 que&nbsp;la Ciudad de M\u00e9xico, \u00fanica entidad&nbsp;en&nbsp;donde se puede interrumpir un embarazo de forma legal,&nbsp;se ha convertido en un&nbsp;\u201crefugio\u201d&nbsp;para las mujeres&nbsp;que desean abortar&nbsp;puesto que&nbsp;cerca de la mitad de los abortos practicados en la Ciudad de M\u00e9xico son&nbsp;a mujeres provenientes de otros&nbsp;estados de la Rep\u00fablica.<\/p>\n\n\n\n<p class=\"wp-block-paragraph\">De acuerdo a cifras de la Secretar\u00eda de Salud de la Ciudad de M\u00e9xico, 194 mil mujeres han acudido a una cl\u00ednica&nbsp;de Salud Sexual y Reproductiva para realizarse una ILE. De \u00e9stas, el 97 por ciento son originarias de Ciudad de M\u00e9xico, Estado de M\u00e9xico, Puebla, Morelos, Quer\u00e9taro, Hidalgo, Jalisco, Veracruz, Michoac\u00e1n, Oaxaca y Guanajuato.<\/p>\n","protected":false},"excerpt":{"rendered":"<p>Analy S. Nu\u00f1o SemM\u00e9xico.&nbsp;Guadalajara, Jalisco.12 de abril de 2019.&nbsp;&#8211; &nbsp;La interrupci\u00f3n legal del embarazo en las primeras 12 semanas de gestaci\u00f3n debe ser despenalizada en todo el pa\u00eds&nbsp;para&nbsp;proteger principalmente a las mujeres m\u00e1s pobres que no pueden someterse a un aborto seguro y legal y son criminalizadas. Lo anterior lo se\u00f1al\u00f3 la titular de la&nbsp;Comisi\u00f3n [&hellip;]<\/p>\n","protected":false},"author":3,"featured_media":5895,"comment_status":"open","ping_status":"open","sticky":false,"template":"","format":"standard","meta":{"_monsterinsights_skip_tracking":false,"footnotes":""},"categories":[690,51],"tags":[],"class_list":["post-5894","post","type-post","status-publish","format-standard","has-post-thumbnail","category-690","category-ejecutivo"],"_links":{"self":[{"href":"https:\/\/redsemlac.com\/semmexico\/wp-json\/wp\/v2\/posts\/5894","targetHints":{"allow":["GET"]}}],"collection":[{"href":"https:\/\/redsemlac.com\/semmexico\/wp-json\/wp\/v2\/posts"}],"about":[{"href":"https:\/\/redsemlac.com\/semmexico\/wp-json\/wp\/v2\/types\/post"}],"author":[{"embeddable":true,"href":"https:\/\/redsemlac.com\/semmexico\/wp-json\/wp\/v2\/users\/3"}],"replies":[{"embeddable":true,"href":"https:\/\/redsemlac.com\/semmexico\/wp-json\/wp\/v2\/comments?post=5894"}],"version-history":[{"count":0,"href":"https:\/\/redsemlac.com\/semmexico\/wp-json\/wp\/v2\/posts\/5894\/revisions"}],"wp:featuredmedia":[{"embeddable":true,"href":"https:\/\/redsemlac.com\/semmexico\/wp-json\/wp\/v2\/media\/5895"}],"wp:attachment":[{"href":"https:\/\/redsemlac.com\/semmexico\/wp-json\/wp\/v2\/media?parent=5894"}],"wp:term":[{"taxonomy":"category","embeddable":true,"href":"https:\/\/redsemlac.com\/semmexico\/wp-json\/wp\/v2\/categories?post=5894"},{"taxonomy":"post_tag","embeddable":true,"href":"https:\/\/redsemlac.com\/semmexico\/wp-json\/wp\/v2\/tags?post=5894"}],"curies":[{"name":"wp","href":"https:\/\/api.w.org\/{rel}","templated":true}]}}