{"id":5888,"date":"2019-04-16T15:42:53","date_gmt":"2019-04-16T15:42:53","guid":{"rendered":"https:\/\/redsemlac.com\/semmexico\/?p=5888"},"modified":"2023-07-21T14:48:10","modified_gmt":"2023-07-21T19:48:10","slug":"el-primer-trimestre-del-2019-se-registro-un-total-de-9-feminicidios-en-todo-sinaloa","status":"publish","type":"post","link":"https:\/\/redsemlac.com\/semmexico\/el-primer-trimestre-del-2019-se-registro-un-total-de-9-feminicidios-en-todo-sinaloa\/","title":{"rendered":"El primer trimestre del 2019, se registr\u00f3 un total de 9 feminicidios en todo Sinaloa."},"content":{"rendered":"\n<p class=\"wp-block-paragraph\"><a href=\"https:\/\/www.semmexico.com\/gallery-post.php?id=7901#\">Redacci\u00f3n<\/a><\/p>\n\n\n\n<p class=\"wp-block-paragraph\">SemM\u00e9xico. Sinaloa.&nbsp; 16 de abril de 2019.- Al igual que la tendencia delictiva general observada en Sinaloa durante los \u00faltimos meses, los casos de feminicidios tambi\u00e9n est\u00e1n disminuyendo de manera importante y sostenida, se\u00f1al\u00f3 la Dra. Reyna Araceli Tirado G\u00e1lvez, Directora del Instituto Sinaloense de las Mujeres (ISMujeres).<\/p>\n\n\n\n<p class=\"wp-block-paragraph\">La Directora del ISMujeres refiri\u00f3 que, al concluir el pasado mes de marzo, al cierre del primer trimestre del 2019, se registr\u00f3 un total de 9 feminicidios en todo Sinaloa, contra los 11 casos que se acreditaron para el mismo periodo del a\u00f1o 2018. Esto implic\u00f3 una reducci\u00f3n del 18.18 por ciento.<\/p>\n\n\n\n<p class=\"wp-block-paragraph\">La Titular del ISMujeres coment\u00f3 que la declaratoria de Alerta de Violencia de G\u00e9nero contra las Mujeres se declar\u00f3 el 31 de marzo del 2017 y ha generado a la fecha valiosos resultados.<\/p>\n\n\n\n<p class=\"wp-block-paragraph\">Durante el primer trimestre de ese a\u00f1o 2017, el primero de la gesti\u00f3n del Gobernador Quirino Ordaz, se contabilizaron 22 feminicidios y ello, comparado con el primer trimestre del 2019, significa una sustancial disminuci\u00f3n del 59.09 por ciento. Falta mucho por hacer pero vamos en la direcci\u00f3n correcta, concluy\u00f3 la funcionaria estatal.<br><\/p>\n","protected":false},"excerpt":{"rendered":"<p>Redacci\u00f3n SemM\u00e9xico. Sinaloa.&nbsp; 16 de abril de 2019.- Al igual que la tendencia delictiva general observada en Sinaloa durante los \u00faltimos meses, los casos de feminicidios tambi\u00e9n est\u00e1n disminuyendo de manera importante y sostenida, se\u00f1al\u00f3 la Dra. Reyna Araceli Tirado G\u00e1lvez, Directora del Instituto Sinaloense de las Mujeres (ISMujeres). La Directora del ISMujeres refiri\u00f3 que, [&hellip;]<\/p>\n","protected":false},"author":3,"featured_media":5889,"comment_status":"open","ping_status":"open","sticky":false,"template":"","format":"standard","meta":{"_monsterinsights_skip_tracking":false,"footnotes":""},"categories":[690,51],"tags":[],"class_list":["post-5888","post","type-post","status-publish","format-standard","has-post-thumbnail","category-690","category-ejecutivo"],"_links":{"self":[{"href":"https:\/\/redsemlac.com\/semmexico\/wp-json\/wp\/v2\/posts\/5888","targetHints":{"allow":["GET"]}}],"collection":[{"href":"https:\/\/redsemlac.com\/semmexico\/wp-json\/wp\/v2\/posts"}],"about":[{"href":"https:\/\/redsemlac.com\/semmexico\/wp-json\/wp\/v2\/types\/post"}],"author":[{"embeddable":true,"href":"https:\/\/redsemlac.com\/semmexico\/wp-json\/wp\/v2\/users\/3"}],"replies":[{"embeddable":true,"href":"https:\/\/redsemlac.com\/semmexico\/wp-json\/wp\/v2\/comments?post=5888"}],"version-history":[{"count":0,"href":"https:\/\/redsemlac.com\/semmexico\/wp-json\/wp\/v2\/posts\/5888\/revisions"}],"wp:featuredmedia":[{"embeddable":true,"href":"https:\/\/redsemlac.com\/semmexico\/wp-json\/wp\/v2\/media\/5889"}],"wp:attachment":[{"href":"https:\/\/redsemlac.com\/semmexico\/wp-json\/wp\/v2\/media?parent=5888"}],"wp:term":[{"taxonomy":"category","embeddable":true,"href":"https:\/\/redsemlac.com\/semmexico\/wp-json\/wp\/v2\/categories?post=5888"},{"taxonomy":"post_tag","embeddable":true,"href":"https:\/\/redsemlac.com\/semmexico\/wp-json\/wp\/v2\/tags?post=5888"}],"curies":[{"name":"wp","href":"https:\/\/api.w.org\/{rel}","templated":true}]}}