{"id":5885,"date":"2019-04-16T15:41:06","date_gmt":"2019-04-16T15:41:06","guid":{"rendered":"https:\/\/redsemlac.com\/semmexico\/?p=5885"},"modified":"2023-07-21T14:48:10","modified_gmt":"2023-07-21T19:48:10","slug":"la-ocupacion-de-menores-de-edad-disminuyo-12-por-ciento-esto-significo-7-mil-970-ninas-ninos-y-adolescentes-menos-trabajando","status":"publish","type":"post","link":"https:\/\/redsemlac.com\/semmexico\/la-ocupacion-de-menores-de-edad-disminuyo-12-por-ciento-esto-significo-7-mil-970-ninas-ninos-y-adolescentes-menos-trabajando\/","title":{"rendered":"La ocupaci\u00f3n de menores de edad disminuy\u00f3 12 por ciento, esto signific\u00f3 7 mil 970 ni\u00f1as, ni\u00f1os y adolescentes menos trabajando."},"content":{"rendered":"\n<p class=\"wp-block-paragraph\"><a href=\"https:\/\/www.semmexico.com\/gallery-post.php?id=7902#\">Redacci\u00f3n<\/a><\/p>\n\n\n\n<p class=\"wp-block-paragraph\">SemM\u00e9xico. Hidalgo. 16 de abril de 2019.- Durante la Cuarta Sesi\u00f3n Ordinaria de la Comisi\u00f3n de Secretar\u00edas Ejecutivas de Protecci\u00f3n Integrales de los Sistemas Estatal y de los Municipios, la titular de la Secretar\u00eda del Trabajo y Previsi\u00f3n social de Hidalgo, Mar\u00eda de los \u00c1ngeles Eguiluz Tapia, present\u00f3 el Protocolo de Intervenci\u00f3n Interinstitucional: \u201cTrabajo Infantil en Sem\u00e1foros y Cruceros.\u201d<\/p>\n\n\n\n<p class=\"wp-block-paragraph\">Ante enlaces del Sistema Nacional de Protecci\u00f3n de Ni\u00f1as, Ni\u00f1os y Adolescentes (SIPINNA) de 54 municipios, la secretaria del trabajo explic\u00f3 que en el mes de noviembre en la Tercera y Cuarta Sesi\u00f3n Ordinaria de la Comisi\u00f3n Interinstitucional para la Erradicaci\u00f3n del Trabajo Infantil y Protecci\u00f3n de Adolescentes Trabajadores en Edad Permitida (CIETI) y derivado de distintas actividades y mesas de trabajo, se integr\u00f3 y se dio a conocer el Protocolo de Intervenci\u00f3n Interinstitucional: \u201cTrabajo Infantil en Sem\u00e1foros y Cruceros.\u201d<\/p>\n\n\n\n<p class=\"wp-block-paragraph\">Se acord\u00f3 una fase de prueba piloto en los municipios de Pachuca y Mineral de la Reforma, la cual tendr\u00eda una vigencia de tres meses con la finalidad de afinar los \u00faltimos detalles antes de su lanzamiento y socializaci\u00f3n, se\u00f1al\u00f3.<\/p>\n\n\n\n<p class=\"wp-block-paragraph\">La titular de la STPSH, explic\u00f3 que el protocolo consta de tres fases; la primera de detecci\u00f3n e intervenci\u00f3n de casos de ni\u00f1as, ni\u00f1os y adolescentes en situaci\u00f3n de trabajo infantil en sem\u00e1foros y cruceros.<\/p>\n\n\n\n<p class=\"wp-block-paragraph\">En una segunda fase, se realiza el seguimiento, a trav\u00e9s de programas y apoyos econ\u00f3micos y\/o sociales para los cuidadores de las ni\u00f1as, ni\u00f1os y adolescentes en situaci\u00f3n de trabajo infantil y como tercera fase la evaluaci\u00f3n y seguimiento en la atenci\u00f3n de ni\u00f1as, ni\u00f1os y adolescentes.<\/p>\n\n\n\n<p class=\"wp-block-paragraph\">La secretaria del trabajo abund\u00f3 en que durante la primera fase se da el mayor acercamiento con las ni\u00f1as, ni\u00f1os y adolescentes, a trav\u00e9s de las unidades de primer contacto acompa\u00f1adas con personal de seguridad p\u00fablica municipal y representantes de derechos humanos para brindar seguridad y certeza de que su actuaci\u00f3n no vulnera ning\u00fan derecho.<\/p>\n\n\n\n<p class=\"wp-block-paragraph\">En la segunda fase se abordar\u00e1 el entorno de las ni\u00f1as, ni\u00f1os y adolescentes, es decir, con sus padres, madres o cuidadores, con el fin de acercarles oportunidades de empleo o auto empleo, as\u00ed como diversos apoyos de programas sociales, seg\u00fan sea el caso, subray\u00f3. Mientras que la tercera fase corresponde al evaluaci\u00f3n y monitoreo de la efectividad de las acciones derivadas de la implementaci\u00f3n del protocolo.<\/p>\n\n\n\n<p class=\"wp-block-paragraph\">La titular de la STPSH, enfatiz\u00f3 que derivado de la pol\u00edtica transversal en el estado, la ocupaci\u00f3n de menores de edad disminuy\u00f3 12 por ciento, esto signific\u00f3 7 mil 970 ni\u00f1as, ni\u00f1os y adolescentes menos trabajando; con lo cual la entidad ocupa el d\u00e9cimo lugar a nivel nacional con mayor reducci\u00f3n de los menores ocupados de 2015 a 2017.<\/p>\n","protected":false},"excerpt":{"rendered":"<p>Redacci\u00f3n SemM\u00e9xico. Hidalgo. 16 de abril de 2019.- Durante la Cuarta Sesi\u00f3n Ordinaria de la Comisi\u00f3n de Secretar\u00edas Ejecutivas de Protecci\u00f3n Integrales de los Sistemas Estatal y de los Municipios, la titular de la Secretar\u00eda del Trabajo y Previsi\u00f3n social de Hidalgo, Mar\u00eda de los \u00c1ngeles Eguiluz Tapia, present\u00f3 el Protocolo de Intervenci\u00f3n Interinstitucional: \u201cTrabajo [&hellip;]<\/p>\n","protected":false},"author":3,"featured_media":5886,"comment_status":"open","ping_status":"open","sticky":false,"template":"","format":"standard","meta":{"_monsterinsights_skip_tracking":false,"footnotes":""},"categories":[690,51],"tags":[],"class_list":["post-5885","post","type-post","status-publish","format-standard","has-post-thumbnail","category-690","category-ejecutivo"],"_links":{"self":[{"href":"https:\/\/redsemlac.com\/semmexico\/wp-json\/wp\/v2\/posts\/5885","targetHints":{"allow":["GET"]}}],"collection":[{"href":"https:\/\/redsemlac.com\/semmexico\/wp-json\/wp\/v2\/posts"}],"about":[{"href":"https:\/\/redsemlac.com\/semmexico\/wp-json\/wp\/v2\/types\/post"}],"author":[{"embeddable":true,"href":"https:\/\/redsemlac.com\/semmexico\/wp-json\/wp\/v2\/users\/3"}],"replies":[{"embeddable":true,"href":"https:\/\/redsemlac.com\/semmexico\/wp-json\/wp\/v2\/comments?post=5885"}],"version-history":[{"count":0,"href":"https:\/\/redsemlac.com\/semmexico\/wp-json\/wp\/v2\/posts\/5885\/revisions"}],"wp:featuredmedia":[{"embeddable":true,"href":"https:\/\/redsemlac.com\/semmexico\/wp-json\/wp\/v2\/media\/5886"}],"wp:attachment":[{"href":"https:\/\/redsemlac.com\/semmexico\/wp-json\/wp\/v2\/media?parent=5885"}],"wp:term":[{"taxonomy":"category","embeddable":true,"href":"https:\/\/redsemlac.com\/semmexico\/wp-json\/wp\/v2\/categories?post=5885"},{"taxonomy":"post_tag","embeddable":true,"href":"https:\/\/redsemlac.com\/semmexico\/wp-json\/wp\/v2\/tags?post=5885"}],"curies":[{"name":"wp","href":"https:\/\/api.w.org\/{rel}","templated":true}]}}