{"id":5882,"date":"2019-04-16T15:39:31","date_gmt":"2019-04-16T15:39:31","guid":{"rendered":"https:\/\/redsemlac.com\/semmexico\/?p=5882"},"modified":"2023-07-21T14:48:10","modified_gmt":"2023-07-21T19:48:10","slug":"la-capacitacion-contiene-fundamentos-legales-instrumentos-normativos-y-tipos-de-generadores-de-violencia","status":"publish","type":"post","link":"https:\/\/redsemlac.com\/semmexico\/la-capacitacion-contiene-fundamentos-legales-instrumentos-normativos-y-tipos-de-generadores-de-violencia\/","title":{"rendered":"La capacitaci\u00f3n contiene fundamentos legales, instrumentos normativos y tipos de generadores de violencia."},"content":{"rendered":"\n<p class=\"wp-block-paragraph\"><a href=\"https:\/\/www.semmexico.com\/gallery-post.php?id=7903#\">Redacci\u00f3n<\/a><\/p>\n\n\n\n<p class=\"wp-block-paragraph\">SemM\u00e9xico. Morelos. 16 de abril de 2019.- La Comisi\u00f3n Estatal de Seguridad P\u00fablica (CES) inici\u00f3 el proceso de capacitaci\u00f3n a elementos del Mando Coordinado Polic\u00eda Morelos en los nuevos protocolos de actuaci\u00f3n ante una v\u00edctima de violencia de g\u00e9nero, con los cuales se busca atender y reducir los casos a nivel estatal.<\/p>\n\n\n\n<p class=\"wp-block-paragraph\">&nbsp;El comisionado estatal de Seguridad P\u00fablica, Vicealmirante Jos\u00e9 Antonio Ortiz Guarneros, refiri\u00f3 que es prioridad continuar con un ejercicio de profesionalizaci\u00f3n de los elementos, para facilitar una canalizaci\u00f3n efectiva de v\u00edctimas del delito de violencia de g\u00e9nero a centros de justicia para las mujeres o unidades especializadas.<\/p>\n\n\n\n<p class=\"wp-block-paragraph\">&nbsp;Asimismo, indic\u00f3 que los polic\u00edas comenzaron a recibir los protocolos de actuaci\u00f3n con respecto a los fundamentos legales que deben brindar a mujeres en situaci\u00f3n de violencia, instrumentos normativos y tipos de generadores de violencia.<\/p>\n\n\n\n<p class=\"wp-block-paragraph\">&nbsp;Ortiz Guarneros refiri\u00f3 que la Polic\u00eda de G\u00e9nero se encarg\u00f3 de distribuir estos documentos e imparti\u00f3 pl\u00e1ticas sobe las modalidades de la violencia contra las mujeres, para establecer acciones que atiendan, protejan y prevengan este flagelo.<\/p>\n\n\n\n<p class=\"wp-block-paragraph\">&nbsp;Finalmente, se\u00f1al\u00f3&nbsp; que aunado a la entrega de protocolos de actuaci\u00f3n en los municipios, la CES ha coordinado con la Comisi\u00f3n de Derechos Humanos y el Instituto de la Mujer para el Estado de Morelos, diferentes cursos para los elementos, a fin de contar con una corporaci\u00f3n m\u00e1s capacitada y acorde a las actuales disposiciones legales.<br><\/p>\n","protected":false},"excerpt":{"rendered":"<p>Redacci\u00f3n SemM\u00e9xico. Morelos. 16 de abril de 2019.- La Comisi\u00f3n Estatal de Seguridad P\u00fablica (CES) inici\u00f3 el proceso de capacitaci\u00f3n a elementos del Mando Coordinado Polic\u00eda Morelos en los nuevos protocolos de actuaci\u00f3n ante una v\u00edctima de violencia de g\u00e9nero, con los cuales se busca atender y reducir los casos a nivel estatal. &nbsp;El comisionado [&hellip;]<\/p>\n","protected":false},"author":3,"featured_media":5883,"comment_status":"open","ping_status":"open","sticky":false,"template":"","format":"standard","meta":{"_monsterinsights_skip_tracking":false,"footnotes":""},"categories":[690,51],"tags":[],"class_list":["post-5882","post","type-post","status-publish","format-standard","has-post-thumbnail","category-690","category-ejecutivo"],"_links":{"self":[{"href":"https:\/\/redsemlac.com\/semmexico\/wp-json\/wp\/v2\/posts\/5882","targetHints":{"allow":["GET"]}}],"collection":[{"href":"https:\/\/redsemlac.com\/semmexico\/wp-json\/wp\/v2\/posts"}],"about":[{"href":"https:\/\/redsemlac.com\/semmexico\/wp-json\/wp\/v2\/types\/post"}],"author":[{"embeddable":true,"href":"https:\/\/redsemlac.com\/semmexico\/wp-json\/wp\/v2\/users\/3"}],"replies":[{"embeddable":true,"href":"https:\/\/redsemlac.com\/semmexico\/wp-json\/wp\/v2\/comments?post=5882"}],"version-history":[{"count":0,"href":"https:\/\/redsemlac.com\/semmexico\/wp-json\/wp\/v2\/posts\/5882\/revisions"}],"wp:featuredmedia":[{"embeddable":true,"href":"https:\/\/redsemlac.com\/semmexico\/wp-json\/wp\/v2\/media\/5883"}],"wp:attachment":[{"href":"https:\/\/redsemlac.com\/semmexico\/wp-json\/wp\/v2\/media?parent=5882"}],"wp:term":[{"taxonomy":"category","embeddable":true,"href":"https:\/\/redsemlac.com\/semmexico\/wp-json\/wp\/v2\/categories?post=5882"},{"taxonomy":"post_tag","embeddable":true,"href":"https:\/\/redsemlac.com\/semmexico\/wp-json\/wp\/v2\/tags?post=5882"}],"curies":[{"name":"wp","href":"https:\/\/api.w.org\/{rel}","templated":true}]}}