{"id":58810,"date":"2022-11-13T23:28:02","date_gmt":"2022-11-14T05:28:02","guid":{"rendered":"https:\/\/redsemlac.com\/semmexico\/?p=58810"},"modified":"2023-07-21T19:21:11","modified_gmt":"2023-07-22T00:21:11","slug":"miles-de-mujeres-se-unieron-a-la-protesta-nacional-en-defensa-del-ine","status":"publish","type":"post","link":"https:\/\/redsemlac.com\/semmexico\/miles-de-mujeres-se-unieron-a-la-protesta-nacional-en-defensa-del-ine\/","title":{"rendered":"Miles de Mujeres se unieron a la protesta nacional en defensa del INE"},"content":{"rendered":"\n<p class=\"has-text-align-center has-small-font-size wp-block-paragraph\" style=\"font-style:normal;font-weight:100\">Fotograf\u00eda tomada por Lizbeth Alvarez<\/p>\n\n\n\n<p class=\"wp-block-paragraph\">En una protesta variopinta, interclasista, de todas las edades la defensa por la democracia<\/p>\n\n\n\n<p class=\"wp-block-paragraph\">Se realizaron 63 protestas simult\u00e1neas en el mismo n\u00famero de ciudades del pa\u00eds para advertir al presidente Andr\u00e9s Manuel L\u00f3pez Obrador a que no puede afectar la democracia construida en tres d\u00e9cadas<\/p>\n\n\n\n<figure class=\"wp-block-image size-large\"><img loading=\"lazy\" decoding=\"async\" width=\"918\" height=\"689\" src=\"https:\/\/redsemlac.com\/semmexico\/wp-content\/uploads\/2022\/11\/Screenshot_20221113_215209_com.google.android.apps_.docs_.editors.docs_edit_21568819601395.jpg\" alt=\"\" class=\"wp-image-58813\"\/><\/figure>\n\n\n\n<figure class=\"wp-block-image size-large\"><img decoding=\"async\" src=\"https:\/\/redsemlac.com\/semmexico\/wp-content\/uploads\/2022\/11\/Screenshot_20221113_215211_com.google.android.apps_.docs_.editors.docs_edit_21671125056067-885x1024.jpg\" alt=\"\" class=\"wp-image-58814\"\/><\/figure>\n\n\n\n<figure class=\"wp-block-image size-large\"><img decoding=\"async\" src=\"https:\/\/redsemlac.com\/semmexico\/wp-content\/uploads\/2022\/11\/Screenshot_20221113_215214_com.google.android.apps_.docs_.editors.docs_edit_21697505007105-705x1024.jpg\" alt=\"\" class=\"wp-image-58815\"\/><\/figure>\n\n\n\n<figure class=\"wp-block-image size-large\"><img decoding=\"async\" src=\"https:\/\/redsemlac.com\/semmexico\/wp-content\/uploads\/2022\/11\/Screenshot_20221113_215218_com.google.android.apps_.docs_.editors.docs_edit_21749256730534-630x1024.jpg\" alt=\"\" class=\"wp-image-58816\"\/><\/figure>\n\n\n\n<p class=\"wp-block-paragraph\">La marcha por la defensa del INE, se replic\u00f3 en m\u00e1s de 63 ciudades en el pa\u00eds, con participaci\u00f3n de mil a 20 mil participantes. En la Ciudad de M\u00e9xico, el c\u00e1lculo con conocimiento de Guillermo Vald\u00e9s \u2013es jefe de Inteligencia de la Secretar\u00eda de Gobernaci\u00f3n \u2013 calcul\u00f3 160 mil participantes.<br>Hubo protestas en 4 distintos pa\u00edses, en las embajadas de M\u00e9xico, por ejemplo, en Espa\u00f1a.<br>Las protestas interclasistas, con hombres, mujeres, ni\u00f1as, ni\u00f1os. En la Ciudad de M\u00e9xico miles de personas mayores de 50 a\u00f1os; destacaron las mujeres de lugares como Iztapalapa, Tecamachalco, las alcald\u00edas de Miguel Hidalgo, Cuauht\u00e9moc, Benito Ju\u00e1rez, Tlalpan, Gustavo A. Madero y otras.<br>Las m\u00e1s contundentes, las mujeres. Y aunque los medios de comunicaci\u00f3n destacaron palabras, entrevistas o im\u00e1genes de \u201cpersonalidades\u201d o pol\u00edticos o pol\u00edticas, como dirigentes que se conocen, como los de los partidos, la inmensa protesta lo que tuvo fue ciudadanas y ciudadanos, muchas y muchos j\u00f3venes; los atuendos color de rosa \u2013el color del INE \u2013 en todo el recorrido fue el distintivo; algunos militantes de partidos si se mostraron, pero al uno por ciento. Tambi\u00e9n menudearon, much\u00edsimas banderas nacionales y adem\u00e1s de las consignas, se enton\u00f3 en varios momentos el Himno Nacional. Estas caracter\u00edsticas, de tal vez medio mill\u00f3n de personas en la capital del pa\u00eds, mostraron la salida a las calles de una masa ciudadana, que mostr\u00f3 su oposici\u00f3n a la propuesta del partido oficial, encabezada por el presidente de la Rep\u00fablica, de afectar, disminuir, eliminar la autonom\u00eda y el trabajo del Instituto Nacional Electoral, el resultado m\u00e1s acabado de un proceso de lucha de 30 a\u00f1os, por derribar el mandato de un partido \u00fanico, oficialista y autoritario. Asunto que esta administraci\u00f3n quiere repetir.<\/p>\n\n\n\n<p class=\"wp-block-paragraph\">Las fotograf\u00edas fueron tomadas por el equipo de SemM\u00e9xico y mujeres feministas que decidieron marchar.<\/p>\n\n\n\n<p class=\"wp-block-paragraph\">CIUDAD DE M\u00c9XICO INSTANT\u00c1NEAS<\/p>\n\n\n\n<figure class=\"wp-block-gallery has-nested-images columns-default is-cropped wp-block-gallery-1 is-layout-flex wp-block-gallery-is-layout-flex\">\n<figure class=\"wp-block-image size-large\"><a href=\"https:\/\/redsemlac.com\/semmexico\/wp-content\/uploads\/2022\/11\/insta-01.jpg\"><img loading=\"lazy\" decoding=\"async\" width=\"900\" height=\"506\" data-id=\"58818\" src=\"https:\/\/redsemlac.com\/semmexico\/wp-content\/uploads\/2022\/11\/insta-01.jpg\" alt=\"\" class=\"wp-image-58818\"\/><\/a><\/figure>\n\n\n\n<figure class=\"wp-block-image size-large\"><a href=\"https:\/\/redsemlac.com\/semmexico\/wp-content\/uploads\/2022\/11\/insta-02.jpg\"><img decoding=\"async\" data-id=\"58822\" src=\"https:\/\/redsemlac.com\/semmexico\/wp-content\/uploads\/2022\/11\/insta-02-1024x768.jpg\" alt=\"\" class=\"wp-image-58822\"\/><\/a><\/figure>\n\n\n\n<figure class=\"wp-block-image size-large\"><a href=\"https:\/\/redsemlac.com\/semmexico\/wp-content\/uploads\/2022\/11\/insta-03-rotated.jpg\"><img decoding=\"async\" data-id=\"58821\" src=\"https:\/\/redsemlac.com\/semmexico\/wp-content\/uploads\/2022\/11\/insta-03-768x1024.jpg\" alt=\"\" class=\"wp-image-58821\"\/><\/a><\/figure>\n\n\n\n<figure class=\"wp-block-image size-large\"><a href=\"https:\/\/redsemlac.com\/semmexico\/wp-content\/uploads\/2022\/11\/insta-04-rotated.jpg\"><img decoding=\"async\" data-id=\"58823\" src=\"https:\/\/redsemlac.com\/semmexico\/wp-content\/uploads\/2022\/11\/insta-04-768x1024.jpg\" alt=\"\" class=\"wp-image-58823\"\/><\/a><\/figure>\n\n\n\n<figure class=\"wp-block-image size-large\"><a href=\"https:\/\/redsemlac.com\/semmexico\/wp-content\/uploads\/2022\/11\/insta-05-rotated.jpg\"><img decoding=\"async\" data-id=\"58824\" src=\"https:\/\/redsemlac.com\/semmexico\/wp-content\/uploads\/2022\/11\/insta-05-768x1024.jpg\" alt=\"\" class=\"wp-image-58824\"\/><\/a><\/figure>\n\n\n\n<figure class=\"wp-block-image size-large\"><a href=\"https:\/\/redsemlac.com\/semmexico\/wp-content\/uploads\/2022\/11\/insta-06-rotated.jpg\"><img decoding=\"async\" data-id=\"58820\" src=\"https:\/\/redsemlac.com\/semmexico\/wp-content\/uploads\/2022\/11\/insta-06-768x1024.jpg\" alt=\"\" class=\"wp-image-58820\"\/><\/a><\/figure>\n\n\n\n<figure class=\"wp-block-image size-large\"><a href=\"https:\/\/redsemlac.com\/semmexico\/wp-content\/uploads\/2022\/11\/insta-07.jpg\"><img decoding=\"async\" data-id=\"58819\" src=\"https:\/\/redsemlac.com\/semmexico\/wp-content\/uploads\/2022\/11\/insta-07-1024x414.jpg\" alt=\"\" class=\"wp-image-58819\"\/><\/a><\/figure>\n<\/figure>\n\n\n\n<figure class=\"wp-block-video\"><video height=\"352\" style=\"aspect-ratio: 640 \/ 352;\" width=\"640\" controls src=\"https:\/\/redsemlac.com\/semmexico\/wp-content\/uploads\/2022\/11\/VID-20221113-WA0006.mp4\"><\/video><\/figure>\n\n\n\n<figure class=\"wp-block-video\"><video height=\"640\" style=\"aspect-ratio: 352 \/ 640;\" width=\"352\" controls src=\"https:\/\/redsemlac.com\/semmexico\/wp-content\/uploads\/2022\/11\/VID-20221113-WA0007.mp4\"><\/video><\/figure>\n\n\n\n<figure class=\"wp-block-video\"><video height=\"640\" style=\"aspect-ratio: 352 \/ 640;\" width=\"352\" controls src=\"https:\/\/redsemlac.com\/semmexico\/wp-content\/uploads\/2022\/11\/VID-20221113-WA0008.mp4\"><\/video><\/figure>\n\n\n\n<figure class=\"wp-block-video\"><video height=\"640\" style=\"aspect-ratio: 352 \/ 640;\" width=\"352\" controls src=\"https:\/\/redsemlac.com\/semmexico\/wp-content\/uploads\/2022\/11\/VID-20221113-WA0009.mp4\"><\/video><\/figure>\n\n\n\n<figure class=\"wp-block-video\"><video height=\"640\" style=\"aspect-ratio: 352 \/ 640;\" width=\"352\" controls src=\"https:\/\/redsemlac.com\/semmexico\/wp-content\/uploads\/2022\/11\/VID-20221113-WA0010.mp4\"><\/video><\/figure>\n\n\n\n<figure class=\"wp-block-video\"><video height=\"352\" style=\"aspect-ratio: 640 \/ 352;\" width=\"640\" controls src=\"https:\/\/redsemlac.com\/semmexico\/wp-content\/uploads\/2022\/11\/VID-20221113-WA0011.mp4\"><\/video><\/figure>\n\n\n\n<figure class=\"wp-block-video\"><video height=\"352\" style=\"aspect-ratio: 640 \/ 352;\" width=\"640\" controls src=\"https:\/\/redsemlac.com\/semmexico\/wp-content\/uploads\/2022\/11\/VID-20221113-WA0012.mp4\"><\/video><\/figure>\n\n\n\n<p class=\"wp-block-paragraph\">Morelia, Michoac\u00e1n<\/p>\n\n\n\n<figure class=\"wp-block-image size-full\"><a href=\"https:\/\/redsemlac.com\/semmexico\/wp-content\/uploads\/2022\/11\/insta-mich01.jpg\"><img loading=\"lazy\" decoding=\"async\" width=\"702\" height=\"919\" src=\"https:\/\/redsemlac.com\/semmexico\/wp-content\/uploads\/2022\/11\/insta-mich01.jpg\" alt=\"\" class=\"wp-image-58839\"\/><\/a><\/figure>\n\n\n\n<figure class=\"wp-block-video\"><video height=\"480\" style=\"aspect-ratio: 848 \/ 480;\" width=\"848\" controls src=\"https:\/\/redsemlac.com\/semmexico\/wp-content\/uploads\/2022\/11\/VID-20221113-WA0013.mp4\"><\/video><\/figure>\n\n\n\n<p class=\"wp-block-paragraph\">Oaxaca<\/p>\n\n\n\n<figure class=\"wp-block-gallery has-nested-images columns-default is-cropped wp-block-gallery-2 is-layout-flex wp-block-gallery-is-layout-flex\">\n<figure class=\"wp-block-image size-large\"><a href=\"https:\/\/redsemlac.com\/semmexico\/wp-content\/uploads\/2022\/11\/insta-oax-01.jpg\"><img decoding=\"async\" data-id=\"58837\" src=\"https:\/\/redsemlac.com\/semmexico\/wp-content\/uploads\/2022\/11\/insta-oax-01-768x1024.jpg\" alt=\"\" class=\"wp-image-58837\"\/><\/a><\/figure>\n\n\n\n<figure class=\"wp-block-image size-large\"><a href=\"https:\/\/redsemlac.com\/semmexico\/wp-content\/uploads\/2022\/11\/insta-oax-02.jpg\"><img decoding=\"async\" data-id=\"58838\" src=\"https:\/\/redsemlac.com\/semmexico\/wp-content\/uploads\/2022\/11\/insta-oax-02-1024x768.jpg\" alt=\"\" class=\"wp-image-58838\"\/><\/a><\/figure>\n<\/figure>\n\n\n\n<figure class=\"wp-block-video\"><video height=\"352\" style=\"aspect-ratio: 640 \/ 352;\" width=\"640\" controls src=\"https:\/\/redsemlac.com\/semmexico\/wp-content\/uploads\/2022\/11\/VID-20221113-WA0004.mp4\"><\/video><\/figure>\n\n\n\n<p class=\"wp-block-paragraph\">Colima<\/p>\n\n\n\n<figure class=\"wp-block-video\"><video height=\"480\" style=\"aspect-ratio: 848 \/ 480;\" width=\"848\" controls src=\"https:\/\/redsemlac.com\/semmexico\/wp-content\/uploads\/2022\/11\/VID-20221113-WA0005.mp4\"><\/video><\/figure>\n\n\n\n<p class=\"wp-block-paragraph\">Xalapa, Veracruz<\/p>\n\n\n\n<figure class=\"wp-block-embed is-type-rich is-provider-twitter wp-block-embed-twitter\"><div class=\"wp-block-embed__wrapper\">\n<blockquote class=\"twitter-tweet\" data-width=\"550\" data-dnt=\"true\"><p lang=\"es\" dir=\"ltr\">Que les quede muy claro ! <br><br>Miles de jalape\u00f1os coreamos: <br><br>\u201cNo se\u00f1or , <a href=\"https:\/\/twitter.com\/hashtag\/ElINENoSeToca?src=hash&amp;ref_src=twsrc%5Etfw\">#ElINENoSeToca<\/a> \u201c<br><br>Xalapa , Veracuz <a href=\"https:\/\/t.co\/Xn5MQJgUaH\">pic.twitter.com\/Xn5MQJgUaH<\/a><\/p>&mdash; Mireya Toto Gtz (@mitoguti) <a href=\"https:\/\/twitter.com\/mitoguti\/status\/1591949505619894274?ref_src=twsrc%5Etfw\">November 14, 2022<\/a><\/blockquote><script async src=\"https:\/\/platform.twitter.com\/widgets.js\" charset=\"utf-8\"><\/script>\n<\/div><\/figure>\n","protected":false},"excerpt":{"rendered":"<p>Se realizaron 63 protestas simult\u00e1neas en el mismo n\u00famero de ciudades del pa\u00eds para advertir al presidente Andr\u00e9s Manuel L\u00f3pez Obradora que no puede afectar la democracia construida en tres d\u00e9cadas<\/p>\n","protected":false},"author":3,"featured_media":58808,"comment_status":"open","ping_status":"open","sticky":false,"template":"","format":"standard","meta":{"_monsterinsights_skip_tracking":false,"footnotes":""},"categories":[693,54],"tags":[149],"class_list":["post-58810","post","type-post","status-publish","format-standard","has-post-thumbnail","category-693","category-mujeres","tag-mujeres"],"_links":{"self":[{"href":"https:\/\/redsemlac.com\/semmexico\/wp-json\/wp\/v2\/posts\/58810","targetHints":{"allow":["GET"]}}],"collection":[{"href":"https:\/\/redsemlac.com\/semmexico\/wp-json\/wp\/v2\/posts"}],"about":[{"href":"https:\/\/redsemlac.com\/semmexico\/wp-json\/wp\/v2\/types\/post"}],"author":[{"embeddable":true,"href":"https:\/\/redsemlac.com\/semmexico\/wp-json\/wp\/v2\/users\/3"}],"replies":[{"embeddable":true,"href":"https:\/\/redsemlac.com\/semmexico\/wp-json\/wp\/v2\/comments?post=58810"}],"version-history":[{"count":0,"href":"https:\/\/redsemlac.com\/semmexico\/wp-json\/wp\/v2\/posts\/58810\/revisions"}],"wp:featuredmedia":[{"embeddable":true,"href":"https:\/\/redsemlac.com\/semmexico\/wp-json\/wp\/v2\/media\/58808"}],"wp:attachment":[{"href":"https:\/\/redsemlac.com\/semmexico\/wp-json\/wp\/v2\/media?parent=58810"}],"wp:term":[{"taxonomy":"category","embeddable":true,"href":"https:\/\/redsemlac.com\/semmexico\/wp-json\/wp\/v2\/categories?post=58810"},{"taxonomy":"post_tag","embeddable":true,"href":"https:\/\/redsemlac.com\/semmexico\/wp-json\/wp\/v2\/tags?post=58810"}],"curies":[{"name":"wp","href":"https:\/\/api.w.org\/{rel}","templated":true}]}}