{"id":58805,"date":"2022-11-13T21:29:57","date_gmt":"2022-11-14T03:29:57","guid":{"rendered":"https:\/\/redsemlac.com\/semmexico\/?p=58805"},"modified":"2023-07-21T19:21:11","modified_gmt":"2023-07-22T00:21:11","slug":"por-lo-menos-600-mil-asistentes-segun-ex-director-del-cisen","status":"publish","type":"post","link":"https:\/\/redsemlac.com\/semmexico\/por-lo-menos-600-mil-asistentes-segun-ex-director-del-cisen\/","title":{"rendered":"Por lo menos 600 mil asistentes seg\u00fan ex director del CISEN"},"content":{"rendered":"\n<p class=\"wp-block-paragraph\">SemM\u00e9xico, Ciudad de M\u00e9xico, 13 de noviembre, 2022. &#8211; Seg\u00fan los cualculos del ex director del CISEN, Guillermo Vald\u00e9s Castellanos, la asisistencia a la marcha fu\u00e9 no menos a seis cientos mil asistentes, calculando el largo y ancho de la misma, aqu\u00eddejamos las consideraciones.<\/p>\n\n\n\n<p class=\"wp-block-paragraph\">\u201cC\u00e1lculo de asistencia a la marcha en defensa del INE. Entre la glorieta de la Diana al monumento a la revoluci\u00f3n son 4 kil\u00f3metros. Cuatro mil metros lineales.<\/p>\n\n\n\n<p class=\"wp-block-paragraph\">El ancho de los carriles de Reforma m\u00e1s las banquetas son alrededor de 40 metros.<br \/><\/p>\n\n\n\n<p class=\"wp-block-paragraph\">Si multiplicamos 4 mil por 40 son 160 mil metros cuadrados. Si estimamos cuatro gentes por metro cuadrado tendremos 640 mil marchantes\u201d.<\/p>\n\n\n\n<figure class=\"wp-block-gallery has-nested-images columns-default is-cropped wp-block-gallery-1 is-layout-flex wp-block-gallery-is-layout-flex\">\n\n<figure class=\"wp-block-image size-large\"><img decoding=\"async\" data-id=\"58797\" src=\"https:\/\/redsemlac.com\/semmexico\/wp-content\/uploads\/2022\/11\/marcha-ine_05-1024x576-1-300x169.jpg\" alt=\"\" class=\"wp-image-58797\"\/><\/figure>\n\n\n<figure class=\"wp-block-image size-large\"><img decoding=\"async\" data-id=\"58798\" src=\"https:\/\/redsemlac.com\/semmexico\/wp-content\/uploads\/2022\/11\/marcha-ine_15-1024x576-1-300x169.jpg\" alt=\"\" class=\"wp-image-58798\"\/><\/figure>\n\n\n<figure class=\"wp-block-image size-large\"><img decoding=\"async\" data-id=\"58799\" src=\"https:\/\/redsemlac.com\/semmexico\/wp-content\/uploads\/2022\/11\/marcha-ine_07-1024x576-1-300x169.jpg\" alt=\"\" class=\"wp-image-58799\"\/><\/figure>\n\n\n<figure class=\"wp-block-image size-large\"><img decoding=\"async\" data-id=\"58802\" src=\"https:\/\/redsemlac.com\/semmexico\/wp-content\/uploads\/2022\/11\/marcha-ine_04-576x1024-1-169x300.jpg\" alt=\"\" class=\"wp-image-58802\"\/><\/figure>\n\n\n<figure class=\"wp-block-image size-large\"><img decoding=\"async\" data-id=\"58800\" src=\"https:\/\/redsemlac.com\/semmexico\/wp-content\/uploads\/2022\/11\/marcha-ine_3-682x1024-1-200x300.jpeg\" alt=\"\" class=\"wp-image-58800\"\/><\/figure>\n\n\n<figure class=\"wp-block-image size-large\"><img decoding=\"async\" data-id=\"58801\" src=\"https:\/\/redsemlac.com\/semmexico\/wp-content\/uploads\/2022\/11\/marcha-ine_5-769x1024-1-225x300.jpeg\" alt=\"\" class=\"wp-image-58801\"\/><\/figure>\n\n\n<figure class=\"wp-block-image size-large\"><img decoding=\"async\" data-id=\"58804\" src=\"https:\/\/redsemlac.com\/semmexico\/wp-content\/uploads\/2022\/11\/marcha-ine_1-576x1024-1-169x300.jpeg\" alt=\"\" class=\"wp-image-58804\"\/><\/figure>\n\n\n<figure class=\"wp-block-image size-large\"><img decoding=\"async\" data-id=\"58803\" src=\"https:\/\/redsemlac.com\/semmexico\/wp-content\/uploads\/2022\/11\/marcha-ine_01-1024x576-1-300x169.jpg\" alt=\"\" class=\"wp-image-58803\"\/><\/figure>\n\n<\/figure>\n\n\n\n<p class=\"wp-block-paragraph\"><\/p>\n","protected":false},"excerpt":{"rendered":"<p>Seg\u00fan los cualculos del ex difrector del CISEN, Guillermo Vald\u00e9s Castellanos, la asisistencia a la marcha fu\u00e9 no menos a seis cientos mil asistentes, calculando el largo y ancho de la misma, aqu\u00eddejamos las consideraciones.<\/p>\n","protected":false},"author":3,"featured_media":58796,"comment_status":"open","ping_status":"open","sticky":false,"template":"","format":"standard","meta":{"_monsterinsights_skip_tracking":false,"footnotes":""},"categories":[693,54],"tags":[],"class_list":["post-58805","post","type-post","status-publish","format-standard","has-post-thumbnail","category-693","category-mujeres"],"_links":{"self":[{"href":"https:\/\/redsemlac.com\/semmexico\/wp-json\/wp\/v2\/posts\/58805","targetHints":{"allow":["GET"]}}],"collection":[{"href":"https:\/\/redsemlac.com\/semmexico\/wp-json\/wp\/v2\/posts"}],"about":[{"href":"https:\/\/redsemlac.com\/semmexico\/wp-json\/wp\/v2\/types\/post"}],"author":[{"embeddable":true,"href":"https:\/\/redsemlac.com\/semmexico\/wp-json\/wp\/v2\/users\/3"}],"replies":[{"embeddable":true,"href":"https:\/\/redsemlac.com\/semmexico\/wp-json\/wp\/v2\/comments?post=58805"}],"version-history":[{"count":0,"href":"https:\/\/redsemlac.com\/semmexico\/wp-json\/wp\/v2\/posts\/58805\/revisions"}],"wp:featuredmedia":[{"embeddable":true,"href":"https:\/\/redsemlac.com\/semmexico\/wp-json\/wp\/v2\/media\/58796"}],"wp:attachment":[{"href":"https:\/\/redsemlac.com\/semmexico\/wp-json\/wp\/v2\/media?parent=58805"}],"wp:term":[{"taxonomy":"category","embeddable":true,"href":"https:\/\/redsemlac.com\/semmexico\/wp-json\/wp\/v2\/categories?post=58805"},{"taxonomy":"post_tag","embeddable":true,"href":"https:\/\/redsemlac.com\/semmexico\/wp-json\/wp\/v2\/tags?post=58805"}],"curies":[{"name":"wp","href":"https:\/\/api.w.org\/{rel}","templated":true}]}}