{"id":5879,"date":"2019-04-16T15:38:07","date_gmt":"2019-04-16T15:38:07","guid":{"rendered":"https:\/\/redsemlac.com\/semmexico\/?p=5879"},"modified":"2023-07-21T14:48:10","modified_gmt":"2023-07-21T19:48:10","slug":"tan-solo-entre-enero-y-febrero-de-este-ano-el-observatorio-universitario-de-violencias-contra-las-mujeres-de-la-universidad-veracruzana-documento-47-mujeres-y-ninas-que-desaparecieron","status":"publish","type":"post","link":"https:\/\/redsemlac.com\/semmexico\/tan-solo-entre-enero-y-febrero-de-este-ano-el-observatorio-universitario-de-violencias-contra-las-mujeres-de-la-universidad-veracruzana-documento-47-mujeres-y-ninas-que-desaparecieron\/","title":{"rendered":"Tan solo entre enero y febrero de este a\u00f1o, el Observatorio Universitario de Violencias contra las Mujeres de la Universidad Veracruzana, document\u00f3 47 mujeres y ni\u00f1as que desaparecieron."},"content":{"rendered":"\n<p class=\"wp-block-paragraph\"><a href=\"https:\/\/www.semmexico.com\/gallery-post.php?id=7906#\">Ana Alicia Osorio,<\/a><\/p>\n\n\n\n<p class=\"wp-block-paragraph\">SemM\u00e9xico\/Testigo P\u00farpura. Veracruz. 16 de abril de 2019.- \u201cSi aparece ya nada m\u00e1s rompan los papeles y no pasa nada\u201d, le dijeron en la Fiscal\u00eda General del Estado a la mam\u00e1 de Yoselin cuando present\u00f3 la denuncia por su desaparici\u00f3n.<\/p>\n\n\n\n<p class=\"wp-block-paragraph\">La joven fue localizada por unos familiares, pero ahora la se\u00f1ora no sabe si debe regresar a reportarlo para que se cierre la denuncia y cese la \u201cb\u00fasqueda\u201d o hacerle caso a la Fiscal que tom\u00f3 su denuncia.<\/p>\n\n\n\n<p class=\"wp-block-paragraph\">Aunque Yoselin es menor de edad en un estado con Alerta de Violencia de G\u00e9nero, ning\u00fan protocolo fue activado para buscarla.<\/p>\n\n\n\n<p class=\"wp-block-paragraph\">En el estado de Veracruz, existe el Protocolo Alba que son los pasos que se deben seguir cuando una mujer o ni\u00f1a desaparecen. Pero esos pasos no se est\u00e1n cumpliendo.<\/p>\n\n\n\n<p class=\"wp-block-paragraph\">De acuerdo con la respuesta a una solicitud de informaci\u00f3n, desde el 30 noviembre que existe el protocolo y hasta marzo, la Fiscal\u00eda General del Estado lo activ\u00f3 en 33 ocasiones. De esas 19 mujeres o ni\u00f1as contin\u00faan desaparecidas.<\/p>\n\n\n\n<p class=\"wp-block-paragraph\">El Protocolo debe ser activado cada vez que una mujer o ni\u00f1a desaparece y tienen noticia del hecho (por cualquier medio), sin importar que no exista denuncia.<\/p>\n\n\n\n<p class=\"wp-block-paragraph\">Cuando eso sucede la FGE debe emitir una ficha de b\u00fasqueda (salvo que exista alg\u00fan factor que genere riesgo), la cual se distribuye en diferentes medios y dependencias, entre ellos el Instituto Veracruzano de las Mujeres.<\/p>\n\n\n\n<p class=\"wp-block-paragraph\">Sin embargo, a fecha del 20 de febrero del 2019 (cuando la FGE reporta al menos 19 activaciones), el IVM report\u00f3 que no hab\u00eda ning\u00fan bolet\u00edn de b\u00fasqueda, es decir que hasta esa fecha se estaba incumpliendo.<\/p>\n\n\n\n<p class=\"wp-block-paragraph\"><strong>Las fallas en el Protocolo<\/strong><\/p>\n\n\n\n<p class=\"wp-block-paragraph\">\u201cLa informaci\u00f3n es inexistente ya que a la fecha de la solicitud la Fiscal\u00eda General del Estado, no ha emitido ning\u00fan bolet\u00edn de b\u00fasqueda a solicitud de la activaci\u00f3n del Protocolo por parte de alguna autoridad (\u2026) por lo tanto no se ha realizado ninguna acci\u00f3n de las cuales el Instituto es responsable\u201d, se\u00f1ala el IVM en respuesta a solicitud de informaci\u00f3n.<\/p>\n\n\n\n<p class=\"wp-block-paragraph\">La primera ocasi\u00f3n en que se emiti\u00f3 una ficha de b\u00fasqueda en las redes sociales del Instituto fue el 15 de marzo, con un documento generado por la FGE donde la fotograf\u00eda es blanco y negro y de muy baja calidad.<\/p>\n\n\n\n<p class=\"wp-block-paragraph\">El Protocolo Alba fue acatado en Veracruz como parte de las recomendaciones de la Alerta de Violencia de G\u00e9nero (demoraron dos a\u00f1os en ponerlo en marcha) y entre sus principios es que el bolet\u00edn debe ser difundido en redes sociales de todas las dependencias involucradas, pero tambi\u00e9n en centrales de autobuses, aeropuertos, casetas, etc\u00e9tera.<\/p>\n\n\n\n<p class=\"wp-block-paragraph\">De esa manera el personal y la misma poblaci\u00f3n apoya en la b\u00fasqueda inmediata para aumentar la posibilidad de localizar a la desaparecida con vida.<\/p>\n\n\n\n<p class=\"wp-block-paragraph\">El Protocolo es independiente de la Alerta \u00c1mber, una ficha de b\u00fasqueda para menores de edad de cualquier sexo. Por ello se podr\u00edan activar ambos en caso de ser necesario, pero en Veracruz se difunden Alertas \u00c1mber sin que haya fichas del Protocolo.<\/p>\n\n\n\n<p class=\"wp-block-paragraph\">Adela Oca\u00f1a, Maricarmen Guti\u00e9rrez, Danna Mart\u00ednez, son algunas adolescentes que contin\u00faan desaparecidas (seg\u00fan la Alerta \u00c1mber) pero cuyas fichas de b\u00fasqueda como parte del Protocolo Alba no han sido publicadas y se desconoce si el resto de las acciones como buscarlas de manera inmediata, revisar r\u00e1pidamente sus aparatos electr\u00f3nicos, verificar c\u00e1maras, entre otras.<\/p>\n\n\n\n<p class=\"wp-block-paragraph\">En otros casos, como el de Yoselin no hubo ninguna de las dos. Su mam\u00e1 y familiares fueron quienes hicieron la b\u00fasqueda.<\/p>\n\n\n\n<p class=\"wp-block-paragraph\"><strong>Diferencia de cifras<\/strong><\/p>\n\n\n\n<p class=\"wp-block-paragraph\">Tan solo entre enero y febrero de este a\u00f1o, el Observatorio Universitario de Violencias contra las Mujeres de la Universidad Veracruzana, document\u00f3 47 mujeres y ni\u00f1as que desaparecieron.<\/p>\n\n\n\n<p class=\"wp-block-paragraph\">De ellas, seg\u00fan el propio observatorio 25 permanecen sin ser localizadas, tres fueron encontradas muertas y el resto con vida.<\/p>\n\n\n\n<p class=\"wp-block-paragraph\">Sin embargo, las cifras difieren con la Fiscal\u00eda, quienes entre enero y febrero activaron solamente 28 Protocolo Alba, es decir habr\u00eda ese n\u00famero de mujeres desaparecidas puesto que tienen que hacerlo en todos los casos.<\/p>\n\n\n\n<p class=\"wp-block-paragraph\">De esas 17 permanecen como desaparecidas, mientras que el resto (11) fueron localizadas.<\/p>\n\n\n\n<p class=\"wp-block-paragraph\">Es decir, las cifras var\u00edan de forma importante entre lo documentado por el Observatorio y las oficiales.<br><\/p>\n","protected":false},"excerpt":{"rendered":"<p>Ana Alicia Osorio, SemM\u00e9xico\/Testigo P\u00farpura. Veracruz. 16 de abril de 2019.- \u201cSi aparece ya nada m\u00e1s rompan los papeles y no pasa nada\u201d, le dijeron en la Fiscal\u00eda General del Estado a la mam\u00e1 de Yoselin cuando present\u00f3 la denuncia por su desaparici\u00f3n. La joven fue localizada por unos familiares, pero ahora la se\u00f1ora no [&hellip;]<\/p>\n","protected":false},"author":3,"featured_media":5880,"comment_status":"open","ping_status":"open","sticky":false,"template":"","format":"standard","meta":{"_monsterinsights_skip_tracking":false,"footnotes":""},"categories":[690,51],"tags":[],"class_list":["post-5879","post","type-post","status-publish","format-standard","has-post-thumbnail","category-690","category-ejecutivo"],"_links":{"self":[{"href":"https:\/\/redsemlac.com\/semmexico\/wp-json\/wp\/v2\/posts\/5879","targetHints":{"allow":["GET"]}}],"collection":[{"href":"https:\/\/redsemlac.com\/semmexico\/wp-json\/wp\/v2\/posts"}],"about":[{"href":"https:\/\/redsemlac.com\/semmexico\/wp-json\/wp\/v2\/types\/post"}],"author":[{"embeddable":true,"href":"https:\/\/redsemlac.com\/semmexico\/wp-json\/wp\/v2\/users\/3"}],"replies":[{"embeddable":true,"href":"https:\/\/redsemlac.com\/semmexico\/wp-json\/wp\/v2\/comments?post=5879"}],"version-history":[{"count":0,"href":"https:\/\/redsemlac.com\/semmexico\/wp-json\/wp\/v2\/posts\/5879\/revisions"}],"wp:featuredmedia":[{"embeddable":true,"href":"https:\/\/redsemlac.com\/semmexico\/wp-json\/wp\/v2\/media\/5880"}],"wp:attachment":[{"href":"https:\/\/redsemlac.com\/semmexico\/wp-json\/wp\/v2\/media?parent=5879"}],"wp:term":[{"taxonomy":"category","embeddable":true,"href":"https:\/\/redsemlac.com\/semmexico\/wp-json\/wp\/v2\/categories?post=5879"},{"taxonomy":"post_tag","embeddable":true,"href":"https:\/\/redsemlac.com\/semmexico\/wp-json\/wp\/v2\/tags?post=5879"}],"curies":[{"name":"wp","href":"https:\/\/api.w.org\/{rel}","templated":true}]}}