{"id":58787,"date":"2022-11-13T19:59:09","date_gmt":"2022-11-14T01:59:09","guid":{"rendered":"https:\/\/redsemlac.com\/semmexico\/?p=58787"},"modified":"2023-07-21T19:21:11","modified_gmt":"2023-07-22T00:21:11","slug":"manifestacion-ciudadana-nos-debe-llamar-a-la-reflexion-serena-ricardo-monreal","status":"publish","type":"post","link":"https:\/\/redsemlac.com\/semmexico\/manifestacion-ciudadana-nos-debe-llamar-a-la-reflexion-serena-ricardo-monreal\/","title":{"rendered":"Manifestaci\u00f3n ciudadana nos debe llamar a la reflexi\u00f3n serena: Ricardo Monreal"},"content":{"rendered":"\n<p class=\"wp-block-paragraph\">Pide Ricardo Monreal evitar polarizaci\u00f3n ante el debate de la reforma electoral<br>Expresiones ciudadanas que hoy se manifestaron nos deben llamar a la reflexi\u00f3n serena, afirma<br><\/p>\n\n\n\n<p class=\"wp-block-paragraph\">SemM\u00e9xico, Ciudad de M\u00e9xico, 13 de noviembre, 2022.- El coordinador de Morena en el Senado de la Rep\u00fablica, Ricardo Monreal \u00c1vila, escribi\u00f3 en sus redes sociales despu\u00e9s de las 4 de la tarde:<br>Las expresiones ciudadanas que hoy se manifestaron nos deben llamar a la reflexi\u00f3n serena. A nadie deben extra\u00f1ar ni menos ofender; es la democracia y es la libertad. Es el M\u00e9xico vivo.<br><\/p>\n\n\n\n<p class=\"wp-block-paragraph\">El viernes pidi\u00f3 no caer en la polarizaci\u00f3n ante el debate de la reforma electoral e inst\u00f3 a emplear el di\u00e1logo, ya que es fundamental es para construir una democracia.<br><\/p>\n\n\n\n<p class=\"wp-block-paragraph\">Fue en una video columna del viernes donde el senador indic\u00f3 que el debate y la discusi\u00f3n en las pr\u00f3ximas semanas seguramente va a generarse con pasi\u00f3n entre los integrantes de este \u00f3rgano legislativo.<br><\/p>\n\n\n\n<p class=\"wp-block-paragraph\">El l\u00edder de la mayor\u00eda legislativa en el Senado invit\u00f3 a continuar con el debate, cada uno con su raz\u00f3n y sus argumentos; <\/p>\n\n\n\n<p class=\"wp-block-paragraph\">\u201cno con insultos, no con diatriba\u201d.<br><\/p>\n\n\n\n<p class=\"wp-block-paragraph\">Se\u00f1al\u00f3 que esta semana tuvo una serie de contradicciones y polarizaci\u00f3n sobre la reforma electoral entre quienes est\u00e1n en favor y quienes no lo est\u00e1n, la cual se significar\u00e1 con una marcha que habr\u00e1n de hacer quienes est\u00e1n protegiendo o defendiendo al Instituto Nacional Electoral.<br><\/p>\n\n\n\n<p class=\"wp-block-paragraph\">\u201cPero, en la marcha convocada, &#8211; de miles en 63 ciudades- me parece que es normal que se haga, quienes no coinciden con la reforma\u201d, dijo el legislador.<br><\/p>\n\n\n\n<p class=\"wp-block-paragraph\">Agreg\u00f3 siempre se mantendr\u00e1 como defensor de la libertad de expresi\u00f3n y de manifestaci\u00f3n.<br><\/p>\n\n\n\n<p class=\"wp-block-paragraph\">Agreg\u00f3 que la libertad de opini\u00f3n, la libertad de expresi\u00f3n, la libertad de imprenta, la libertad de manifestaci\u00f3n, son garant\u00edas individuales consagradas en la parte dogm\u00e1tica de nuestra Constituci\u00f3n.<br>\u201cHay que respetarlas; no pasa nada. Que se expresen, se manifiesten y vayan a usar el Z\u00f3calo, me parece normal\u201d.<\/p>\n\n\n\n<p class=\"wp-block-paragraph\">Monreal \u00c1vila record\u00f3 que las y los integrantes de Morena han salido a expresarse a las calles en muchas ocasiones, ya que, incluso \u00e9l mismo, en su vida p\u00fablica como opositor, tiene en su haber m\u00e1s de 100 marchas en las que particip\u00f3.<br><\/p>\n\n\n\n<p class=\"wp-block-paragraph\">\u201cY a pesar de que me descalificaban, o algunos medios me criticaban por asistir a ellas o por las causas que me motivaba asistir a ellas, casi todas acompa\u00f1ando al presidente L\u00f3pez Obrador o a las causas que nuestro movimiento sosten\u00eda y sostiene.<\/p>\n","protected":false},"excerpt":{"rendered":"<p>Pide Ricardo Monreal evitar polarizaci\u00f3n ante el debate de la reforma electoral<\/p>\n","protected":false},"author":3,"featured_media":58786,"comment_status":"open","ping_status":"open","sticky":false,"template":"","format":"standard","meta":{"_monsterinsights_skip_tracking":false,"footnotes":""},"categories":[693,50],"tags":[],"class_list":["post-58787","post","type-post","status-publish","format-standard","has-post-thumbnail","category-693","category-congreso"],"_links":{"self":[{"href":"https:\/\/redsemlac.com\/semmexico\/wp-json\/wp\/v2\/posts\/58787","targetHints":{"allow":["GET"]}}],"collection":[{"href":"https:\/\/redsemlac.com\/semmexico\/wp-json\/wp\/v2\/posts"}],"about":[{"href":"https:\/\/redsemlac.com\/semmexico\/wp-json\/wp\/v2\/types\/post"}],"author":[{"embeddable":true,"href":"https:\/\/redsemlac.com\/semmexico\/wp-json\/wp\/v2\/users\/3"}],"replies":[{"embeddable":true,"href":"https:\/\/redsemlac.com\/semmexico\/wp-json\/wp\/v2\/comments?post=58787"}],"version-history":[{"count":0,"href":"https:\/\/redsemlac.com\/semmexico\/wp-json\/wp\/v2\/posts\/58787\/revisions"}],"wp:featuredmedia":[{"embeddable":true,"href":"https:\/\/redsemlac.com\/semmexico\/wp-json\/wp\/v2\/media\/58786"}],"wp:attachment":[{"href":"https:\/\/redsemlac.com\/semmexico\/wp-json\/wp\/v2\/media?parent=58787"}],"wp:term":[{"taxonomy":"category","embeddable":true,"href":"https:\/\/redsemlac.com\/semmexico\/wp-json\/wp\/v2\/categories?post=58787"},{"taxonomy":"post_tag","embeddable":true,"href":"https:\/\/redsemlac.com\/semmexico\/wp-json\/wp\/v2\/tags?post=58787"}],"curies":[{"name":"wp","href":"https:\/\/api.w.org\/{rel}","templated":true}]}}