{"id":58780,"date":"2022-11-13T19:22:54","date_gmt":"2022-11-14T01:22:54","guid":{"rendered":"https:\/\/redsemlac.com\/semmexico\/?p=58780"},"modified":"2023-07-21T19:21:12","modified_gmt":"2023-07-22T00:21:12","slug":"marchan-en-oaxaca","status":"publish","type":"post","link":"https:\/\/redsemlac.com\/semmexico\/marchan-en-oaxaca\/","title":{"rendered":"Marchan en Oaxaca"},"content":{"rendered":"\n<p class=\"wp-block-paragraph\">SemM\u00e9xico, Oaxaca, 13 de noviembre, 2022.- #ElINENoSeToca. Democracia s\u00ed, dictadura no. M\u00e9xico unido jam\u00e1s ser\u00e1 vencido. Todos de la mano, el INE es ciudadano. El INE no se vende, el INE se defiende \u00a1M\u00e9xico, M\u00e9xico!<\/p>\n\n\n\n<p class=\"wp-block-paragraph\">Pri\u00edstas y panistas, fundamentalmente, y poco involucrados por ahora en la pol\u00edtica local participaron en la marcha en defensa del INE.<\/p>\n\n\n\n<p class=\"wp-block-paragraph\">Inicialmente fueron 600 mujeres y hombres, que se sumaron otros y otras a su paso por la marcha que inicio en el Paseo Ju\u00e1rez y termin\u00f3 en el z\u00f3calo de la ciudad, hasta alcanzar unas mil personas&nbsp;<\/p>\n\n\n\n<p class=\"wp-block-paragraph\">Leticia Vasconcelos, pri\u00edsta, ley\u00f3 el pronunciamiento que se distribuy\u00f3 a nivel nacional y Roberto Santiago, comunic\u00f3logo, hizo lo propio al final del recorrido frente a la puerta de la catedral donde se congreg\u00f3 la marcha.<\/p>\n\n\n\n<figure class=\"wp-block-gallery columns-2 is-cropped wp-block-gallery-1 is-layout-flex wp-block-gallery-is-layout-flex\"><ul class=\"blocks-gallery-grid\"><li class=\"blocks-gallery-item\"><figure><img decoding=\"async\" src=\"https:\/\/redsemlac.com\/semmexico\/wp-content\/uploads\/2022\/11\/IMG-20221113-WA0002-768x1024.jpg\" alt=\"\" data-id=\"58793\" class=\"wp-image-58793\"\/><\/figure><\/li><li class=\"blocks-gallery-item\"><figure><img decoding=\"async\" src=\"https:\/\/redsemlac.com\/semmexico\/wp-content\/uploads\/2022\/11\/IMG-20221113-WA0001-768x1024.jpg\" alt=\"\" data-id=\"58792\" class=\"wp-image-58792\"\/><\/figure><\/li><\/ul><\/figure>\n","protected":false},"excerpt":{"rendered":"<p>SemM\u00e9xico, Oaxaca, 13 de noviembre, 2022.- #ElINENoSeToca. Democracia s\u00ed, dictadura no. M\u00e9xico unido jam\u00e1s ser\u00e1 vencido. Todos de la mano, el INE es ciudadano. El INE no se vende, el INE se defiende \u00a1M\u00e9xico, M\u00e9xico! Pri\u00edstas y panistas, fundamentalmente, y poco involucrados por ahora en la pol\u00edtica local participaron en la marcha en defensa del [&hellip;]<\/p>\n","protected":false},"author":3,"featured_media":58791,"comment_status":"open","ping_status":"open","sticky":false,"template":"","format":"standard","meta":{"_monsterinsights_skip_tracking":false,"footnotes":""},"categories":[693,54],"tags":[],"class_list":["post-58780","post","type-post","status-publish","format-standard","has-post-thumbnail","category-693","category-mujeres"],"_links":{"self":[{"href":"https:\/\/redsemlac.com\/semmexico\/wp-json\/wp\/v2\/posts\/58780","targetHints":{"allow":["GET"]}}],"collection":[{"href":"https:\/\/redsemlac.com\/semmexico\/wp-json\/wp\/v2\/posts"}],"about":[{"href":"https:\/\/redsemlac.com\/semmexico\/wp-json\/wp\/v2\/types\/post"}],"author":[{"embeddable":true,"href":"https:\/\/redsemlac.com\/semmexico\/wp-json\/wp\/v2\/users\/3"}],"replies":[{"embeddable":true,"href":"https:\/\/redsemlac.com\/semmexico\/wp-json\/wp\/v2\/comments?post=58780"}],"version-history":[{"count":0,"href":"https:\/\/redsemlac.com\/semmexico\/wp-json\/wp\/v2\/posts\/58780\/revisions"}],"wp:featuredmedia":[{"embeddable":true,"href":"https:\/\/redsemlac.com\/semmexico\/wp-json\/wp\/v2\/media\/58791"}],"wp:attachment":[{"href":"https:\/\/redsemlac.com\/semmexico\/wp-json\/wp\/v2\/media?parent=58780"}],"wp:term":[{"taxonomy":"category","embeddable":true,"href":"https:\/\/redsemlac.com\/semmexico\/wp-json\/wp\/v2\/categories?post=58780"},{"taxonomy":"post_tag","embeddable":true,"href":"https:\/\/redsemlac.com\/semmexico\/wp-json\/wp\/v2\/tags?post=58780"}],"curies":[{"name":"wp","href":"https:\/\/api.w.org\/{rel}","templated":true}]}}