{"id":58777,"date":"2022-11-13T18:56:50","date_gmt":"2022-11-14T00:56:50","guid":{"rendered":"https:\/\/redsemlac.com\/semmexico\/?p=58777"},"modified":"2023-07-21T19:21:12","modified_gmt":"2023-07-22T00:21:12","slug":"calculan-en-miles-los-asistentes-la-marcha-en-defensa-del-ine-en-morelia","status":"publish","type":"post","link":"https:\/\/redsemlac.com\/semmexico\/calculan-en-miles-los-asistentes-la-marcha-en-defensa-del-ine-en-morelia\/","title":{"rendered":"<em>Calculan en miles los asistentes la marcha en defensa del INE en Morelia<\/em>"},"content":{"rendered":"\n<p class=\"wp-block-paragraph\">Am\u00e9rica Ju\u00e1rez Navarro<\/p>\n\n\n\n<p class=\"wp-block-paragraph\">SemM\u00e9xico. Morelia, Mich. A 13 de Noviembre del 2022.- La protesta para la defensa del Instituto Nacional Electoral (INE) y del Tribunal Electoral del Poder Judicial de la Federaci\u00f3n en Morelia, reuni\u00f3 a miles. La marcha que parti\u00f3 de la emblem\u00e1tica Fuente de las Tarascas hasta el Centro Hist\u00f3rico de esta ciudad; datos de seguridad p\u00fablica estiman que participaron m\u00e1s de 30 mil personas.<\/p>\n\n\n\n<p class=\"wp-block-paragraph\">Durante la protesta en la avenida principal de Morelia este domingo, las voces del INE no se toca, yo defiendo al INE y no somos acarreados, estuvieron presentes durante la marcha que recorri\u00f3 la Madero.<\/p>\n\n\n\n<p class=\"wp-block-paragraph\">La marcha fue convocada desde diferentes frentes, el sector empresarial, partidos pol\u00edticos, as\u00ed como tambi\u00e9n servidores p\u00fablicos. Los contingentes conformados por el PRI, PAN y PRD, este \u00faltimo con sus banderas, sali\u00f3 a las calles.<\/p>\n\n\n\n<p class=\"wp-block-paragraph\">La marcha parti\u00f3 de la fuente de Las Tarascas y lleg\u00f3 hasta el centro hist\u00f3rico de Morelia, ah\u00ed se efectu\u00f3 un mitin donde Lourdes una ciudadana, tom\u00f3 el micr\u00f3fono y atizo a los presentes lanzar consignas a favor del INE.<\/p>\n\n\n\n<p class=\"wp-block-paragraph\">En su intervenci\u00f3n expres\u00f3 que se alza la voz, para defender la democracia y evitar que regrese a manos del Gobierno.<\/p>\n\n\n\n<p class=\"wp-block-paragraph\">\u00abHace muchos a\u00f1os la democracia estaba manejada, pero poco a poco, fuimos avanzando y gracias a un fraude electoral en el 1988, nos dijeron que se hab\u00eda ca\u00eddo el sistema, gran mentira, pero eso nos hizo despertar como estamos despiertos, nos dijeron que se hab\u00eda ca\u00eddo el sistema para imponer su voluntad, pero hoy los ciudadanos sabemos que el art\u00edculo 39 constitucional dice que el poder dimana del pueblo y que este poder se le otorga a los diputados no para que se exalten en el poder, sino para que hagan lo que el mandato y los ciudadanos estamos declarando en este d\u00eda\u00bb, dijo.<\/p>\n\n\n\n<p class=\"wp-block-paragraph\">La protesta a su paso encontr\u00f3 el respaldo de ciudadanos, quienes desde los balcones de diferentes edificios del centro hist\u00f3rico salian con cartulinas para expresar su apoyo al movimiento que se autodenomin\u00f3 ciudadano.<\/p>\n\n\n\n<p class=\"wp-block-paragraph\">En esta marcha se ve\u00edan rostros conocidos como el del presidente municipal de Morelia, Alfonso Mart\u00ednez Alcazar, el senador de la Rep\u00fablica, Antonio Garc\u00eda Conejo, el lider del PRD, Octavio Ocampo, diputados locales, entre otros personajes de la pol\u00edtica en Michoac\u00e1n. En todo momento los asistentes rechazaron sean acarreados o estar motivados por una torta o refresco.<\/p>\n\n\n\n<figure class=\"wp-block-gallery columns-0 is-cropped has-nested-images columns-default wp-block-gallery-1 is-layout-flex wp-block-gallery-is-layout-flex\"><ul class=\"blocks-gallery-grid\"><\/ul><\/figure>\n","protected":false},"excerpt":{"rendered":"<p>La protesta para la defensa del Instituto Nacional Electoral (INE) y del Tribunal Electoral del Poder Judicial de la Federaci\u00f3n en Morelia, reuni\u00f3 a miles.<\/p>\n","protected":false},"author":3,"featured_media":58770,"comment_status":"open","ping_status":"open","sticky":false,"template":"","format":"standard","meta":{"_monsterinsights_skip_tracking":false,"footnotes":""},"categories":[693,54],"tags":[],"class_list":["post-58777","post","type-post","status-publish","format-standard","has-post-thumbnail","category-693","category-mujeres"],"_links":{"self":[{"href":"https:\/\/redsemlac.com\/semmexico\/wp-json\/wp\/v2\/posts\/58777","targetHints":{"allow":["GET"]}}],"collection":[{"href":"https:\/\/redsemlac.com\/semmexico\/wp-json\/wp\/v2\/posts"}],"about":[{"href":"https:\/\/redsemlac.com\/semmexico\/wp-json\/wp\/v2\/types\/post"}],"author":[{"embeddable":true,"href":"https:\/\/redsemlac.com\/semmexico\/wp-json\/wp\/v2\/users\/3"}],"replies":[{"embeddable":true,"href":"https:\/\/redsemlac.com\/semmexico\/wp-json\/wp\/v2\/comments?post=58777"}],"version-history":[{"count":0,"href":"https:\/\/redsemlac.com\/semmexico\/wp-json\/wp\/v2\/posts\/58777\/revisions"}],"wp:featuredmedia":[{"embeddable":true,"href":"https:\/\/redsemlac.com\/semmexico\/wp-json\/wp\/v2\/media\/58770"}],"wp:attachment":[{"href":"https:\/\/redsemlac.com\/semmexico\/wp-json\/wp\/v2\/media?parent=58777"}],"wp:term":[{"taxonomy":"category","embeddable":true,"href":"https:\/\/redsemlac.com\/semmexico\/wp-json\/wp\/v2\/categories?post=58777"},{"taxonomy":"post_tag","embeddable":true,"href":"https:\/\/redsemlac.com\/semmexico\/wp-json\/wp\/v2\/tags?post=58777"}],"curies":[{"name":"wp","href":"https:\/\/api.w.org\/{rel}","templated":true}]}}