{"id":58763,"date":"2022-11-13T13:38:46","date_gmt":"2022-11-13T19:38:46","guid":{"rendered":"https:\/\/redsemlac.com\/semmexico\/?p=58763"},"modified":"2023-07-21T19:21:12","modified_gmt":"2023-07-22T00:21:12","slug":"negligencias-empresariales-e-impunidad-de-multinacionales-en-brasil-y-guatemala-tenemos-que-proteger-a-las-personas-y-al-medioambiente","status":"publish","type":"post","link":"https:\/\/redsemlac.com\/semmexico\/negligencias-empresariales-e-impunidad-de-multinacionales-en-brasil-y-guatemala-tenemos-que-proteger-a-las-personas-y-al-medioambiente\/","title":{"rendered":"Negligencias empresariales e impunidad de multinacionales en Brasil y Guatemala: \u201ctenemos que proteger a las personas y al medioambiente\u201d"},"content":{"rendered":"\n<p class=\"wp-block-paragraph\"><strong>Tras una gira alrededor de 9 pa\u00edses, activistas contra el abuso empresarial que sufre Latinoam\u00e9rica denuncian y exigen unas leyes protectoras sobre las empresas que explotan sus terrenos y a sus poblaciones<\/strong><\/p>\n\n\n\n<p class=\"wp-block-paragraph\"><br><a href=\"https:\/\/amecopress.net\/Ana-Quereda\">Ana Quereda<\/a><\/p>\n\n\n\n<p class=\"wp-block-paragraph\">SemM\u00e9xico\/AmecoPress, Madrid, 13 de noviembre, 2022.- Este jueves se celebr\u00f3 &nbsp;una rueda de prensa a cargo de la Plataforma por las Empresas Responsables (PER) con el fin de conocer de primera mano a defensoras de los derechos humanos de Brasil y Guatemala, al igual que las consecuencias que sufren las personas, sus comunidades y sus territorios por la falta de responsabilidad y el abuso por parte de empresas transnacionales que operan en sus pa\u00edses<em>.<\/em><\/p>\n\n\n\n<p class=\"wp-block-paragraph\">Almudena Moreno, de Alianza por la Solidaridad y moderadora de la mesa, ha dado voz a la necesidad del proyecto de ley de Debida Diligencia en nuestro pa\u00eds. De esta forma, se puede contar con una legislaci\u00f3n que acabe con la impunidad de empresas, en algunos casos espa\u00f1olas, que abusan de sus trabajadores en estos pa\u00edses m\u00e1s vulnerables. Durante la ma\u00f1ana han tomado la palabra distintas activistas que luchan por estos derechos humanos.<\/p>\n\n\n\n<p class=\"wp-block-paragraph\">Tras un peque\u00f1o tr\u00e1iler del documental \u201cLa ilusi\u00f3n de la abundancia\u201d, que recoge la experiencia de tres defensoras frente a los impactos y la impunidad de las grandes empresas transnacionales en Latinoam\u00e9rica, ha tomado la palabra&nbsp;<strong>Carolina de Moura<\/strong>, activista medioambiental y representante de las 272 personas que fallecieron en 2019 por el derrumbe de una presa de residuos de la empresa minera VALE, en las minas Gerais en Brumadinho. Ha dado voz a la cat\u00e1strofe, ha puesto cara y nombre a las v\u00edctimas y ha denunciado \u201cla irresponsabilidad y el silencio de la empresa\u201d.<\/p>\n\n\n\n<p class=\"wp-block-paragraph\">A Carolina le acompa\u00f1a&nbsp;<strong>Danilo Chammas<\/strong>, abogado y defensor de derechos humanos que ha trabajado con los familiares de las v\u00edctimas mortales de Brumadinho por su justicia penal, la reparaci\u00f3n integral y la garant\u00eda de que no vuelva a suceder.<\/p>\n\n\n\n<p class=\"wp-block-paragraph\">\u201c<strong>Que estos m\u00e1rtires sirvan para acabar con la injusticia\u201d<\/strong><\/p>\n\n\n\n<figure class=\"wp-block-image size-large\"><a href=\"https:\/\/redsemlac.com\/semmexico\/wp-content\/uploads\/2022\/11\/negligencias-02.jpg\"><img decoding=\"async\" src=\"https:\/\/redsemlac.com\/semmexico\/wp-content\/uploads\/2022\/11\/negligencias-02-1002x1024.jpg\" alt=\"\" class=\"wp-image-58767\"\/><\/a><figcaption><strong>Mural con cada una de las v\u00edctimas mortales de la cat\u00e1strofe de Brumadinho<\/strong><\/figcaption><\/figure>\n\n\n\n<p class=\"wp-block-paragraph\">Por otro lado, actualmente en Guatemala est\u00e1n operando tres empresas hidroel\u00e9ctricas distintas, pero cuya producci\u00f3n va destinada \u00fanicamente al extranjero, dejando sus comunidades sin energ\u00eda, que se ven obligadas a luchar contra apagones, y jugando con amenazas y divisi\u00f3n de territorios.<\/p>\n\n\n\n<p class=\"wp-block-paragraph\"><strong>Feliciana Herrrera<\/strong>&nbsp;es coordinadora de la Alcald\u00eda Ind\u00edgena del Pueblo Maya Ixil de Nebaj, Guatemala, y defensora activa en la defensa del territorio en esta zona en la que est\u00e1n asentados distintos megaproyectos hidroel\u00e9ctricos. Su regi\u00f3n est\u00e1 muy codiciada por el agua, recurso natural que las empresas internacionales est\u00e1n explotando y, de esta manera, rompiendo completamente el medioambiente, \u201cnosotros queremos defender nuestro territorio y nuestros recursos pero tambi\u00e9n la vida no solo de los seres humanos, tambi\u00e9n de todos los elementos de la naturaleza, que est\u00e1n desapareciendo\u201d.<\/p>\n\n\n\n<p class=\"wp-block-paragraph\">\u201cEstas empresas explotan y violentan a los trabajadores, contaminan el medioambiente y los terrenos propios y violan los derechos humanos y los derechos contra las mujeres\u201d<\/p>\n\n\n\n<p class=\"wp-block-paragraph\"><strong>Francisca P\u00e9rez<\/strong>, nombre ficticio debido a su propia seguridad, forma parte del Comit\u00e9 de Unidad Campesina de Coatepeque, en Guatemala. Actualmente se encuentra en un proceso judicial, sufriendo las consecuencias de haberse enfrentado a una empresa espa\u00f1ola que rob\u00f3 las cuotas para el fondo de Seguridad Social de 270 trabajadores, los cu\u00e1les no pueden acceder a su jubilaci\u00f3n. Las empresas que est\u00e1n ubicadas en Guatemala condicionan a un abuso extremo a todos sus trabajadores y al entorno natural. No permiten la organizaci\u00f3n de sindicatos, amenazando con el despido y con dar a conocer esa \u00abrebeli\u00f3n\u00bb a otras empresas para que los trabajadores no puedan ser contratados por ellas. Tambi\u00e9n fumigan los campos de cultivo contaminando el medioambiente y haciendo imposible cultivar a particulares, los cuales pierden todas sus cosechas; abusan del agua, dejando grandes sequ\u00edas en verano y creando inundaciones catastr\u00f3ficas en invierno, y violan los derechos de las mujeres trabajadoras con sueldos m\u00ednimos y asesin\u00e1ndolas por denunciar, \u201cnos criminalizan, encarcelan y asesinan. Yo estoy criminalizada por defender los derechos de 300 trabajadores de una empresa que asesina a sus propios trabajadores\u201d.<\/p>\n\n\n\n<p class=\"wp-block-paragraph\">El evento ha sido cerrado por&nbsp;<strong>Mar\u00eda Bardolet<\/strong>, responsable de programas con Sector Privado en Oxfam Interm\u00f3n y ha concluido con las recapitulaciones de Almudena Moreno: \u201clos derechos humanos y el medio ambiente no pueden esperar m\u00e1s, no admitimos m\u00e1s excusas ni que se demore m\u00e1s la aprobaci\u00f3n de la ley espa\u00f1ola. Necesitamos con urgencia una ley que prevenga, mitigue y remedie los impactos sobre los derechos humanos y el medio ambiente en toda la cadena de valor. El momento es ahora\u201d.<\/p>\n\n\n\n<figure class=\"wp-block-image size-large\"><a href=\"https:\/\/redsemlac.com\/semmexico\/wp-content\/uploads\/2022\/11\/negligencias-03.jpg\"><img decoding=\"async\" src=\"https:\/\/redsemlac.com\/semmexico\/wp-content\/uploads\/2022\/11\/negligencias-03-1024x768.jpg\" alt=\"\" class=\"wp-image-58766\"\/><\/a><figcaption><strong>Danilo Chammas, Carolina de Moura y Feliciana Herrer<\/strong><\/figcaption><\/figure>\n\n\n\n<p class=\"wp-block-paragraph\">La\u00a0<strong>Plataforma por las Empresas Responsables<\/strong>\u00a0est\u00e1 formada por 16 organizaciones espa\u00f1olas de sociedad civil y representa a m\u00e1s de 530 entidades: Alboan, Alianza por la Solidaridad-ActionAid, Anesvad, Amnist\u00eda Internacional, Coordinadora de Organizaciones para el Desarrollo, Coordinadora Estatal de Comercio Justo, Economistas sin Fronteras, la red Enl\u00e1zate por la Justicia, Entreculturas, Fundadeps, Greenpeace, Mundubat, Observatorio de la RSC, Oxfan Interm\u00f3n, Setem-Campa\u00f1a Ropa Limpia y USO.<\/p>\n\n\n\n<p class=\"wp-block-paragraph\"><strong>Fotos: archivo cedidas por Plataforma por Empresas Responsables<\/strong><\/p>\n","protected":false},"excerpt":{"rendered":"<p>Tras una gira alrededor de 9 pa\u00edses, activistas contra el abuso empresarial que sufre Latinoam\u00e9rica denuncian y exigen unas leyes protectoras sobre las empresas que explotan sus terrenos y a sus poblaciones<\/p>\n","protected":false},"author":3,"featured_media":58765,"comment_status":"open","ping_status":"open","sticky":false,"template":"","format":"standard","meta":{"_monsterinsights_skip_tracking":false,"footnotes":""},"categories":[693,53],"tags":[],"class_list":["post-58763","post","type-post","status-publish","format-standard","has-post-thumbnail","category-693","category-internacional"],"_links":{"self":[{"href":"https:\/\/redsemlac.com\/semmexico\/wp-json\/wp\/v2\/posts\/58763","targetHints":{"allow":["GET"]}}],"collection":[{"href":"https:\/\/redsemlac.com\/semmexico\/wp-json\/wp\/v2\/posts"}],"about":[{"href":"https:\/\/redsemlac.com\/semmexico\/wp-json\/wp\/v2\/types\/post"}],"author":[{"embeddable":true,"href":"https:\/\/redsemlac.com\/semmexico\/wp-json\/wp\/v2\/users\/3"}],"replies":[{"embeddable":true,"href":"https:\/\/redsemlac.com\/semmexico\/wp-json\/wp\/v2\/comments?post=58763"}],"version-history":[{"count":0,"href":"https:\/\/redsemlac.com\/semmexico\/wp-json\/wp\/v2\/posts\/58763\/revisions"}],"wp:featuredmedia":[{"embeddable":true,"href":"https:\/\/redsemlac.com\/semmexico\/wp-json\/wp\/v2\/media\/58765"}],"wp:attachment":[{"href":"https:\/\/redsemlac.com\/semmexico\/wp-json\/wp\/v2\/media?parent=58763"}],"wp:term":[{"taxonomy":"category","embeddable":true,"href":"https:\/\/redsemlac.com\/semmexico\/wp-json\/wp\/v2\/categories?post=58763"},{"taxonomy":"post_tag","embeddable":true,"href":"https:\/\/redsemlac.com\/semmexico\/wp-json\/wp\/v2\/tags?post=58763"}],"curies":[{"name":"wp","href":"https:\/\/api.w.org\/{rel}","templated":true}]}}