{"id":58760,"date":"2022-11-13T13:39:20","date_gmt":"2022-11-13T19:39:20","guid":{"rendered":"https:\/\/redsemlac.com\/semmexico\/?p=58760"},"modified":"2023-07-21T19:21:12","modified_gmt":"2023-07-22T00:21:12","slug":"el-teatro-que-sana-las-poderosas-combaten-la-violencia-de-genero","status":"publish","type":"post","link":"https:\/\/redsemlac.com\/semmexico\/el-teatro-que-sana-las-poderosas-combaten-la-violencia-de-genero\/","title":{"rendered":"El teatro que sana: \u00abLas poderosas\u00bb combaten la violencia de g\u00e9nero"},"content":{"rendered":"\n<p class=\"wp-block-paragraph\"><strong>Mujeres ind\u00edgenas guatemaltecas act\u00faan en Madrid en se\u00f1al de lucha contra las agresiones machistas<\/strong><\/p>\n\n\n\n<p class=\"wp-block-paragraph\"><br>Redacci\u00f3n<\/p>\n\n\n\n<p class=\"wp-block-paragraph\">SemM\u00e9xico\/AmecoPress, Madrid 13 de noviembre, 2022.- \u201cLas Poderosas\u201d Teatro es una compa\u00f1\u00eda art\u00edstica de Guatemala que utiliza las artes esc\u00e9nicas como herramienta de sanaci\u00f3n, transformaci\u00f3n social y empoderamiento de ni\u00f1as, j\u00f3venes y mujeres. Representar\u00e1n en Madrid en la Casa de Am\u00e9rica, el 17 de noviembre, a las 19.00 horas, dos obras teatrales de 30 minutos de duraci\u00f3n cada una: Las Poderosas e In la k\u2019ech \/ Yo soy otra t\u00fa, seguidamente, se establecer\u00e1 un coloquio con el p\u00fablico asistente.<\/p>\n\n\n\n<p class=\"wp-block-paragraph\">Previamente, a las dos representaciones, el director general de la Casa de Am\u00e9rica, Don Enrique Ojeda Vila, el director de AECID, Don Ant\u00f3n Leis Garc\u00eda y la directora de InteRed, Ana Arancibia Tapia, abrir\u00e1n con unas palabras el acto.<\/p>\n\n\n\n<figure class=\"wp-block-image size-large\"><a href=\"https:\/\/redsemlac.com\/semmexico\/wp-content\/uploads\/2022\/11\/teatro-que-sana-02.jpg\"><img decoding=\"async\" src=\"https:\/\/redsemlac.com\/semmexico\/wp-content\/uploads\/2022\/11\/teatro-que-sana-02-1024x309.jpg\" alt=\"\" class=\"wp-image-58761\"\/><\/a><\/figure>\n\n\n\n<p class=\"wp-block-paragraph\">El grupo \u201cLas poderosas\u201d tiene su base de operaciones en el Centro Cultural de Espa\u00f1a en Guatemala, y las actrices, supervivientes de violencia de g\u00e9nero, son mujeres de las comunidades mayas, xincas, gar\u00edfunas y mestizas a qui\u00e9nes el teatro ha transformado sus vidas.<\/p>\n\n\n\n<p class=\"wp-block-paragraph\">\u201cNo hablar de lo que pas\u00f3, pero s\u00ed de lo que viv\u00ed. Que otras mujeres lo escuchen, que sepan que se puede salir&#8230; y que despu\u00e9s hasta se van a re\u00edr. Descubrir entre todas por qu\u00e9 estamos aqu\u00ed. Y seguir.\u201d<\/p>\n\n\n\n<p class=\"wp-block-paragraph\">Tambi\u00e9n, realizar\u00e1n el 18 de noviembre 2022, un taller teatral gratuito con el objetivo de facilitar una metodolog\u00eda, recursos y presentar el teatro como una herramienta de formaci\u00f3n, investigaci\u00f3n, sanaci\u00f3n y denuncia para las mujeres que sufren violencia de g\u00e9nero; dirigido a educadores y educadoras que utilizan o quieren utilizar el teatro como herramienta de sanaci\u00f3n. Este taller se desarrollar\u00e1 en el Impact Hub de Piamonte, 23, de Madrid de 10.00 h a 14.00 horas.<\/p>\n\n\n\n<p class=\"wp-block-paragraph\">El marco de estas representaciones y el taller se sit\u00faa dentro del Convenio que InteRed viene desarrollando con la financiaci\u00f3n de la Agencia Espa\u00f1ola de Cooperaci\u00f3n para el Desarrollo (AECID), en la tem\u00e1tica del derecho a una vida libre de violencias, titulado: Por el derecho de ni\u00f1as, adolescentes y mujeres ind\u00edgenas y mestizas, a una vida libre de violencias en Guatemala.<\/p>\n\n\n\n<p class=\"wp-block-paragraph\"><strong>Foto: archivo AmecoPress, cedido por Las poderosas<\/strong><\/p>\n","protected":false},"excerpt":{"rendered":"<p>\u201cLas Poderosas\u201d Teatro es una compa\u00f1\u00eda art\u00edstica de Guatemala que utiliza las artes esc\u00e9nicas como herramienta de sanaci\u00f3n, transformaci\u00f3n social y empoderamiento de ni\u00f1as, j\u00f3venes y mujeres.<\/p>\n","protected":false},"author":3,"featured_media":58762,"comment_status":"open","ping_status":"open","sticky":false,"template":"","format":"standard","meta":{"_monsterinsights_skip_tracking":false,"footnotes":""},"categories":[693,45,46],"tags":[],"class_list":["post-58760","post","type-post","status-publish","format-standard","has-post-thumbnail","category-693","category-cultura","category-cultura-cultura"],"_links":{"self":[{"href":"https:\/\/redsemlac.com\/semmexico\/wp-json\/wp\/v2\/posts\/58760","targetHints":{"allow":["GET"]}}],"collection":[{"href":"https:\/\/redsemlac.com\/semmexico\/wp-json\/wp\/v2\/posts"}],"about":[{"href":"https:\/\/redsemlac.com\/semmexico\/wp-json\/wp\/v2\/types\/post"}],"author":[{"embeddable":true,"href":"https:\/\/redsemlac.com\/semmexico\/wp-json\/wp\/v2\/users\/3"}],"replies":[{"embeddable":true,"href":"https:\/\/redsemlac.com\/semmexico\/wp-json\/wp\/v2\/comments?post=58760"}],"version-history":[{"count":0,"href":"https:\/\/redsemlac.com\/semmexico\/wp-json\/wp\/v2\/posts\/58760\/revisions"}],"wp:featuredmedia":[{"embeddable":true,"href":"https:\/\/redsemlac.com\/semmexico\/wp-json\/wp\/v2\/media\/58762"}],"wp:attachment":[{"href":"https:\/\/redsemlac.com\/semmexico\/wp-json\/wp\/v2\/media?parent=58760"}],"wp:term":[{"taxonomy":"category","embeddable":true,"href":"https:\/\/redsemlac.com\/semmexico\/wp-json\/wp\/v2\/categories?post=58760"},{"taxonomy":"post_tag","embeddable":true,"href":"https:\/\/redsemlac.com\/semmexico\/wp-json\/wp\/v2\/tags?post=58760"}],"curies":[{"name":"wp","href":"https:\/\/api.w.org\/{rel}","templated":true}]}}