{"id":5876,"date":"2019-04-16T15:36:45","date_gmt":"2019-04-16T15:36:45","guid":{"rendered":"https:\/\/redsemlac.com\/semmexico\/?p=5876"},"modified":"2023-07-21T14:48:10","modified_gmt":"2023-07-21T19:48:10","slug":"el-tee-busca-instalar-dicha-oficina-de-asesoria-integral-para-las-organizaciones-que-tutelan-la-violencia-de-genero-la-equidad-y-la-paridad","status":"publish","type":"post","link":"https:\/\/redsemlac.com\/semmexico\/el-tee-busca-instalar-dicha-oficina-de-asesoria-integral-para-las-organizaciones-que-tutelan-la-violencia-de-genero-la-equidad-y-la-paridad\/","title":{"rendered":"El TEE, busca instalar dicha oficina de asesor\u00eda integral para las organizaciones que tutelan la violencia de g\u00e9nero, la equidad y la paridad."},"content":{"rendered":"\n<p class=\"wp-block-paragraph\"><a href=\"https:\/\/www.semmexico.com\/gallery-post.php?id=7907#\">Josefina Aguilar Pastor,<\/a><\/p>\n\n\n\n<p class=\"wp-block-paragraph\">SemM\u00e9xico. Chilpancingo, Guerrero. 16 de abril de 2019.- Como actual \u00f3rgano rector del Observatorio de Participaci\u00f3n Pol\u00edtica de las Mujeres Guerrerenses,&nbsp;el Tribunal Electoral del Estado (TEE), crear\u00e1 dentro de su organigrama, una oficina de asesor\u00eda y orientaci\u00f3n jur\u00eddica que atienda los casos de violaciones de los derechos pol\u00edtico-electorales de las mujeres, inform\u00f3 el Magistrado Presidente Ram\u00f3n Ramos Piedra.<\/p>\n\n\n\n<p class=\"wp-block-paragraph\">El funcionario electoral, dio a conocer que a cuatro meses de haber asumido la presidencia del Observatorio de Participaci\u00f3n Pol\u00edtica de las Mujeres Guerrerenses, el 14 de diciembre de 2018, durante la segunda sesi\u00f3n ordinaria de dicho \u00f3rgano, el consejo conformado por ese tribunal, el Instituto Electoral (IEPC), y la Secretar\u00eda de la Mujer (Semujer), no ha sesionado de manera p\u00fablica para dar a conocer las actividades a desarrollar en este 2019, debido a que de manera interna,&nbsp;&nbsp;cada dependencia, se dedic\u00f3 a elaborar sus propios Programas Operativos Anuales (POA), en los que incluir\u00e1n las actividades del observatorio, explic\u00f3 el magistrado.<\/p>\n\n\n\n<p class=\"wp-block-paragraph\">Dentro de estas actividades, el TEE, busca instalar dicha oficina de asesor\u00eda integral para las organizaciones que tutelan la violencia de g\u00e9nero, la equidad y la paridad, \u201ces una tutela efectiva que vamos a tener, porque vamos a poner una oficina a disposici\u00f3n de estas organizaciones y de cualquier ciudadana que as\u00ed lo requiera donde expongan sus problemas\u201d, puntualiz\u00f3 Ramos Piedra.<\/p>\n\n\n\n<p class=\"wp-block-paragraph\">El TEE, no tiene la capacidad legal ni econ\u00f3mica, para instalar como lo hizo la sala superior del Tribunal Electoral del Poder Judicial de la Federaci\u00f3n&nbsp;&nbsp;(TEPJF), que instal\u00f3 una defensor\u00eda de oficio; en este caso, dicha oficina, conocer\u00e1 los casos que ah\u00ed se denuncien, dar\u00e1 seguimiento, \u201cde tal forma que las mujeres se sientan arropadas, asesoradas, saber si sus derechos fueron vulnerados, y que es lo que procede, incluso buscar la manera de presentar una demanda\u201d, aunque de llegar a esa situaci\u00f3n, no las representar\u00e1 legalmente, solo las orientar\u00e1 en qu\u00e9 hacer, tambi\u00e9n dar\u00e1 atenci\u00f3n a grupos minoritarios o vulnerables como son las ind\u00edgenas, precis\u00f3 el magistrado presidente del TEE.<\/p>\n\n\n\n<p class=\"wp-block-paragraph\">Ramos Piedra dijo que busca que esta dependencia siga funcionando de manera independiente del Observatorio de Participaci\u00f3n Pol\u00edtica de las Mujeres Guerrerenses, es decir, considerando que la presidencia de este \u00f3rgano es rotativo, el primer a\u00f1o despu\u00e9s de su creaci\u00f3n lo presidi\u00f3 el IEPC, en este momento es el TEE, y en diciembre, pasar\u00e1 la estafeta seguramente a la Semujer; y quede en funciones, una vez que termine su periodo, como parte del organigrama;&nbsp;&nbsp;lo que&nbsp;&nbsp;ha detenido su confirmaci\u00f3n, es examinar la manera de incluirla como parte del \u00f3rgano jurisdiccional.<br><\/p>\n","protected":false},"excerpt":{"rendered":"<p>Josefina Aguilar Pastor, SemM\u00e9xico. Chilpancingo, Guerrero. 16 de abril de 2019.- Como actual \u00f3rgano rector del Observatorio de Participaci\u00f3n Pol\u00edtica de las Mujeres Guerrerenses,&nbsp;el Tribunal Electoral del Estado (TEE), crear\u00e1 dentro de su organigrama, una oficina de asesor\u00eda y orientaci\u00f3n jur\u00eddica que atienda los casos de violaciones de los derechos pol\u00edtico-electorales de las mujeres, inform\u00f3 [&hellip;]<\/p>\n","protected":false},"author":3,"featured_media":5877,"comment_status":"open","ping_status":"open","sticky":false,"template":"","format":"standard","meta":{"_monsterinsights_skip_tracking":false,"footnotes":""},"categories":[690,51],"tags":[],"class_list":["post-5876","post","type-post","status-publish","format-standard","has-post-thumbnail","category-690","category-ejecutivo"],"_links":{"self":[{"href":"https:\/\/redsemlac.com\/semmexico\/wp-json\/wp\/v2\/posts\/5876","targetHints":{"allow":["GET"]}}],"collection":[{"href":"https:\/\/redsemlac.com\/semmexico\/wp-json\/wp\/v2\/posts"}],"about":[{"href":"https:\/\/redsemlac.com\/semmexico\/wp-json\/wp\/v2\/types\/post"}],"author":[{"embeddable":true,"href":"https:\/\/redsemlac.com\/semmexico\/wp-json\/wp\/v2\/users\/3"}],"replies":[{"embeddable":true,"href":"https:\/\/redsemlac.com\/semmexico\/wp-json\/wp\/v2\/comments?post=5876"}],"version-history":[{"count":0,"href":"https:\/\/redsemlac.com\/semmexico\/wp-json\/wp\/v2\/posts\/5876\/revisions"}],"wp:featuredmedia":[{"embeddable":true,"href":"https:\/\/redsemlac.com\/semmexico\/wp-json\/wp\/v2\/media\/5877"}],"wp:attachment":[{"href":"https:\/\/redsemlac.com\/semmexico\/wp-json\/wp\/v2\/media?parent=5876"}],"wp:term":[{"taxonomy":"category","embeddable":true,"href":"https:\/\/redsemlac.com\/semmexico\/wp-json\/wp\/v2\/categories?post=5876"},{"taxonomy":"post_tag","embeddable":true,"href":"https:\/\/redsemlac.com\/semmexico\/wp-json\/wp\/v2\/tags?post=5876"}],"curies":[{"name":"wp","href":"https:\/\/api.w.org\/{rel}","templated":true}]}}