{"id":58755,"date":"2022-11-13T13:28:50","date_gmt":"2022-11-13T19:28:50","guid":{"rendered":"https:\/\/redsemlac.com\/semmexico\/?p=58755"},"modified":"2023-07-21T19:21:12","modified_gmt":"2023-07-22T00:21:12","slug":"los-colectivos-stereotipos-y-las-hijas-de-la-pandemia-reflexionan-sobre-el-arte-y-la-literatura-en-el-museo-de-arte-moderno","status":"publish","type":"post","link":"https:\/\/redsemlac.com\/semmexico\/los-colectivos-stereotipos-y-las-hijas-de-la-pandemia-reflexionan-sobre-el-arte-y-la-literatura-en-el-museo-de-arte-moderno\/","title":{"rendered":"<strong>Los colectivos StereoTipos y Las hijas de la pandemia reflexionan sobre el arte y la literatura, en el Museo de Arte Moderno&nbsp;<\/strong>"},"content":{"rendered":"\n<ul class=\"wp-block-list\"><li>Ambos grupos charlaron sobre temas como migraci\u00f3n, nuevas tecnolog\u00edas, inclusi\u00f3n y diversidad&nbsp;<\/li><\/ul>\n\n\n\n<p class=\"wp-block-paragraph\">Redacci\u00f3n&nbsp;<\/p>\n\n\n\n<p class=\"wp-block-paragraph\">SemM\u00e9xico, Ciudad de M\u00e9xico, 13 de noviembre, 2022.- StereoTipos y las escritoras que conforman el grupo Las hijas de la pandemia se presentaron en el Museo de Arte Moderno (MAM) del Instituto Nacional de Bellas Artes y Literatura (Inbal) con una charla en torno al arte y su relaci\u00f3n con la literatura, la migraci\u00f3n y las nuevas tecnolog\u00edas, entre otros temas.&nbsp;<\/p>\n\n\n\n<p class=\"wp-block-paragraph\">Las hijas de la pandemia y StereoTipos son dos grupos que surgieron a partir del confinamiento, el primero re\u00fane 19 escritoras, entre ellas destacan Sophie Goldberg, Tamara Trottner, M\u00f3nica Salm\u00f3n, M\u00f3nica Castellanos, Sofia Segovia, Ethel Krauze, entre otras, en tanto que StereoTipos es un proyecto digital de divulgaci\u00f3n cultural a trav\u00e9s de entrevistas a diversos actores de la sociedad.&nbsp;<\/p>\n\n\n\n<p class=\"wp-block-paragraph\">Los colectivos realizaron las llamadas StereoPand\u00e9micas, tres mesas de di\u00e1logo en las que abordaron diferentes temas:&nbsp;<em>La literatura post pandemia<\/em>,&nbsp;<em>La migraci\u00f3n como motor de la sociedad del siglo XXI<\/em>&nbsp;y&nbsp;<em>La inclusi\u00f3n y diversidad en el M\u00e9xico actual<\/em>&nbsp;y c\u00f3mo estos se relacionan con el arte y las actividades del MAM.&nbsp;<\/p>\n\n\n\n<p class=\"wp-block-paragraph\">Luis Ernesto Gonz\u00e1lez\u00a0<em>El t\u00edo<\/em>, quien forma parte de StereoTipos, junto con Carlos L\u00f3pez\u00a0<em>Chochos<\/em>\u00a0y Ana Luisa Medina, explic\u00f3 que su programa de entrevistas busca abordar temas que preocupan e interesan a la sociedad: \u201cBuscamos un tema que fuera com\u00fan para todos: la literatura y el arte en general. El MAM nos pareci\u00f3 un lugar ideal, no solo porque es hermoso, sino porque es un espacio particular, es como una burbuja y nos quer\u00edamos sentir precisamente en una burbuja de arte\u201d.\u00a0<\/p>\n\n\n<div class=\"wp-block-image\">\n<figure class=\"aligncenter size-large\"><a href=\"https:\/\/redsemlac.com\/semmexico\/wp-content\/uploads\/2022\/11\/estereotipos-02.jpg\"><img decoding=\"async\" src=\"https:\/\/redsemlac.com\/semmexico\/wp-content\/uploads\/2022\/11\/estereotipos-02-1024x464.jpg\" alt=\"\" class=\"wp-image-58758\"\/><\/a><\/figure>\n<\/div>\n\n\n<p class=\"wp-block-paragraph\">Explic\u00f3 que actualmente prevalecen las noticias que hablan de puras desgracias, divisiones, y la mejor manera de encontrar un oasis es en el arte. \u201cCada quien propuso hablar del arte desde donde quisiera, por eso se habl\u00f3 un poco de m\u00fasica, de tecnolog\u00eda y de las nuevas tendencias, incluso de grafitis, porque no quisimos despreciar ning\u00fan arte. StereoTipos y Las hijas de la pandemia, quienes generamos Stereopand\u00e9micas, esperamos que \u00e9ste sea el primer evento de muchos\u201d.&nbsp;<\/p>\n\n\n\n<p class=\"wp-block-paragraph\">En el contexto, la periodista Silvia Cherem, quien a lo largo de su carrera se ha destacado por entrevistar a diversos artistas visuales, expres\u00f3 que lo que caracteriza a un artista es \u201cel talento, la creatividad, la necesidad de reinventar mundos y releer la realidad, as\u00ed como mucha insatisfacci\u00f3n. Una necesidad brutal de decir las cosas de otra manera\u201d.&nbsp;<\/p>\n\n\n\n<p class=\"wp-block-paragraph\">Coment\u00f3 que el arte que perdura en el tiempo y se vuelve cl\u00e1sico es aquel al que se regresa de forma continua y en el que se descubren nuevas lecturas: \u201cSe puede ver una y otra vez, en un a\u00f1o, en 10 y le sigues encontrando cosas nuevas, no te aburre, ni te fastidia\u201d.&nbsp;<\/p>\n\n\n<div class=\"wp-block-image\">\n<figure class=\"aligncenter size-large\"><a href=\"https:\/\/redsemlac.com\/semmexico\/wp-content\/uploads\/2022\/11\/estereotipos-03.jpg\"><img decoding=\"async\" src=\"https:\/\/redsemlac.com\/semmexico\/wp-content\/uploads\/2022\/11\/estereotipos-03-684x1024.jpg\" alt=\"\" class=\"wp-image-58757\"\/><\/a><\/figure>\n<\/div>\n\n\n<p class=\"wp-block-paragraph\">Puso como ejemplo a Vicente Rojo, un artista al quien entrevist\u00f3 y con el que desarroll\u00f3 una larga amistad. \u201cCuando recorr\u00ed su exposici\u00f3n, que actualmente se presenta en el museo, sent\u00ed que estaba viendo un lienzo continuo del alma de Vicente, de la Espa\u00f1a que dej\u00f3 atr\u00e1s y del M\u00e9xico que encontr\u00f3 bajo la lluvia con sus volcanes. Sus cuadros siguen hablando\u201d.&nbsp;&nbsp;<\/p>\n\n\n\n<p class=\"wp-block-paragraph\">Por su parte, la escritora Sophie Goldberg resalt\u00f3 que \u201cel arte es subjetivo, una obra es arte si toca las fibras m\u00e1s \u00edntimas del ser, si mueve algo. El arte tiene mucho que ver con lo que uno siente cuando lo ve. Como creador, tiene que salir de la tripa, del lugar m\u00e1s profundo\u201d.&nbsp;<\/p>\n\n\n\n<p class=\"wp-block-paragraph\">La escritora Victoria Dana se refiri\u00f3 al arte como una necesidad: \u201cNo siempre hay una situaci\u00f3n ideal para viajar por el mundo y ver los diferentes museos. Sin embargo, la gente puede alimentarse de arte desde los lugares donde est\u00e1, porque tenemos acceso gracias a Internet y las redes sociales. El ser humano debe alimentarse de arte, debe buscar en las bibliotecas, en los museos, porque hay arte en todos lados. Algo importante es abrir el coraz\u00f3n y la sensibilidad para apreciar lo que tenemos\u201d.&nbsp;<\/p>\n\n\n\n<p class=\"wp-block-paragraph\">La psic\u00f3loga Olga Gonz\u00e1lez enfoc\u00f3 su charla en la obra de Frida Kahlo \u2014la cual es parte del acervo del MAM\u2014 y consider\u00f3 que ha trascendido porque hay una belleza colateral a su tragedia. \u201cEs una artista que se atrevi\u00f3 a desafiar y compartir su vida\u201d, en tanto que Claudia Marcucetti estim\u00f3 que \u201cel arte no tiene fronteras, no tiene l\u00edmites, no tiene pa\u00eds y no tiene g\u00e9nero\u201d.<\/p>\n","protected":false},"excerpt":{"rendered":"<p>StereoTipos y las escritoras que conforman el grupo Las hijas de la pandemia se presentaron en el Museo de Arte Moderno (MAM) del Instituto Nacional de Bellas Artes y Literatura (Inbal) con una charla en torno al arte y su relaci\u00f3n con la literatura, la migraci\u00f3n y las nuevas tecnolog\u00edas, entre otros temas.\u00a0<\/p>\n","protected":false},"author":3,"featured_media":58756,"comment_status":"open","ping_status":"open","sticky":false,"template":"","format":"standard","meta":{"_monsterinsights_skip_tracking":false,"footnotes":""},"categories":[693,45,46],"tags":[],"class_list":["post-58755","post","type-post","status-publish","format-standard","has-post-thumbnail","category-693","category-cultura","category-cultura-cultura"],"_links":{"self":[{"href":"https:\/\/redsemlac.com\/semmexico\/wp-json\/wp\/v2\/posts\/58755","targetHints":{"allow":["GET"]}}],"collection":[{"href":"https:\/\/redsemlac.com\/semmexico\/wp-json\/wp\/v2\/posts"}],"about":[{"href":"https:\/\/redsemlac.com\/semmexico\/wp-json\/wp\/v2\/types\/post"}],"author":[{"embeddable":true,"href":"https:\/\/redsemlac.com\/semmexico\/wp-json\/wp\/v2\/users\/3"}],"replies":[{"embeddable":true,"href":"https:\/\/redsemlac.com\/semmexico\/wp-json\/wp\/v2\/comments?post=58755"}],"version-history":[{"count":0,"href":"https:\/\/redsemlac.com\/semmexico\/wp-json\/wp\/v2\/posts\/58755\/revisions"}],"wp:featuredmedia":[{"embeddable":true,"href":"https:\/\/redsemlac.com\/semmexico\/wp-json\/wp\/v2\/media\/58756"}],"wp:attachment":[{"href":"https:\/\/redsemlac.com\/semmexico\/wp-json\/wp\/v2\/media?parent=58755"}],"wp:term":[{"taxonomy":"category","embeddable":true,"href":"https:\/\/redsemlac.com\/semmexico\/wp-json\/wp\/v2\/categories?post=58755"},{"taxonomy":"post_tag","embeddable":true,"href":"https:\/\/redsemlac.com\/semmexico\/wp-json\/wp\/v2\/tags?post=58755"}],"curies":[{"name":"wp","href":"https:\/\/api.w.org\/{rel}","templated":true}]}}