{"id":58749,"date":"2022-11-13T13:23:10","date_gmt":"2022-11-13T19:23:10","guid":{"rendered":"https:\/\/redsemlac.com\/semmexico\/?p=58749"},"modified":"2023-07-21T19:21:12","modified_gmt":"2023-07-22T00:21:12","slug":"mujeres-indigenas-tienen-agenda-propia-en-la-cop27-y-exigen-financiamiento-directo","status":"publish","type":"post","link":"https:\/\/redsemlac.com\/semmexico\/mujeres-indigenas-tienen-agenda-propia-en-la-cop27-y-exigen-financiamiento-directo\/","title":{"rendered":"Mujeres ind\u00edgenas tienen agenda propia en la COP27 y exigen financiamiento directo"},"content":{"rendered":"\n<p class=\"has-text-align-center has-small-font-size wp-block-paragraph\" style=\"font-style:normal;font-weight:100\">Una representaci\u00f3n de mujeres ind\u00edgenas de Am\u00e9rica Latina y otros continentes en la COP27, que se desarrolla en la ciudad egipcia de Sharm el Sheij. Hay unos 250 ind\u00edgenas de todo el mundo presentes en la 27 conferencia clim\u00e1tica. Foto: Daniel Gutman \/ IPS<\/p>\n\n\n\n<p class=\"wp-block-paragraph\">Redacci\u00f3n<\/p>\n\n\n\n<p class=\"wp-block-paragraph\">SemM\u00e9xico\/IPS, SHARM EL SHEIJ, Egipto, 13 de noviembre, 2022 \u2013 Los pueblos ind\u00edgenas ya no se conforman con estar presentes y ser vistos como v\u00edctimas de los impactos del modelo de desarrollo en la 27 Conferencia de las Partes&nbsp;(COP27) sobre Cambio Clim\u00e1tico. Por eso vinieron a la cumbre en Egipto con una agenda propia, que incluye la exigencia de que sus comunidades reciban directamente financiamiento para la acci\u00f3n clim\u00e1tica.<\/p>\n\n\n\n<p class=\"wp-block-paragraph\">Miles de millones de d\u00f3lares de cooperaci\u00f3n son aportados cada a\u00f1o por gobiernos, fondos privados y fundaciones para la adaptaci\u00f3n y mitigaci\u00f3n clim\u00e1ticas. Los donantes muchas veces buscan a los ind\u00edgenas, quienes hoy son considerados los mejores guardianes de los ecosistemas clim\u00e1ticamente saludables. Sin embargo, de esa ayuda a los territorios originarios solo llegan migajas.<\/p>\n\n\n\n<p class=\"wp-block-paragraph\">\u201cEstamos cansados de que el financiamiento vaya a fundaciones ind\u00edgenas sin ind\u00edgenas. Todo el dinero se va en pago a consultores y en los costos de oficinas refrigeradas\u201d, dijo a IPS Yanel Venado Gim\u00e9nez, en el estand que los pueblos ind\u00edgenas tienen en esta gigantesca conferencia mundial, que cuenta con 33 000 personas acreditadas.<\/p>\n\n\n\n<p class=\"wp-block-paragraph\">\u201cEn esta COP27 est\u00e1n los donantes internacionales. Por eso vinimos a decirles que el financiamiento directo es la \u00fanica v\u00eda para que en los proyectos clim\u00e1ticos se tomen en cuenta las pr\u00e1cticas culturales ind\u00edgenas. Tenemos agr\u00f3nomos, ingenieros, abogados y muchas personas preparadas. Adem\u00e1s, sabemos trabajar en equipo\u201d, agreg\u00f3.<\/p>\n\n\n\n<p class=\"wp-block-paragraph\">Gim\u00e9nez es miembro del pueblo ngabe-bugl\u00e9, representa a la Coordinadora Nacional de Pueblos Ind\u00edgenas de Panam\u00e1&nbsp;(Conapip) y es, ella misma, abogada.<\/p>\n\n\n\n<p class=\"wp-block-paragraph\">Que los pueblos ind\u00edgenas, por su presencia en muchos de los territorios mejor conservados del mundo, est\u00e1n en la primera l\u00ednea de batalla ante la crisis ambientar\u00eda global, es un tema que ya est\u00e1 fuera de discusi\u00f3n.<\/p>\n\n\n\n<p class=\"wp-block-paragraph\">Por eso, hace un a\u00f1o, en la COP26 de la ciudad escocesa de Glasgow, los gobiernos del Reino Unido, Noruega, Estados Unidos, Alemania, Pa\u00edses Bajos y 17 donantes privados se comprometieron a aportar hasta 1700 millones d\u00f3lares para acciones de mitigaci\u00f3n y adaptaci\u00f3n de las comunidades originarias.<\/p>\n\n\n\n<p class=\"wp-block-paragraph\">Sin embargo, aunque no hay datos ciertos sobre cu\u00e1nto de esa cifra efectivamente fluy\u00f3, las comunidades dicen que ellas no han recibido pr\u00e1cticamente nada.<\/p>\n\n\n\n<p class=\"wp-block-paragraph\">\u201cEn cada una de estas conferencias escuchamos grandes anuncios de financiamiento, pero luego regresamos a nuestros territorios y esa agenda no se vuelve a tocar\u201d, dijo a IPS Julio C\u00e9sar L\u00f3pez Jamioy, integrante del pueblo inga que habita en el Putumayo, en la Amazonia colombiana.<\/p>\n\n\n\n<p class=\"wp-block-paragraph\">\u201cEn 2021 se nos dijo que era necesario que construyamos mecanismos para acceder y poder ejecutar esos recursos, que generalmente son canalizados a trav\u00e9s de los gobiernos. Por eso estamos trabajando con aliados en esa tarea\u201d, a\u00f1adi\u00f3.<\/p>\n\n\n<div class=\"wp-block-image\">\n<figure class=\"aligncenter size-full\"><a href=\"https:\/\/redsemlac.com\/semmexico\/wp-content\/uploads\/2022\/11\/cop-27-02.jpg\"><img loading=\"lazy\" decoding=\"async\" width=\"720\" height=\"515\" src=\"https:\/\/redsemlac.com\/semmexico\/wp-content\/uploads\/2022\/11\/cop-27-02.jpg\" alt=\"\" class=\"wp-image-58751\"\/><\/a><\/figure>\n<\/div>\n\n\n<p class=\"wp-block-paragraph\">El presidente colombiano, Gustavo Petro, junto a un grupo de ind\u00edgenas latinoamericanos al final de una reuni\u00f3n que mantuvieron en Sharm Eel Sheij, durante la COP 27. Foto: Cortes\u00eda de Jes\u00fas Amadeo Mart\u00ednez<\/p>\n\n\n\n<p class=\"wp-block-paragraph\">L\u00f3pez Jamioy, quien es coordinador de la Organizaci\u00f3n Nacional de los Pueblos Ind\u00edgenas de la Amazonia Colombiana&nbsp;(Opiac), cree que ya es tiempo de agradecerles a muchas de las organizaciones no gubernamentales por los servicios prestados.<\/p>\n\n\n\n<p class=\"wp-block-paragraph\">\u201cHasta cierto momento necesit\u00e1bamos que nos acompa\u00f1aran, pero ahora ya es tiempo de actuar a trav\u00e9s de nuestras propias estructuras organizativas\u201d, remarc\u00f3.<\/p>\n\n\n\n<p class=\"wp-block-paragraph\">Presencia latinoamericana<\/p>\n\n\n\n<p class=\"wp-block-paragraph\">No hay registro de cu\u00e1ntos ind\u00edgenas latinoamericanos est\u00e1n en Sharm el Sheij, este balneario en la pen\u00ednsula del Sina\u00ed, en el sur de Egipto, con distintas fuentes de financiamiento, pero se calcula que son entre 60 y 80.<\/p>\n\n\n\n<p class=\"wp-block-paragraph\">Son aproximadamente 250 integrantes de pueblos originarios de todo el mundo&nbsp;que participan en la COP27, en la parte destinada a acoger a las organizaciones e instituciones sociales dentro del Centro de Convenciones de Sharm el Sheij.<\/p>\n\n\n\n<p class=\"wp-block-paragraph\">Desde ah\u00ed alzan su voz y sus planteamientos a los salones y estands que acogen a los delegados y negociadores oficiales de las 196 partes de la Convenci\u00f3n Maraco de las Naciones Unidas sobre Cambio Clim\u00e1tico&nbsp;(CMNUCC), organizadora de estas cumbres anuales.<\/p>\n\n\n\n<p class=\"wp-block-paragraph\">El espacio que comparten los ind\u00edgenas es un gran estand que tiene un par de oficinas y un auditorio con unas 40 sillas. Aqu\u00ed, durante las dos semanas de la COP27, del 6 al 18 de noviembre,&nbsp;hay un intenso programa de actividades acerca de la agenda que los ind\u00edgenas trajeron a la cumbre clim\u00e1tica, que atrae la atenci\u00f3n del mundo.<\/p>\n\n\n<div class=\"wp-block-image\">\n<figure class=\"aligncenter size-full\"><a href=\"https:\/\/redsemlac.com\/semmexico\/wp-content\/uploads\/2022\/11\/cop-27-03.jpg\"><img loading=\"lazy\" decoding=\"async\" width=\"720\" height=\"540\" src=\"https:\/\/redsemlac.com\/semmexico\/wp-content\/uploads\/2022\/11\/cop-27-03.jpg\" alt=\"\" class=\"wp-image-58752\"\/><\/a><\/figure>\n<\/div>\n\n\n<p class=\"wp-block-paragraph\">La ind\u00edgena paname\u00f1a Yanel Venado Gim\u00e9nez, en el estand que pueblos ind\u00edgenas de todo el mundo comparten en la COP27, en el Centro de Convenciones de Sharm el Sheij, en Egipto. Ella conduce un fondo de ayuda a mujeres ind\u00edgenas, uno de los pocos de financiaci\u00f3n directa logrados por los ind\u00edgenas latinoamericanos. Foto: Daniel Utman \/ IPS<\/p>\n\n\n\n<p class=\"wp-block-paragraph\">En el comienzo de la Conferencia, un grupo de ind\u00edgenas latinoamericanos fue recibido por el presidente colombiano, Gustavo Petro. Obtuvieron su respaldo para su lucha contra las industrias extractivas que act\u00faan en los territorios de propiedad ancestral y le pidieron que haga de nexo con otros gobiernos.<\/p>\n\n\n\n<p class=\"wp-block-paragraph\">\u201cGeneralmente los gobiernos se comprometen con nosotros y luego no cumplen. Pero hoy tenemos m\u00e1s aliados que nos permiten incidir y plantear nuestra agenda\u201d, reconoci\u00f3 a IPS, Jes\u00fas Amadeo Mart\u00ednez, del pueblo lenca, que habita en El Salvador.<\/p>\n\n\n\n<p class=\"wp-block-paragraph\">Los ind\u00edgenas llegaron a esta Conferencia con credencial de observadores y ese es otro de los temas cruciales, ya que reclaman ser considerados parte en las negociaciones a partir del pr\u00f3ximo a\u00f1o, en la COP28, que debe celebrarse en Dub\u00e1i.<\/p>\n\n\n\n<p class=\"wp-block-paragraph\">El planteo fue liderado por Gregorio D\u00edaz Mirabal, peruano y miembro por el pueblo kurripaco de la Coordinadora de las Organizaciones Ind\u00edgenas de la Cuenca Amaz\u00f3nica (Cpoca), quien en di\u00e1logo con un grupo de periodistas dispar\u00f3: \u201cNosotros somos preexistentes a los Estados-Naci\u00f3n; tenemos derecho a ser parte en el debate, porque no somos una ONG ambiental\u201d.<\/p>\n\n\n<div class=\"wp-block-image\">\n<figure class=\"aligncenter size-full\"><a href=\"https:\/\/redsemlac.com\/semmexico\/wp-content\/uploads\/2022\/11\/cop-27-04.jpg\"><img loading=\"lazy\" decoding=\"async\" width=\"720\" height=\"540\" src=\"https:\/\/redsemlac.com\/semmexico\/wp-content\/uploads\/2022\/11\/cop-27-04.jpg\" alt=\"\" class=\"wp-image-58753\"\/><\/a><\/figure>\n<\/div>\n\n\n<p class=\"wp-block-paragraph\">Eric Terena, del pueblo ind\u00edgena del mismo nombre, que habita en el sur de Brasil, en los pasillos de la 27 Conferencia sobre Cambio Clim\u00e1tico que se desarrolla en Egipto. Se ilusiona con el retorno del presidente electo, Luiz In\u00e1cio Lula da Silva, al poder, pero advierte que los ind\u00edgenas deben tener acceso directo a los fondos de financiamiento ambiental y clim\u00e1tico.<\/p>\n\n\n\n<p class=\"wp-block-paragraph\">Siempre las comunidades fueron vistas como beneficiarias de proyectos de acci\u00f3n clim\u00e1tica en los territorios, canalizados a trav\u00e9s de grandes ONG que reciben los fondos y los distribuyen.<\/p>\n\n\n\n<p class=\"wp-block-paragraph\">Ya en 2019, la Agencia de Estados Unidos para el Desarrollo Internacional&nbsp;(Usaid) emiti\u00f3 su Pol\u00edtica para Promover los Derechos de los Pueblos Ind\u00edgenas (PRO-IP), que justamente explora la posibilidad de que el financiamiento llegue de forma m\u00e1s efectiva a las comunidades originarias.<\/p>\n\n\n\n<p class=\"wp-block-paragraph\">Algunos de los obst\u00e1culos son que a veces los tiempos de la aprobaci\u00f3n de proyectos son demasiados veloces para los m\u00e9todos consultivos de decisiones de las comunidades y que muchas de ellas no est\u00e1n registradas jur\u00eddicamente, por lo que necesitan un paraguas institucional.<\/p>\n\n\n\n<p class=\"wp-block-paragraph\">Las experiencias de financiamiento directo, hasta ahora, son incipientes. Sara Omi, del pueblo ember\u00e1 de Panam\u00e1, cont\u00f3 a IPS que en su caso s\u00ed lograron recibir financiamiento directo a comunidades mexicanas y centroamericanas del Fondo Mesoamericano, para el desarrollo de las capacidades de las mujeres ind\u00edgenas.<\/p>\n\n\n\n<p class=\"wp-block-paragraph\">\u201cNos orientamos a la producci\u00f3n agropecuaria sostenible y en dos a\u00f1os de trabajo hemos apoyado 22 proyectos en temas como recuperaci\u00f3n de semillas tradicionales. Pero no contamos con grandes recursos. La suma de todas nuestras iniciativas no alcanz\u00f3 los 120 000 d\u00f3lares\u201d, explic\u00f3.<\/p>\n\n\n\n<p class=\"wp-block-paragraph\">Omi es abogada graduada en la privada Universidad Cat\u00f3lica de Santa Mar\u00eda La Antigua de Panam\u00e1, gracias a que consigui\u00f3 una beca, y asegura que los pueblos ind\u00edgenas ya han demostrado que est\u00e1n preparados para administrar los recursos de cooperaci\u00f3n.<\/p>\n\n\n\n<p class=\"wp-block-paragraph\">\u201cPor supuesto que deben existir requisitos de rendici\u00f3n de cuentas a los donantes, pero deben ser compatibles con nuestras realidades. A los territorios hoy est\u00e1n llegando migajas\u201d, advirti\u00f3.<\/p>\n\n\n\n<p class=\"wp-block-paragraph\">En la segunda semana de la COP27 participar\u00e1 el presidente electo de Brasil, Luiz In\u00e1cio Lula da Silva, &nbsp;y eso es motivo de esperanza para los pueblos de la Amazonia, que en los \u00faltimos cuatro a\u00f1os sufrieron con el agresivo desprecio del presidente saliente de extrema derecha, Jair Bolsonaro, por la cuestiones ambientales e ind\u00edgenas.<\/p>\n\n\n\n<p class=\"wp-block-paragraph\">\u201cEn el gobierno de Bolsonaro se cerraron fondos de financiamiento. Ahora reaparecer\u00e1n, pero no queremos que a ellos acceda solamente el gobierno, sino tambi\u00e9n nosotros. Los sistemas tienen hoy demasiada burocracia; necesitamos que sean m\u00e1s accesibles porque somos una parte fundamental del combate al cambio clim\u00e1tico\u201d, dijo a IPS el ind\u00edgena Eric Terena, quien vive en el sur de Brasil, cerca de la frontera con Bolivia y Paraguay.<\/p>\n\n\n\n<p class=\"wp-block-paragraph\">\u201cVemos que esta COP es m\u00e1s inclusiva que ninguna de las anteriores con los pueblos ind\u00edgenas, pero los gobiernos deben comprender que es tiempo que recibamos el financiamiento\u201d, concluy\u00f3 el dirigente del pueblo terena.<\/p>\n\n\n\n<p class=\"wp-block-paragraph\"><em>IPS realiz\u00f3 este art\u00edculo con el apoyo Climate Change Media Partnership 2022, de Earth Journalism Network, de Internews y Stanley Center for Peace an Security.<\/em><\/p>\n\n\n\n<p class=\"wp-block-paragraph\"><em>ED: EG<\/em><\/p>\n","protected":false},"excerpt":{"rendered":"<p>Los pueblos ind\u00edgenas ya no se conforman con estar presentes y ser vistos como v\u00edctimas de los impactos del modelo de desarrollo en la 27 Conferencia de las Partes\u00a0(COP27) sobre Cambio Clim\u00e1tico.<\/p>\n","protected":false},"author":3,"featured_media":58750,"comment_status":"open","ping_status":"open","sticky":false,"template":"","format":"standard","meta":{"_monsterinsights_skip_tracking":false,"footnotes":""},"categories":[693,53],"tags":[],"class_list":["post-58749","post","type-post","status-publish","format-standard","has-post-thumbnail","category-693","category-internacional"],"_links":{"self":[{"href":"https:\/\/redsemlac.com\/semmexico\/wp-json\/wp\/v2\/posts\/58749","targetHints":{"allow":["GET"]}}],"collection":[{"href":"https:\/\/redsemlac.com\/semmexico\/wp-json\/wp\/v2\/posts"}],"about":[{"href":"https:\/\/redsemlac.com\/semmexico\/wp-json\/wp\/v2\/types\/post"}],"author":[{"embeddable":true,"href":"https:\/\/redsemlac.com\/semmexico\/wp-json\/wp\/v2\/users\/3"}],"replies":[{"embeddable":true,"href":"https:\/\/redsemlac.com\/semmexico\/wp-json\/wp\/v2\/comments?post=58749"}],"version-history":[{"count":0,"href":"https:\/\/redsemlac.com\/semmexico\/wp-json\/wp\/v2\/posts\/58749\/revisions"}],"wp:featuredmedia":[{"embeddable":true,"href":"https:\/\/redsemlac.com\/semmexico\/wp-json\/wp\/v2\/media\/58750"}],"wp:attachment":[{"href":"https:\/\/redsemlac.com\/semmexico\/wp-json\/wp\/v2\/media?parent=58749"}],"wp:term":[{"taxonomy":"category","embeddable":true,"href":"https:\/\/redsemlac.com\/semmexico\/wp-json\/wp\/v2\/categories?post=58749"},{"taxonomy":"post_tag","embeddable":true,"href":"https:\/\/redsemlac.com\/semmexico\/wp-json\/wp\/v2\/tags?post=58749"}],"curies":[{"name":"wp","href":"https:\/\/api.w.org\/{rel}","templated":true}]}}