{"id":58734,"date":"2022-11-13T12:31:49","date_gmt":"2022-11-13T18:31:49","guid":{"rendered":"https:\/\/redsemlac.com\/semmexico\/?p=58734"},"modified":"2023-07-21T19:21:13","modified_gmt":"2023-07-22T00:21:13","slug":"ecos-de-la-conferencia-regional-sobre-la-mujer-en-buenos-aires","status":"publish","type":"post","link":"https:\/\/redsemlac.com\/semmexico\/ecos-de-la-conferencia-regional-sobre-la-mujer-en-buenos-aires\/","title":{"rendered":"Ecos de la Conferencia Regional sobre la Mujer en Buenos Aires"},"content":{"rendered":"\n<p class=\"wp-block-paragraph\">Los cuidados son un trabajo, una necesidad y un derecho<\/p>\n\n\n\n<p class=\"wp-block-paragraph\">Gobiernos deben establecer un Sistema Nacional de Cuidados<\/p>\n\n\n\n<p class=\"wp-block-paragraph\">&nbsp;Dixie Edith\/enviada<\/p>\n\n\n\n<p class=\"wp-block-paragraph\">SemM\u00e9xico\/Semlac, Buenos Aires, Argentina, 13 de noviembre, 2022.- &nbsp;Los derechos de todas las personas a vivir en sociedades del cuidado, con enfoques de g\u00e9nero, derechos, interseccionalidad e interculturalidad, quedaron recogidos en el <a href=\"https:\/\/conferenciamujer.cepal.org\/15\/sites\/crm15\/files\/22-01138_crm.15_compromiso_de_buenos_aires_0.pdf\"><em>Compromiso de Buenos Aires<\/em><\/a>, &nbsp;resultado de &nbsp;los debates y aportes de la XV Conferencia Regional sobre la Mujer de Cepal, concluida el 11 de noviembre en la capital argentina.<\/p>\n\n\n\n<p class=\"wp-block-paragraph\">\u201cReci\u00e9n empieza esto\u201d, dijo a SemM\u00e9xico\/SEMlac Mar\u00eda Noel Vaeza, directora regional para las Am\u00e9ricas y el Caribe de ONUMujeres, minutos despu\u00e9s de concluida la cita regional.&nbsp;<\/p>\n\n\n\n<p class=\"wp-block-paragraph\">\u201cHa sido maravilloso poner los cuidados al centro, avanzar para derribar al patriarcado de una vez, terminar con la divisi\u00f3n sexual del trabajo y poner en el centro la labor que tenemos que hacer para crear sistemas integrales de cuidados. Duro el camino, pero ha sido fant\u00e1stico\u201d, agreg\u00f3 Noel Vaeza.<\/p>\n\n\n\n<p class=\"wp-block-paragraph\">El documento aprobado resume, en 54 puntos y varias disposiciones especiales, los cinco d\u00edas de debates. Reconoce \u201cel cuidado como un derecho de las personas a cuidar, a ser cuidadas y a ejercer el autocuidado sobre la base de los principios de igualdad, universalidad y corresponsabilidad social y de g\u00e9nero\u201d.<\/p>\n\n\n\n<p class=\"wp-block-paragraph\">Por tanto, se trata de \u201cuna responsabilidad que debe ser compartida por las personas de todos los sectores de la sociedad, las familias, las comunidades, las empresas y el Estado\u201d, precisa el texto final de la conferencia.<\/p>\n\n\n\n<p class=\"wp-block-paragraph\">\u201cEl <em>Compromiso de Buenos Aires <\/em>es realmente un documento muy completo, que recoge gran parte -y avanza- sobre los debates que hace mucho tiempo estamos teniendo en la sociedad civil sobre el derecho al cuidado y su v\u00ednculo y relaci\u00f3n \u00edntima con los derechos de las mujeres\u201d, dijo a SemM\u00e9xico\/SEMlac Clyde Soto, psic\u00f3loga y feminista paraguaya.<\/p>\n\n\n\n<p class=\"wp-block-paragraph\">\u201cCreo que vamos a tener que estudiarlo mucho y mantenerlo como cabecera, a fin de aprovecharlo \u00edntegramente y poder tambi\u00e9n hacer incidencia ante los diversos estados de la regi\u00f3n para que se cumpla, para que no sea un documento perdido y s\u00ed un documento vivo, que marque el rumbo\u201d, agreg\u00f3 Soto.<\/p>\n\n\n\n<p class=\"wp-block-paragraph\"><strong>El desaf\u00edo de la corresponsabilidad<\/strong><\/p>\n\n\n\n<p class=\"wp-block-paragraph\">Previo a la sesi\u00f3n de clausura de la XV Conferencia Regional sobre la Mujer, un debate centr\u00f3 las miradas en las aristas m\u00faltiples de la corresponsabilidad necesaria para sistemas integrales de cuidados.<\/p>\n\n\n\n<p class=\"wp-block-paragraph\">Bajo la conducci\u00f3n de Doris Garc\u00eda Paredes, ministra de la Secretar\u00eda de Estado en el Despacho de Asuntos de la Mujer de Honduras, la discusi\u00f3n tom\u00f3 como eje central la articulaci\u00f3n de todos los elementos que intervienen en los sistemas de cuidado.<\/p>\n\n\n\n<p class=\"wp-block-paragraph\">Ana Mar\u00eda Baiardi, gerenta de G\u00e9nero, Inclusi\u00f3n y Diversidad de la Vicepresidencia Corporativa de Programaci\u00f3n Estrat\u00e9gica del Banco de Desarrollo de Am\u00e9rica Latina (CAF), consider\u00f3 que no existe demasiado disenso acerca de cu\u00e1les son las pol\u00edticas que deben aplicarse para avanzar hacia la corresponsabilidad.<\/p>\n\n\n\n<p class=\"wp-block-paragraph\">\u201cSe requieren pol\u00edticas integrales que ofrezcan servicios de cuidado para diferentes poblaciones\u201d, asegur\u00f3.<\/p>\n\n\n\n<p class=\"wp-block-paragraph\">En su opini\u00f3n, hay que hacerse dos preguntas: \u00bfc\u00f3mo implementar pol\u00edticas de cuidado que logren equilibrio entre calidad de cuidado, protecci\u00f3n de derechos y respeto a necesidades particulares de cuidadoras y cuidadores?, y \u00bfc\u00f3mo identificar y mitigar riesgos de factibilidad y sostenibilidad de estas pol\u00edticas?<\/p>\n\n\n\n<p class=\"wp-block-paragraph\">Seg\u00fan Karina Batthy\u00e1ny, directora ejecutiva del Consejo Latinoamericano de Ciencias Sociales (Clacso), cuando hablamos de corresponsabilidad estamos hablando directamente de los sistemas integrales de cuidado y eso implica el nivel pol\u00edtico y el de las pr\u00e1cticas cotidianas, que pretenden cuestionar c\u00f3mo se reparte el cuidado entre Estado, familias, mercado y sociedad civil.<\/p>\n\n\n\n<p class=\"wp-block-paragraph\">El an\u00e1lisis debe posicionarse desde perspectivas de g\u00e9nero y de generaciones y en dos niveles: el micro, que alude a las pr\u00e1cticas cotidianas y el macro, que es absolutamente determinante y alude a la responsabilidad de los Estados. Colocar el an\u00e1lisis en el nivel macro implica directamente hablar de pol\u00edticas p\u00fablicas de cuidado. Tenemos, entonces, que retomar la idea el cuidado como un derecho, se\u00f1al\u00f3.<\/p>\n\n\n\n<p class=\"wp-block-paragraph\">\u201cSe ha hablado mucho de las tres erres en torno a los cuidados: reconocer, reducir, redistribuir, pero m\u00e1s que tres ya van como por cinco si se agrega reformular y revalorizar\u201d, coment\u00f3 Batthy\u00e1ny.<\/p>\n\n\n\n<p class=\"wp-block-paragraph\">I<strong>nsumos para no perder el rumbo<\/strong><\/p>\n\n\n\n<p class=\"wp-block-paragraph\">En la sesi\u00f3n de clausura de la XV Conferencia participaron Noel Vaeza, Ra\u00fal Garc\u00eda-Buchaca, secretario ejecutivo adjunto para Administraci\u00f3n y An\u00e1lisis de Programas de la Cepal; Ayel\u00e9n Mazzina, ministra de las Mujeres, G\u00e9neros y Diversidad de la Argentina; y Amina J. Mohammed, vicesecretaria General de las Naciones Unidas, quien particip\u00f3 de manera virtual.<\/p>\n\n\n\n<p class=\"wp-block-paragraph\">Garc\u00eda-Buchaca reconoci\u00f3 el aporte esencial de las mujeres y los movimientos feministas para llegar hasta estos debates.<\/p>\n\n\n\n<p class=\"wp-block-paragraph\">La XV Conferencia aporta, adem\u00e1s, tres documentos program\u00e1ticos esenciales para avanzar hacia sistemas de cuidados, \u201cuna hoja de ruta para transitar a un nuevo modelo de desarrollo inclusivo y con los cuidados al centro\u201d, dijo Garc\u00eda-Buchacha<\/p>\n\n\n\n<p class=\"wp-block-paragraph\">As\u00ed, quedan como insumos para el trabajo el documento de posici\u00f3n <a href=\"https:\/\/conferenciamujer.cepal.org\/15\/es\/documentos\/la-sociedad-cuidado-horizonte-recuperacion-sostenible-igualdad-genero\"><em>La sociedad del cuidado: horizonte para una recuperaci\u00f3n sostenible con igualdad de g\u00e9nero<\/em><\/a> y la publicaci\u00f3n&nbsp;<a href=\"https:\/\/conferenciamujer.cepal.org\/15\/es\/documentos\/romper-silencio-estadistico-alcanzar-la-igualdad-genero-2030\"><em>Romper el silencio estad\u00edstico para alcanzar la igualdad de g\u00e9nero en 2030: aplicaci\u00f3n del eje sobre sistemas de informaci\u00f3n de la Estrategia de Montevideo para la Implementaci\u00f3n de la Agenda Regional de G\u00e9nero en el Marco del Desarrollo Sostenible hacia 2030<\/em><\/a>, ambos de Cepal.<\/p>\n\n\n\n<p class=\"wp-block-paragraph\">Adem\u00e1s, el informe <a href=\"https:\/\/conferenciamujer.cepal.org\/15\/es\/documentos\/financiamiento-sistemas-politicas-cuidados-america-latina-caribe-aportes-recuperacion\"><em>El financiamiento de los sistemas y pol\u00edticas de cuidados en Am\u00e9rica Latina y el Caribe: aportes para una recuperaci\u00f3n sostenible con igualdad de g\u00e9nero<\/em><\/a>, elaborado de manera conjunta por Cepal y ONU Mujeres.<\/p>\n\n\n\n<p class=\"wp-block-paragraph\">Desde la convicci\u00f3n de renovar nuestras reflexiones a partir de las crisis en cascada que nos interpelan, es que la CEPAL propone continuar con los esfuerzos feministas de transformaci\u00f3n y un profundo cambio civilizatorio: la sociedad del cuidado\u201d, dijo Garc\u00eda-Buchaca<\/p>\n\n\n\n<p class=\"wp-block-paragraph\">Nos mueve el sue\u00f1o de una regi\u00f3n m\u00e1s inclusiva, m\u00e1s plural y m\u00e1s feminista, agreg\u00f3 el funcionario de Cepal.<\/p>\n\n\n\n<p class=\"wp-block-paragraph\">Noel Vaeza, en tanto, felicit\u00f3 al plenario porque \u201cahora tenemos una hoja de ruta para transitar a un nuevo modelo de desarrollo inclusivo y con los cuidados al centro\u201d.<\/p>\n\n\n\n<p class=\"wp-block-paragraph\">\u201cTenemos que seguir esa revoluci\u00f3n cultural hacia la corresponsabilidad. Este compromiso prueba que se pueden lograr consensos. Ahora tenemos que trabajar en el \u2018c\u00f3mo\u2019 lo implementamos\u201d, remarc\u00f3 la directora regional de ONUMujeres.<\/p>\n\n\n\n<p class=\"wp-block-paragraph\">Por su parte, Ayel\u00e9n Mazzina, ministra de las Mujeres, G\u00e9neros y Diversidad de la Argentina y presidenta de la XV Conferencia, agradeci\u00f3 a las feministas posicionar que los cuidados son un trabajo, una necesidad y un derecho.<\/p>\n\n\n\n<p class=\"wp-block-paragraph\">\u201cNada muestra tanto la injusticia de g\u00e9nero como la divisi\u00f3n sexual del trabajo\u201d, asever\u00f3 Mazzina y agreg\u00f3 que es momento de pol\u00edticas integrales y audaces.<\/p>\n\n\n\n<p class=\"wp-block-paragraph\">Para Soto, \u201ctanto durante la lectura del documento final como durante toda la conferencia, hubo un reconocimiento expl\u00edcito e insistente al rol que hemos jugado desde las organizaciones de la sociedad civil para llegar a formular este conjunto de conocimientos, convicciones y compromisos en torno a transformar lo que siempre fue visto como una obligaci\u00f3n \u2018natural\u2019 de las mujeres\u201d, dijo a SEMlac.<\/p>\n\n\n\n<p class=\"wp-block-paragraph\"><strong>El ciclo que comienza<\/strong><\/p>\n\n\n\n<p class=\"wp-block-paragraph\">M\u00e1s de 1.100 personas participaron de lo que se considera como el principal foro intergubernamental regional de las Naciones Unidas sobre los derechos de las mujeres y la igualdad de g\u00e9nero, que justo este a\u00f1o celebra su 45 aniversario.<\/p>\n\n\n\n<p class=\"wp-block-paragraph\">Delegadas y delegados de 30 de pa\u00edses de Am\u00e9rica Latina y Caribe y otras regiones; representantes de 17 agencias de las Naciones Unidas y de 14 organismos intergubernamentales; parlamentarias de 15 pa\u00edses de la regi\u00f3n y m\u00e1s de 750 integrantes de la sociedad civil visibilizaron la responsabilidad de los Estados ante las pol\u00edticas de cuidado y la necesidad de avanzar hacia sistemas de corresponsabilidad.<\/p>\n\n\n\n<p class=\"wp-block-paragraph\">En ese camino, el documento final llam\u00f3 a \u201cadoptar marcos normativos que garanticen el derecho al cuidado a trav\u00e9s de la implementaci\u00f3n de pol\u00edticas y sistemas integrales de cuidado desde las perspectivas de g\u00e9nero, interseccionalidad, interculturalidad y derechos humanos, y que incluyan pol\u00edticas articuladas sobre el tiempo, los recursos, las prestaciones y los servicios p\u00fablicos universales y de calidad en el territorio\u201d.<\/p>\n\n\n\n<p class=\"wp-block-paragraph\">Igualmente, reconoci\u00f3 la necesidad de garantizar recursos para el financiamiento de los cuidados, a la vez de implementar pol\u00edticas fiscales diferenciadas para favorecer la corresponsabilidad.<\/p>\n\n\n\n<p class=\"wp-block-paragraph\">Visibiliza tambi\u00e9n otros temas, como la protecci\u00f3n del planeta y su diversidad; el acceso a la salud sexual y reproductiva; la eliminaci\u00f3n del matrimonio infantil y la violencia de g\u00e9nero; la protecci\u00f3n de los derechos de las trabajadoras dom\u00e9sticas y el reconocimiento de la importancia de la autonom\u00eda e independencia individual de las personas con discapacidad.<\/p>\n\n\n\n<p class=\"wp-block-paragraph\">Aplausos atronadores del plenario recibi\u00f3 el reclamo a la legalizaci\u00f3n del aborto y la no discriminaci\u00f3n de las poblaciones LGTBIQ+, as\u00ed como a la protecci\u00f3n de las luchadoras por los derechos humanos y la salud del medio ambiente.<\/p>\n\n\n\n<p class=\"wp-block-paragraph\">Durante la clausura se anunci\u00f3 que la XVI Conferencia ser\u00e1 en M\u00e9xico, en 2025, y Cuba est\u00e1 entre los pa\u00edses que integran la mesa directiva para el pr\u00f3ximo periodo.<\/p>\n\n\n\n<p class=\"wp-block-paragraph\">M\u00fasica de Mar\u00eda Elena Walsh, pa\u00f1uelos feministas, junto a las Madres y Abuelas de Plaza de Mayo fueron parte del cierre de la XV Conferencia.<\/p>\n\n\n\n<p class=\"wp-block-paragraph\">\u00abLa \u00fanica lucha que se pierde es la que se abandona\u00bb, afirm\u00f3 Tati Almeida. reconocida activista argentina por los derechos humanos e integrante de las Madres de Plaza de Mayo.<\/p>\n","protected":false},"excerpt":{"rendered":"<p>Los derechos de todas las personas a vivir en sociedades del cuidado, con enfoques de g\u00e9nero, derechos, interseccionalidad e interculturalidad, quedaron recogidos en el Compromiso de Buenos Aires, \u00a0resultado de \u00a0los debates y aportes de la XV Conferencia Regional sobre la Mujer de Cepal, concluida el 11 de noviembre en la capital argentina.<\/p>\n","protected":false},"author":3,"featured_media":58735,"comment_status":"open","ping_status":"open","sticky":false,"template":"","format":"standard","meta":{"_monsterinsights_skip_tracking":false,"footnotes":""},"categories":[693,53],"tags":[],"class_list":["post-58734","post","type-post","status-publish","format-standard","has-post-thumbnail","category-693","category-internacional"],"_links":{"self":[{"href":"https:\/\/redsemlac.com\/semmexico\/wp-json\/wp\/v2\/posts\/58734","targetHints":{"allow":["GET"]}}],"collection":[{"href":"https:\/\/redsemlac.com\/semmexico\/wp-json\/wp\/v2\/posts"}],"about":[{"href":"https:\/\/redsemlac.com\/semmexico\/wp-json\/wp\/v2\/types\/post"}],"author":[{"embeddable":true,"href":"https:\/\/redsemlac.com\/semmexico\/wp-json\/wp\/v2\/users\/3"}],"replies":[{"embeddable":true,"href":"https:\/\/redsemlac.com\/semmexico\/wp-json\/wp\/v2\/comments?post=58734"}],"version-history":[{"count":0,"href":"https:\/\/redsemlac.com\/semmexico\/wp-json\/wp\/v2\/posts\/58734\/revisions"}],"wp:featuredmedia":[{"embeddable":true,"href":"https:\/\/redsemlac.com\/semmexico\/wp-json\/wp\/v2\/media\/58735"}],"wp:attachment":[{"href":"https:\/\/redsemlac.com\/semmexico\/wp-json\/wp\/v2\/media?parent=58734"}],"wp:term":[{"taxonomy":"category","embeddable":true,"href":"https:\/\/redsemlac.com\/semmexico\/wp-json\/wp\/v2\/categories?post=58734"},{"taxonomy":"post_tag","embeddable":true,"href":"https:\/\/redsemlac.com\/semmexico\/wp-json\/wp\/v2\/tags?post=58734"}],"curies":[{"name":"wp","href":"https:\/\/api.w.org\/{rel}","templated":true}]}}