{"id":58728,"date":"2022-11-12T13:39:08","date_gmt":"2022-11-12T19:39:08","guid":{"rendered":"https:\/\/redsemlac.com\/semmexico\/?p=58728"},"modified":"2023-07-21T19:21:13","modified_gmt":"2023-07-22T00:21:13","slug":"el-12-de-noviembre-se-conmemora-el-nacimiento-de-juana-ines-de-la-cruz-erudita-en-letras-artes-y-ciencias-la-mas-grande-exponente-del-siglo-de-oro-de-la-literatura-en-habla-castellana-en-la-nueva","status":"publish","type":"post","link":"https:\/\/redsemlac.com\/semmexico\/el-12-de-noviembre-se-conmemora-el-nacimiento-de-juana-ines-de-la-cruz-erudita-en-letras-artes-y-ciencias-la-mas-grande-exponente-del-siglo-de-oro-de-la-literatura-en-habla-castellana-en-la-nueva\/","title":{"rendered":"El 12 de noviembre se conmemora el nacimiento de Juana In\u00e9s de la Cruz, erudita en letras, artes y ciencias, la m\u00e1s grande exponente del Siglo de Oro de la literatura en habla castellana en la Nueva\u00a0Espa\u00f1a."},"content":{"rendered":"\n<p class=\"wp-block-paragraph\"><strong>SOR JUANA INES DE LA CRUZ<\/strong><\/p>\n\n\n\n<p class=\"wp-block-paragraph\"><strong>&nbsp;&nbsp;&nbsp;&nbsp;&nbsp;&nbsp;&nbsp;&nbsp;&nbsp;&nbsp;&nbsp;&nbsp;&nbsp;&nbsp;&nbsp;&nbsp;&nbsp;&nbsp;&nbsp;&nbsp;&nbsp;&nbsp;&nbsp;&nbsp;&nbsp;&nbsp;&nbsp;&nbsp;&nbsp;&nbsp;&nbsp;&nbsp;&nbsp;&nbsp;&nbsp;&nbsp; <\/strong><em>Hombres necios que acus\u00e1is<\/em><\/p>\n\n\n\n<p class=\"wp-block-paragraph\"><em>&nbsp;&nbsp;&nbsp;&nbsp;&nbsp;&nbsp;&nbsp;&nbsp;&nbsp;&nbsp;&nbsp;&nbsp;&nbsp;&nbsp;&nbsp;&nbsp;&nbsp;&nbsp;&nbsp;&nbsp;&nbsp;&nbsp;&nbsp;&nbsp;&nbsp;&nbsp;&nbsp;&nbsp;&nbsp;&nbsp;&nbsp;&nbsp;&nbsp;&nbsp;&nbsp; a la mujer sin raz\u00f3n,<\/em><\/p>\n\n\n\n<p class=\"wp-block-paragraph\"><em>&nbsp;&nbsp;&nbsp;&nbsp;&nbsp;&nbsp;&nbsp;&nbsp;&nbsp;&nbsp;&nbsp;&nbsp;&nbsp;&nbsp;&nbsp;&nbsp;&nbsp;&nbsp;&nbsp;&nbsp;&nbsp;&nbsp;&nbsp;&nbsp;&nbsp;&nbsp;&nbsp;&nbsp;&nbsp;&nbsp;&nbsp;&nbsp;&nbsp;&nbsp; sin ver que sois la ocasi\u00f3n<\/em><\/p>\n\n\n\n<p class=\"wp-block-paragraph\"><em>&nbsp;&nbsp;&nbsp;&nbsp;&nbsp;&nbsp;&nbsp;&nbsp;&nbsp;&nbsp;&nbsp;&nbsp;&nbsp;&nbsp;&nbsp;&nbsp;&nbsp;&nbsp;&nbsp;&nbsp;&nbsp;&nbsp;&nbsp;&nbsp;&nbsp;&nbsp;&nbsp;&nbsp;&nbsp;&nbsp;&nbsp;&nbsp;&nbsp; de lo mismo que culp\u00e1is:<\/em><\/p>\n\n\n\n<p class=\"wp-block-paragraph\"><em>&nbsp;&nbsp;&nbsp;&nbsp;&nbsp;&nbsp;&nbsp;&nbsp;&nbsp;&nbsp;&nbsp; &nbsp;&nbsp;&nbsp;&nbsp;&nbsp;&nbsp;&nbsp;&nbsp;&nbsp;&nbsp;&nbsp;&nbsp;&nbsp;&nbsp;&nbsp;&nbsp;&nbsp;&nbsp;&nbsp;&nbsp;&nbsp;si con ansia sin igual<\/em><\/p>\n\n\n\n<p class=\"wp-block-paragraph\"><em>&nbsp;&nbsp;&nbsp;&nbsp;&nbsp;&nbsp;&nbsp;&nbsp;&nbsp;&nbsp;&nbsp;&nbsp;&nbsp;&nbsp;&nbsp;&nbsp;&nbsp;&nbsp;&nbsp;&nbsp;&nbsp;&nbsp;&nbsp;&nbsp;&nbsp;&nbsp;&nbsp;&nbsp;&nbsp;&nbsp;&nbsp; solicit\u00e1is su desd\u00e9n,<\/em><\/p>\n\n\n\n<p class=\"wp-block-paragraph\"><em>&nbsp;&nbsp;&nbsp;&nbsp;&nbsp;&nbsp;&nbsp;&nbsp;&nbsp;&nbsp;&nbsp;&nbsp;&nbsp;&nbsp;&nbsp;&nbsp;&nbsp;&nbsp;&nbsp;&nbsp;&nbsp;&nbsp;&nbsp;&nbsp;&nbsp;&nbsp;&nbsp;&nbsp;&nbsp;&nbsp; \u00bfpor qu\u00e9 quer\u00e9is que obren bien<\/em><\/p>\n\n\n\n<p class=\"wp-block-paragraph\"><em>&nbsp;&nbsp;&nbsp;&nbsp;&nbsp;&nbsp;&nbsp;&nbsp;&nbsp;&nbsp;&nbsp;&nbsp;&nbsp;&nbsp;&nbsp;&nbsp;&nbsp;&nbsp;&nbsp;&nbsp;&nbsp;&nbsp;&nbsp;&nbsp;&nbsp;&nbsp;&nbsp;&nbsp;&nbsp; Si las incit\u00e1is al mal?<\/em><\/p>\n\n\n\n<p class=\"wp-block-paragraph\"><em>&nbsp;&nbsp;&nbsp;&nbsp;&nbsp;&nbsp;&nbsp;&nbsp;&nbsp;&nbsp;&nbsp;&nbsp;&nbsp;&nbsp;&nbsp;&nbsp;&nbsp;&nbsp;&nbsp;&nbsp;&nbsp;&nbsp;&nbsp;&nbsp;&nbsp;&nbsp;&nbsp;&nbsp; <\/em><strong>Sor Juana In\u00e9s de la Cruz (1680).<\/strong><\/p>\n\n\n\n<p class=\"wp-block-paragraph\">Octavio Paz, refiri\u00e9ndose a la s\u00e1tira <em>Hombres Necios<\/em>, dice que \u201cel poema fue una ruptura hist\u00f3rica y un comienzo, por primera vez en la historia de nuestra literatura una mujer habla en nombre propio, defiende a su sexo\u2026En esto Sor Juana se adelanta a su tiempo: no hay nada parecido en el siglo XVII en la literatura femenina de Francia, Italia e Inglaterra\u201d.&nbsp;<\/p>\n\n\n\n<p class=\"wp-block-paragraph\">Sor Juana In\u00e9s de la Cruz (Nepantla 1648-Ciudad de M\u00e9xico 1695), erudita en letras, artes y ciencias, fue la mejor exponente del Siglo de Oro de la literatura de habla castellana en la Nueva Espa\u00f1a. Recluida por decisi\u00f3n propia en el Convento de las Jer\u00f3nimas, admirada por su sapiencia y la riqueza de su obra literaria, fue llamada \u201cel f\u00e9nix de Am\u00e9rica\u201d, y \u201cLa D\u00e9cima Musa mexicana\u201d V\u00edctima de la persecuci\u00f3n inquisitorial de la iglesia, fue obligada a renunciar a la escritura y sus libros. Fallece v\u00edctima de la peste a los 43 a\u00f1os el 17 de abril de 1695.<\/p>\n\n\n\n<p class=\"wp-block-paragraph\"><strong>E<\/strong>n 1665 fue dama de la Virreina Marquesa de Mancera. Sale triunfadora de un examen a la que fue sometida frente a 40 letrados de la universidad. Monja jer\u00f3nima que renuncia a la vida mundana para dedicarse a la lectura, a la investigaci\u00f3n y a la escritura. Su fama la expuso a la maledicencia y a la censura eclesi\u00e1stica. Fue presionada por la jerarqu\u00eda de la Iglesia Cat\u00f3lica a renunciar a \u201ctoda pretensi\u00f3n literaria\u201d, como una forma de acallarla definitivamente. Reconocida como una feminista por sus obras&nbsp;<em>Respuesta a Sor Filotea<\/em>&nbsp;y&nbsp;<em>Hombres necios<\/em>, en los que emprende una posici\u00f3n de defensa de lo que hoy reconocemos como derechos de las mujeres. Muri\u00f3 el 17 de abril de 1695.<\/p>\n\n\n\n<p class=\"wp-block-paragraph\">Juana In\u00e9s Asbaje y Ram\u00edrez de Santillana, Sor Juana In\u00e9s de la Cruz, a los tres a\u00f1os de edad asiste a la escuela para recibir las primeras letras, a los ocho pide ingresar a la universidad. A esa edad compone una loa a la festividad de Corpus Christi. En 1665, fue dama en la corte de la Virreina Marquesa de Mancera. Sale triunfadora de un examen al que fue sometida frente a 40 letrados de la universidad. Por carecer de dote para casarse, ingresa a la vida mon\u00e1stica en el Convento de San Jer\u00f3nimo, dedic\u00e1ndose a la lectura, a la investigaci\u00f3n y a la escritura. Su fama la expuso a la maledicencia y a la censura eclesi\u00e1stica. Fue presionada por la Iglesia Cat\u00f3lica a renunciar a \u201ctoda pretensi\u00f3n literaria\u201d, como una manera de acallarla definitivamente. Fue celebrada autora de obras de teatro, autos sacramentales, poemas amorosos y villancicos.<\/p>\n\n\n\n<p class=\"wp-block-paragraph\"><strong>Premio Acad\u00e9mico Sor Juana In\u00e9s de la Cruz.<\/strong><\/p>\n\n\n\n<p class=\"wp-block-paragraph\"><strong>Numerosos libros sobre su obra, numerosas han sido las medallas para mujeres ilustres en M\u00e9xico.<\/strong><\/p>\n\n\n\n<p class=\"wp-block-paragraph\"><strong>Por ello a partir de 2002 hay un <\/strong>concurso que tiene el objetivo de apoyar la investigaci\u00f3n en temas de g\u00e9nero que aporte elementos para el dise\u00f1o de pol\u00edticas p\u00fablicas orientadas a promover el desarrollo integral de las mujeres mexicanas.<\/p>\n\n\n\n<p class=\"wp-block-paragraph\">Para promover la investigaci\u00f3n sobre temas de g\u00e9nero entre la comunidad estudiantil y acad\u00e9mica, se lanz\u00f3 esta convocatoria. Que corre en el tiempo. Es bianual. La convocatoria a cargo del Instituto Nacional de las Mujeres emite la convocatoria de tesis sobre g\u00e9nero: \u201cSor Juana In\u00e9s de la Cruz\u201d, para premiar las mejores tesis de licenciatura, maestr\u00eda y\/o especialidad y doctorado.<\/p>\n\n\n\n<p class=\"wp-block-paragraph\">&nbsp;De 2002 a 2016 se realizaron ocho emisiones con la partici\u00f3n de m\u00e1s de 800 tesis.<\/p>\n\n\n\n<p class=\"wp-block-paragraph\">En la \u00faltima edici\u00f3n del premio en 2016 concursaron 106 tesis de las cuales 92 fueron presentadas por mujeres y 14 por varones. Divididas en las categor\u00edas de licenciatura 38, maestr\u00eda 40 y 28 de doctorado.<\/p>\n\n\n\n<p class=\"wp-block-paragraph\">Que se abarcan los siguientes temas: Generaci\u00f3n de ingresos y empoderamiento econ\u00f3mico; Igualdad laboral, acoso y hostigamiento; Uso del tiempo y trabajo de cuidados en el hogar; Salud sexual y reproductiva y prevenci\u00f3n del embarazo adolescente; Entornos y transportes seguros; Medio ambiente, cambio clim\u00e1tico y sustentabilidad, desde una perspectiva de g\u00e9nero; Vivienda e infraestructura.<\/p>\n\n\n\n<p class=\"wp-block-paragraph\"><strong>Antecedentes<\/strong><\/p>\n\n\n\n<ul class=\"wp-block-list\"><li>Es el primero en su tipo en Am\u00e9rica Latina y fue impulsado por el Instituto Nacional de las Mujeres para incentivar la investigaci\u00f3n en temas de g\u00e9nero entre la comunidad estudiantil y acad\u00e9mica del pa\u00eds.<\/li><li>La primera emisi\u00f3n se realiz\u00f3 en 2002 y a partir de entonces, se desarrolla peri\u00f3dicamente cada dos a\u00f1os, premiando a los tres primeros lugares de los niveles de Licenciatura, Maestr\u00eda y Doctorado.<\/li><li>Hasta ahora se han llevado a cabo ocho emisiones con la partici\u00f3n de m\u00e1s de 800 tesis.<\/li><\/ul>\n\n\n\n<p class=\"wp-block-paragraph\"><strong>Octava emisi\u00f3n, 2016<\/strong><\/p>\n\n\n\n<p class=\"wp-block-paragraph\">Se registraron 106 tesis, centradas en una o varios de los siguientes temas:<\/p>\n\n\n\n<ol class=\"wp-block-list\" type=\"1\"><li>Generaci\u00f3n de ingresos y empoderamiento econ\u00f3mico<\/li><li>Igualdad laboral, acoso y hostigamiento<\/li><li>Uso del tiempo y trabajo de cuidados en el hogar<\/li><li>Salud sexual y reproductiva y prevenci\u00f3n del embarazo adolescente<\/li><li>Entornos y transportes seguros<\/li><li>Medio ambiente, cambio clim\u00e1tico y sustentabilidad, desde una perspectiva de g\u00e9nero<\/li><li>Vivienda e infraestructura<\/li><\/ol>\n\n\n\n<figure class=\"wp-block-table\"><table><tbody><tr><td><strong>Participaci\u00f3n por categor\u00eda:<\/strong> <strong>&nbsp;<\/strong><\/td><td><strong>Participaci\u00f3n por sexo:<\/strong> <strong>&nbsp;<\/strong><\/td><\/tr><tr><td>38 de licenciatura 40 de maestr\u00eda 28 de doctorado <strong>&nbsp;<\/strong><\/td><td>92 mujeres y 14 hombres. <strong>&nbsp;<\/strong><\/td><\/tr><tr><td><strong>Participaci\u00f3n por entidad federativa<\/strong><\/td><\/tr><\/tbody><\/table><\/figure>\n\n\n\n<figure class=\"wp-block-table\"><table><tbody><tr><td>Aguascalientes<\/td><td>1<\/td><td>Guanajuato<\/td><td>4<\/td><td>Sinaloa<\/td><td>1<\/td><\/tr><tr><td>Baja California<\/td><td>5<\/td><td>Jalisco<\/td><td>2<\/td><td>San Luis Potos\u00ed<\/td><td>5<\/td><\/tr><tr><td>Chihuahua<\/td><td>3<\/td><td>Michoac\u00e1n<\/td><td>2<\/td><td>Sonora<\/td><td>4<\/td><\/tr><tr><td>Chiapas<\/td><td>5<\/td><td>Morelos<\/td><td>3<\/td><td>Veracruz<\/td><td>5<\/td><\/tr><tr><td>Colima<\/td><td>1<\/td><td>Nuevo Le\u00f3n<\/td><td>1<\/td><td>Zacatecas<\/td><td>3<\/td><\/tr><tr><td>Ciudad de M\u00e9xico<\/td><td>47<\/td><td>Puebla<\/td><td>2<\/td><td>Extranjero (Espa\u00f1a)<\/td><td>2<\/td><\/tr><tr><td>Estado de M\u00e9xico<\/td><td>6<\/td><td>Quer\u00e9taro<\/td><td>1<\/td><td><\/td><td><\/td><\/tr><tr><td>Guerrero<\/td><td>1<\/td><td>Quintana Roo<\/td><td>2<\/td><td><\/td><td><\/td><\/tr><\/tbody><\/table><\/figure>\n\n\n\n<p class=\"wp-block-paragraph\"><strong>PREMIOS<\/strong><\/p>\n\n\n\n<p class=\"wp-block-paragraph\"><strong>Licenciatura: <\/strong>Se declar\u00f3 desierto. Las dictaminadoras consideraron que las tesis presentadas no reunieron los elementos necesarios para ser acreedoras a un premio.<\/p>\n\n\n\n<p class=\"wp-block-paragraph\"><strong>Maestr\u00eda<\/strong><\/p>\n\n\n\n<figure class=\"wp-block-table\"><table><tbody><tr><td><strong>T\u00edtulo de tesis<\/strong><\/td><td><strong>Nombre<\/strong><\/td><td><strong>Instituci\u00f3n<\/strong><\/td><td><strong>Premio<\/strong><\/td><\/tr><tr><td>Una comparaci\u00f3n de g\u00e9nero en el trabajo de figones, fondas y restaurantes. Ciudades de Puebla y M\u00e9xico 1910-1920<\/td><td>Carolina Centeno Rold\u00e1n<\/td><td>Benem\u00e9rita Universidad Aut\u00f3noma de Puebla<\/td><td>1\u00b0<\/td><\/tr><tr><td>El derecho a la educaci\u00f3n de las j\u00f3venes embarazadas y madres adolescentes: evaluaci\u00f3n del dise\u00f1o del Promajoven e implementaci\u00f3n en la Heroica Ciudad de Tlaxiaco, Oaxaca<\/td><td>Urania Lanestosa Baca<\/td><td>Facultad Latinoamericana de Ciencias Sociales (FLACSO) Sede acad\u00e9mica de M\u00e9xico<\/td><td>2\u00ba<\/td><\/tr><tr><td>La llegada del primer hijo: cambios en el uso del tiempo de los miembros de la pareja en M\u00e9xico. Un an\u00e1lisis con la ENOE<\/td><td>Rosa Estela Garc\u00eda Chanes<\/td><td>El Colegio de M\u00e9xico<\/td><td>3\u00b0<\/td><\/tr><\/tbody><\/table><\/figure>\n\n\n\n<p class=\"wp-block-paragraph\"><strong>Doctorado:<\/strong><\/p>\n\n\n\n<figure class=\"wp-block-table\"><table><tbody><tr><td><strong>T\u00edtulo de tesis<\/strong><\/td><td><strong>Nombre<\/strong><\/td><td><strong>Instituci\u00f3n<\/strong><\/td><td><strong>Premio<\/strong><\/td><\/tr><tr><td>Jugar como visitantes: an\u00e1lisis del ejercicio period\u00edstico de las reporteras de deportes en la prensa de circulaci\u00f3n nacional<\/td><td>Claudia Ivette Pedraza Bucio<\/td><td>Universidad Nacional Aut\u00f3noma de M\u00e9xico<\/td><td>1\u00b0<\/td><\/tr><tr><td>Maternidad de una hija o hijo con discapacidad: Estrategias y pr\u00e1cticas maternales de cuidado y crianza<\/td><td>Alejandra Prieto de la Rosa<\/td><td>Universidad Nacional Aut\u00f3noma de M\u00e9xico<\/td><td>2\u00ba<\/td><\/tr><tr><td>El papel de las cargas dom\u00e9sticas y los arreglos familiares en el trabajo asalariado urbano de M\u00e9xico, 2009<\/td><td>Karina Orozco Rocha<\/td><td>El Colegio de M\u00e9xico<\/td><td>3\u00b0<\/td><\/tr><\/tbody><\/table><\/figure>\n\n\n\n<p class=\"wp-block-paragraph\"><strong>El Jurado Dictaminador estuvo integrado por:<\/strong><\/p>\n\n\n\n<p class=\"wp-block-paragraph\">Dra. Adriana Ortiz Ortega, Universidad Nacional Aut\u00f3noma de M\u00e9xico, UNAM.<\/p>\n\n\n\n<p class=\"wp-block-paragraph\">Dra. Ana Mar\u00eda Tepich\u00edn Valle, Programa Interdisciplinario de Estudios de la Mujer, PIEM.<\/p>\n\n\n\n<p class=\"wp-block-paragraph\">Dra. Diana Erika Ibarra Soto, Instituto Tecnol\u00f3gico de Estudios Superiores de Monterrey &#8211; Consejo Social del INMUJERES.<\/p>\n\n\n\n<p class=\"wp-block-paragraph\">Dra. Jennifer Cooper, Universidad Nacional Aut\u00f3noma de M\u00e9xico, UNAM.<\/p>\n\n\n\n<p class=\"wp-block-paragraph\">Dra. Mar\u00eda de Lourdes Eugenia Campero Cuenca, Instituto Nacional de Salud P\u00fablica, INSP.<\/p>\n\n\n\n<p class=\"wp-block-paragraph\">Dra. Mar\u00eda Edith Pacheco G\u00f3mez Mu\u00f1oz, El Colegio de M\u00e9xico.<\/p>\n\n\n\n<p class=\"wp-block-paragraph\">Dra. Rosa Alicia Rojas Paredes, Universidad de Guadalajara -Consejo Consultivo del INMUJERES.<\/p>\n","protected":false},"excerpt":{"rendered":"<p>Sor Juana In\u00e9s de la Cruz (Nepantla 1648-Ciudad de M\u00e9xico 1695), erudita en letras, artes y ciencias, fue la mejor exponente del Siglo de Oro de la literatura de habla castellana en la Nueva Espa\u00f1a.<\/p>\n","protected":false},"author":3,"featured_media":58729,"comment_status":"open","ping_status":"open","sticky":false,"template":"","format":"standard","meta":{"_monsterinsights_skip_tracking":false,"footnotes":""},"categories":[693,45,46],"tags":[],"class_list":["post-58728","post","type-post","status-publish","format-standard","has-post-thumbnail","category-693","category-cultura","category-cultura-cultura"],"_links":{"self":[{"href":"https:\/\/redsemlac.com\/semmexico\/wp-json\/wp\/v2\/posts\/58728","targetHints":{"allow":["GET"]}}],"collection":[{"href":"https:\/\/redsemlac.com\/semmexico\/wp-json\/wp\/v2\/posts"}],"about":[{"href":"https:\/\/redsemlac.com\/semmexico\/wp-json\/wp\/v2\/types\/post"}],"author":[{"embeddable":true,"href":"https:\/\/redsemlac.com\/semmexico\/wp-json\/wp\/v2\/users\/3"}],"replies":[{"embeddable":true,"href":"https:\/\/redsemlac.com\/semmexico\/wp-json\/wp\/v2\/comments?post=58728"}],"version-history":[{"count":0,"href":"https:\/\/redsemlac.com\/semmexico\/wp-json\/wp\/v2\/posts\/58728\/revisions"}],"wp:featuredmedia":[{"embeddable":true,"href":"https:\/\/redsemlac.com\/semmexico\/wp-json\/wp\/v2\/media\/58729"}],"wp:attachment":[{"href":"https:\/\/redsemlac.com\/semmexico\/wp-json\/wp\/v2\/media?parent=58728"}],"wp:term":[{"taxonomy":"category","embeddable":true,"href":"https:\/\/redsemlac.com\/semmexico\/wp-json\/wp\/v2\/categories?post=58728"},{"taxonomy":"post_tag","embeddable":true,"href":"https:\/\/redsemlac.com\/semmexico\/wp-json\/wp\/v2\/tags?post=58728"}],"curies":[{"name":"wp","href":"https:\/\/api.w.org\/{rel}","templated":true}]}}