{"id":58714,"date":"2022-11-12T13:17:50","date_gmt":"2022-11-12T19:17:50","guid":{"rendered":"https:\/\/redsemlac.com\/semmexico\/?p=58714"},"modified":"2023-07-21T19:21:13","modified_gmt":"2023-07-22T00:21:13","slug":"segib-y-onu-mujeres-presentan-una-web-para-avanzar-en-igualdad-y-derechos-economicos-de-las-mujeres","status":"publish","type":"post","link":"https:\/\/redsemlac.com\/semmexico\/segib-y-onu-mujeres-presentan-una-web-para-avanzar-en-igualdad-y-derechos-economicos-de-las-mujeres\/","title":{"rendered":"SEGIB y ONU Mujeres presentan una web para avanzar en igualdad y derechos econ\u00f3micos de las mujeres"},"content":{"rendered":"\n<p class=\"wp-block-paragraph\">La p\u00e1gina aporta datos e informaci\u00f3n legislativa para la derogaci\u00f3n de leyes discriminatorias y el apoyo a medidas de protecci\u00f3n legales igualitarias<\/p>\n\n\n\n<p class=\"wp-block-paragraph\">Redacci\u00f3n<\/p>\n\n\n\n<p class=\"wp-block-paragraph\">SemM\u00e9xico\/AmecoPress, Madrid, 12 de noviembre 2022. &#8211;&nbsp;La Secretar\u00eda General Iberoamericana (SEGIB) y ONU Mujeres han presentado hoy una web&nbsp;que recoge informaci\u00f3n actualizada sobre derechos econ\u00f3micos y g\u00e9nero en los 22 pa\u00edses iberoamericanos. El objetivo de este proyecto es avanzar en igualdad entre mujeres y hombres, ofrecer datos e informaci\u00f3n legislativa e impulsar la derogaci\u00f3n de leyes discriminatorias para promover protecciones legales adecuadas. La web ha sido presentada durante la XV Conferencia Regional sobre la Mujer de Am\u00e9rica Latina y el Caribe, celebrada en Buenos Aires, Argentina.<\/p>\n\n\n\n<p class=\"wp-block-paragraph\">La plataforma virtual ofrece informaci\u00f3n legislativa para el seguimiento de los avances de los pa\u00edses de la regi\u00f3n en cuanto a la reforma y\/o derogaci\u00f3n de leyes nacionales que directa o indirectamente pudieran generar discriminaciones vinculadas a la autonom\u00eda y el empoderamiento econ\u00f3mico de las mujeres.<\/p>\n\n\n\n<figure class=\"wp-block-image size-full\"><a href=\"https:\/\/redsemlac.com\/semmexico\/wp-content\/uploads\/2022\/11\/web-igualdad-02.jpg\"><img loading=\"lazy\" decoding=\"async\" width=\"675\" height=\"350\" src=\"https:\/\/redsemlac.com\/semmexico\/wp-content\/uploads\/2022\/11\/web-igualdad-02.jpg\" alt=\"\" class=\"wp-image-58718\"\/><\/a><\/figure>\n\n\n\n<p class=\"wp-block-paragraph\">Este sitio web, desarrollado por SEGIB y ONU Mujeres, permite filtrar la informaci\u00f3n por pa\u00edses y subregiones, por tipo de legislaci\u00f3n, estado de ratificaci\u00f3n de tratados internacionales vinculantes y \u00e1reas clave para el empoderamiento econ\u00f3mico de las mujeres en 8 \u00e1reas clave como son: la igualdad de g\u00e9nero y no discriminaci\u00f3n; la libertad de elecci\u00f3n de empleo; la igualdad salarial; la protecci\u00f3n de la maternidad; la licencia de paternidad; la seguridad social; los cuidados; y el trabajo dom\u00e9stico no remunerado. Adem\u00e1s, la p\u00e1gina tambi\u00e9n brinda informaci\u00f3n en torno a distintos aspectos vinculantes tales como el estado de ratificaci\u00f3n de tratados internacionales claves para la autonom\u00eda y el empoderamiento econ\u00f3mico de las mujeres; presenta datos regionales y nacionales, recomendaciones por pa\u00eds, as\u00ed como recoge recursos para el p\u00fablico general.<\/p>\n\n\n\n<p class=\"wp-block-paragraph\">\u201cEl valor a\u00f1adido de este proyecto reside en su potencial transformador, al tratarse de una herramienta que permite visibilizar leyes y pol\u00edticas p\u00fablicas que coadyuvan al avance de los derechos de las mujeres en un \u00e1mbito clave como es el del empoderamiento econ\u00f3mico y a nivel iberoamericano. Monitorear esas normas es trabajar por romper la desigualdad estructural del sistema\u201d, asever\u00f3 Marta Carballo, Coordinadora del \u00c1rea de G\u00e9nero de la SEGIB durante la presentaci\u00f3n de la web. Por su parte, Mar\u00eda Noel Vaeza, Directora de la Oficina Regional de ONU Mujeres para Am\u00e9rica Latina y el Caribe, enfatiz\u00f3 \u201cque las leyes tienen un papel fundamental para conseguir la igualdad legal en primera instancia y para impulsar pol\u00edticas y medidas que act\u00faen sobre las desigualdades, reconozcan las necesidades espec\u00edficas de las mujeres y promuevan la igualdad real.\u201d<\/p>\n\n\n\n<p class=\"wp-block-paragraph\">Foto: archivo AmecoPress, cedido por UNMIT<\/p>\n","protected":false},"excerpt":{"rendered":"<p>La p\u00e1gina aporta datos e informaci\u00f3n legislativa para la derogaci\u00f3n de leyes discriminatorias y el apoyo a medidas de protecci\u00f3n legales igualitarias<\/p>\n","protected":false},"author":3,"featured_media":58717,"comment_status":"open","ping_status":"open","sticky":false,"template":"","format":"standard","meta":{"_monsterinsights_skip_tracking":false,"footnotes":""},"categories":[693,53],"tags":[],"class_list":["post-58714","post","type-post","status-publish","format-standard","has-post-thumbnail","category-693","category-internacional"],"_links":{"self":[{"href":"https:\/\/redsemlac.com\/semmexico\/wp-json\/wp\/v2\/posts\/58714","targetHints":{"allow":["GET"]}}],"collection":[{"href":"https:\/\/redsemlac.com\/semmexico\/wp-json\/wp\/v2\/posts"}],"about":[{"href":"https:\/\/redsemlac.com\/semmexico\/wp-json\/wp\/v2\/types\/post"}],"author":[{"embeddable":true,"href":"https:\/\/redsemlac.com\/semmexico\/wp-json\/wp\/v2\/users\/3"}],"replies":[{"embeddable":true,"href":"https:\/\/redsemlac.com\/semmexico\/wp-json\/wp\/v2\/comments?post=58714"}],"version-history":[{"count":0,"href":"https:\/\/redsemlac.com\/semmexico\/wp-json\/wp\/v2\/posts\/58714\/revisions"}],"wp:featuredmedia":[{"embeddable":true,"href":"https:\/\/redsemlac.com\/semmexico\/wp-json\/wp\/v2\/media\/58717"}],"wp:attachment":[{"href":"https:\/\/redsemlac.com\/semmexico\/wp-json\/wp\/v2\/media?parent=58714"}],"wp:term":[{"taxonomy":"category","embeddable":true,"href":"https:\/\/redsemlac.com\/semmexico\/wp-json\/wp\/v2\/categories?post=58714"},{"taxonomy":"post_tag","embeddable":true,"href":"https:\/\/redsemlac.com\/semmexico\/wp-json\/wp\/v2\/tags?post=58714"}],"curies":[{"name":"wp","href":"https:\/\/api.w.org\/{rel}","templated":true}]}}