{"id":58709,"date":"2022-11-12T13:14:03","date_gmt":"2022-11-12T19:14:03","guid":{"rendered":"https:\/\/redsemlac.com\/semmexico\/?p=58709"},"modified":"2023-07-21T19:21:14","modified_gmt":"2023-07-22T00:21:14","slug":"presentan-nueva-iniciativa-aborto-en-michoacan-piden-despenalizarlo-hasta-por-24-semanas","status":"publish","type":"post","link":"https:\/\/redsemlac.com\/semmexico\/presentan-nueva-iniciativa-aborto-en-michoacan-piden-despenalizarlo-hasta-por-24-semanas\/","title":{"rendered":"Presentan nueva iniciativa aborto en Michoac\u00e1n, piden despenalizarlo hasta por 24 semanas"},"content":{"rendered":"\n<p class=\"wp-block-paragraph\">En la propuesta se prev\u00e9 la reforma al art\u00edculo 118 del C\u00f3digo Penal de Michoac\u00e1n<\/p>\n\n\n\n<p class=\"wp-block-paragraph\">Busca no perseguir el aborto como homicidio por parentesco, y la excluyente de responsabilidad cuando se trate de embarazo infantil<\/p>\n\n\n\n<p class=\"wp-block-paragraph\">Am\u00e9rica Ju\u00e1rez Navarro&nbsp;<\/p>\n\n\n\n<p class=\"wp-block-paragraph\">SemM\u00e9xico. Morelia, Michoac\u00e1n, 12 de noviembre del 2022.- La diputada Gabriela C\u00e1zares Blanco y Marea Verde Michoac\u00e1n, dieron a conocer una nueva iniciativa de reforma al C\u00f3digo Penal del Estado de Michoac\u00e1n, en donde se propone la despenalizaci\u00f3n total del delito de aborto, a\u00fan contemplado en la legislaci\u00f3n del estado.<\/p>\n\n\n\n<p class=\"wp-block-paragraph\">En la propuesta de reforma que adem\u00e1s contempla derogar el delito de aborto establecido en el art\u00edculo 141 y que actualmente se castiga con penas de hasta nueve a\u00f1os de prisi\u00f3n, prev\u00e9 la adecuaci\u00f3n al marco legal se tendr\u00eda la posibilidad de llevar a cabo el aborto hasta las 24 semanas de embarazo sin que se castigue o sancione.<\/p>\n\n\n\n<p class=\"wp-block-paragraph\">Tambi\u00e9n se propone no perseguir o juzgar como homicidio en raz\u00f3n de parentesco o relaci\u00f3n cuando sea producto en gestaci\u00f3n en cualquier momento del embarazo, y como excluyente de responsabilidad el embarazo infantil y cuando alguna autoridad haya obstaculizado o pretendido obstaculizar la interrupci\u00f3n.<\/p>\n\n\n\n<p class=\"wp-block-paragraph\">La diputada Gabriela C\u00e1zares Blanco del Partido del Trabajo, se\u00f1al\u00f3 que la propuesta est\u00e1 centrada en criterios cient\u00edficos, sociales que defienden los derechos de las mujeres, ya que dijo esta propuesta no es una ocurrencia, y est\u00e1 contempla la despenalizaci\u00f3n del aborto, es decir, la desaparici\u00f3n del delito como tal del C\u00f3digo Penal.<\/p>\n\n\n\n<p class=\"wp-block-paragraph\">Tambi\u00e9n se incluye una reforma a varios art\u00edculos a la Ley de Salud de Michoac\u00e1n para garantizar el acceso a los servicios gratuitos a quienes deciden abortar, pues en estos momentos no se atienden incluso bajo las excluyentes de responsabilidad que establece la ley.<\/p>\n\n\n\n<p class=\"wp-block-paragraph\">Abigail Villalpando Guti\u00e9rrez integrante de Marea Verde, expres\u00f3 que esta iniciativa busca \u00abdemocratizar\u00bb al Congreso del Estado, pero adem\u00e1s dejar atr\u00e1s la simulaci\u00f3n y record\u00f3 que el estado tiene obligaciones, debe retomar los criterios de Tratados Internacionales y la Suprema Corte de Justicia de la Naci\u00f3n, pero que siguen grupos al interior del Congreso de Michoac\u00e1n que se oponen aplicarlo.<\/p>\n\n\n\n<p class=\"wp-block-paragraph\">Yanick Castro del Colectivo Red Asaleas, mencion\u00f3 que est\u00e1n aqu\u00ed como grupo involucrado y como una ciudadan\u00eda participativa, est\u00e1n ofreciendo al Congreso de m\u00ednimos aceptables, para despenalizaci\u00f3n total y no parcial.<\/p>\n\n\n\n<p class=\"wp-block-paragraph\">Inform\u00f3 que se ha hecho un an\u00e1lisis y&nbsp; &nbsp;la Organizaci\u00f3n Mundial de Salud, recomienda que debe ser despenalizado el aborto y los preceptos deben ser sin estigmas, por lo que maternar o abortar son decisiones que deben ser vividas de manera libre, digna y con todas las condiciones para su desarrollo.<\/p>\n\n\n\n<figure class=\"wp-block-image size-full\"><a href=\"https:\/\/redsemlac.com\/semmexico\/wp-content\/uploads\/2022\/11\/iniciativa-michoacan-02.jpg\"><img loading=\"lazy\" decoding=\"async\" width=\"1024\" height=\"683\" src=\"https:\/\/redsemlac.com\/semmexico\/wp-content\/uploads\/2022\/11\/iniciativa-michoacan-02.jpg\" alt=\"\" class=\"wp-image-58710\"\/><\/a><\/figure>\n","protected":false},"excerpt":{"rendered":"<p>La diputada Gabriela C\u00e1zares Blanco y Marea Verde Michoac\u00e1n, dieron a conocer una nueva iniciativa de reforma al C\u00f3digo Penal del Estado de Michoac\u00e1n, en donde se propone la despenalizaci\u00f3n total del delito de aborto, a\u00fan contemplado en la legislaci\u00f3n del estado.<\/p>\n","protected":false},"author":3,"featured_media":58711,"comment_status":"open","ping_status":"open","sticky":false,"template":"","format":"standard","meta":{"_monsterinsights_skip_tracking":false,"footnotes":""},"categories":[693,50],"tags":[],"class_list":["post-58709","post","type-post","status-publish","format-standard","has-post-thumbnail","category-693","category-congreso"],"_links":{"self":[{"href":"https:\/\/redsemlac.com\/semmexico\/wp-json\/wp\/v2\/posts\/58709","targetHints":{"allow":["GET"]}}],"collection":[{"href":"https:\/\/redsemlac.com\/semmexico\/wp-json\/wp\/v2\/posts"}],"about":[{"href":"https:\/\/redsemlac.com\/semmexico\/wp-json\/wp\/v2\/types\/post"}],"author":[{"embeddable":true,"href":"https:\/\/redsemlac.com\/semmexico\/wp-json\/wp\/v2\/users\/3"}],"replies":[{"embeddable":true,"href":"https:\/\/redsemlac.com\/semmexico\/wp-json\/wp\/v2\/comments?post=58709"}],"version-history":[{"count":0,"href":"https:\/\/redsemlac.com\/semmexico\/wp-json\/wp\/v2\/posts\/58709\/revisions"}],"wp:featuredmedia":[{"embeddable":true,"href":"https:\/\/redsemlac.com\/semmexico\/wp-json\/wp\/v2\/media\/58711"}],"wp:attachment":[{"href":"https:\/\/redsemlac.com\/semmexico\/wp-json\/wp\/v2\/media?parent=58709"}],"wp:term":[{"taxonomy":"category","embeddable":true,"href":"https:\/\/redsemlac.com\/semmexico\/wp-json\/wp\/v2\/categories?post=58709"},{"taxonomy":"post_tag","embeddable":true,"href":"https:\/\/redsemlac.com\/semmexico\/wp-json\/wp\/v2\/tags?post=58709"}],"curies":[{"name":"wp","href":"https:\/\/api.w.org\/{rel}","templated":true}]}}