{"id":5870,"date":"2019-04-17T15:25:56","date_gmt":"2019-04-17T15:25:56","guid":{"rendered":"https:\/\/redsemlac.com\/semmexico\/?p=5870"},"modified":"2023-07-21T14:48:09","modified_gmt":"2023-07-21T19:48:09","slug":"la-secretaria-de-pueblos-indigenas-y-afromexicanos-reivindica-los-derechos-humanos","status":"publish","type":"post","link":"https:\/\/redsemlac.com\/semmexico\/la-secretaria-de-pueblos-indigenas-y-afromexicanos-reivindica-los-derechos-humanos\/","title":{"rendered":"La Secretar\u00eda de Pueblos Ind\u00edgenas y Afromexicanos reivindica los derechos humanos."},"content":{"rendered":"\n<p class=\"wp-block-paragraph\"><a href=\"https:\/\/www.semmexico.com\/gallery-post.php?id=7918#\">Soledad Jarqu\u00edn Edgar<\/a><\/p>\n\n\n\n<p class=\"wp-block-paragraph\">SemM\u00e9xico, Oaxaca, 17 abril 2019.- Eufrosina Cruz Mendoza, titular de Secretar\u00eda de los Pueblos Ind\u00edgenas y Aformexicanos, c\u00f3mo se llamar\u00e1 tan pronto se publique la modificaci\u00f3n del nombre, sostiene que de esta manera inicia no s\u00f3lo una reingenier\u00eda de la dependencia, sino que se reivindica a las personas ind\u00edgenas de la entidad que conforman el 75 por ciento de la poblaci\u00f3n oaxaque\u00f1a, una mayor\u00eda de mujeres.<\/p>\n\n\n\n<p class=\"wp-block-paragraph\">En entrevista para SemM\u00e9xico, la funcionaria que asumi\u00f3 el cargo en diciembre de 2018, se congratula porque \u201clo de asuntos ind\u00edgenas\u201d ser\u00e1 pronto historia, luego de que el Congreso local aprobara el cambio de nombre el pasado 12 de abril, en respuesta a una propuesta que se present\u00f3 en febrero de este a\u00f1o.<\/p>\n\n\n\n<p class=\"wp-block-paragraph\">Cruz Mendoza no quita el dedo del rengl\u00f3n cuando sostiene que las personas que se auto adscriben como ind\u00edgenas o hablan una lengua ind\u00edgena no son muebles, no son cosas, por tanto, no pod\u00eda ser una dependencia de \u201casuntos ind\u00edgenas\u201d, adem\u00e1s augura que poco a poco esa dependencia dejar\u00e1 de ser el \u201cpatito feo\u201d de las instancias gubernamentales de la entidad o una \u201coficial\u00eda de partes\u201d.<\/p>\n\n\n\n<p class=\"wp-block-paragraph\">En el fondo, sostiene segura, se reconoce a las personas y sus derechos como humanas.<\/p>\n\n\n\n<p class=\"wp-block-paragraph\">El cambio no ser\u00e1 s\u00f3lo de nombre ser\u00e1 de fondo, a\u00f1ade, porque cambia el contenido de sus acciones y de las facultades de la dependencia que hoy incluye a la poblaci\u00f3n afromexicana que vive en Oaxaca, adem\u00e1s de los 16 pueblos ind\u00edgenas y que se ver\u00e1 favorecida no s\u00f3lo con una inyecci\u00f3n de recursos federales y estatales sino adem\u00e1s podr\u00e1 establecer convenios de colaboraci\u00f3n con organismos internacionales y fundaciones.<\/p>\n\n\n\n<p class=\"wp-block-paragraph\">La Secretar\u00eda de Pueblos Ind\u00edgenas y Afromexicanos del gobierno de Oaxaca tendr\u00e1 \u201cvida propia, va ser visible y lo m\u00e1s importante ser\u00e1 el organismo que realmente reivindique a los pueblos ind\u00edgenas y afromexicanos que viven en la entidad\u201d.<\/p>\n\n\n\n<p class=\"wp-block-paragraph\">\u201cEl primer paso est\u00e1 dado, hemos empezado a romper esos viejos esquemas y esos paradigmas que cosifican a las personas ind\u00edgenas, nunca m\u00e1s seremos asuntos, somos personas, pueblos, ciudadan\u00eda capaz de razonar, pensar y decir aqu\u00ed estamos\u201d, reitera quien alguna vez fue objeto de discriminaci\u00f3n por ser mujer, pobre e ind\u00edgena.<\/p>\n\n\n\n<p class=\"wp-block-paragraph\">Se\u00f1ala que durante sus recorridos que ha hecho por las comunidades ha explicado en qu\u00e9 consistir\u00e1 el cambio de nombre y acciones fundamentales de la dependencia gubernamental y la respuesta de las autoridades y de la gente ha sido muy ejemplar, el cambio de concepto se comprende y era necesario.<\/p>\n\n\n\n<p class=\"wp-block-paragraph\"><strong>La costumbre de la violencia contra las mujeres<\/strong><\/p>\n\n\n\n<p class=\"wp-block-paragraph\">Eufrosina Cruz Mendoza, quien caminando entre las monta\u00f1as tuvo que huir de su pueblo \u2013Santa Mar\u00eda Quiegolani- cuando era una adolescente para evitar que la casaran, refiere que al menos 30 de los 40 municipios donde se ha declarado la alerta de violencia de g\u00e9nero contra las mujeres son municipios ind\u00edgenas.<\/p>\n\n\n\n<p class=\"wp-block-paragraph\">Por ello, planea se requiere cambiar los paradigmas, decirle a la gente que hay otras posibilidades de vivir sin violencia, sin alcoholismo y sin drogas, estos \u00faltimos \u2013dice- detonadores de la violencia contra las mujeres.<\/p>\n\n\n\n<p class=\"wp-block-paragraph\">Me preocupa que la violencia se vea como una costumbre, que se haya normalizado, pero el trabajo se har\u00e1 desde los propios pueblos ind\u00edgenas, el reto ser\u00e1 cambiar esa idea, transformar la vida de las mujeres y tambi\u00e9n de los hombres, \u201cs\u00ed se puede, la gente si lo quiere y necesita\u201d, puntualiza mientras recuerda que cuando ni\u00f1a un \u201cdestello de luz proyectado sobre una manta, le hizo pensar en que hab\u00eda otras luces\u2026 un mundo, otros cielos diferentes y sin violencia\u201d, dice en referencia a una funci\u00f3n de cine a la que asisti\u00f3 en la comunidad zapoteca donde naci\u00f3.<\/p>\n\n\n\n<p class=\"wp-block-paragraph\">SEM\/sj<br><\/p>\n","protected":false},"excerpt":{"rendered":"<p>Soledad Jarqu\u00edn Edgar SemM\u00e9xico, Oaxaca, 17 abril 2019.- Eufrosina Cruz Mendoza, titular de Secretar\u00eda de los Pueblos Ind\u00edgenas y Aformexicanos, c\u00f3mo se llamar\u00e1 tan pronto se publique la modificaci\u00f3n del nombre, sostiene que de esta manera inicia no s\u00f3lo una reingenier\u00eda de la dependencia, sino que se reivindica a las personas ind\u00edgenas de la entidad [&hellip;]<\/p>\n","protected":false},"author":3,"featured_media":5871,"comment_status":"open","ping_status":"open","sticky":false,"template":"","format":"standard","meta":{"_monsterinsights_skip_tracking":false,"footnotes":""},"categories":[690,50,75],"tags":[],"class_list":["post-5870","post","type-post","status-publish","format-standard","has-post-thumbnail","category-690","category-congreso","category-soledad-jarquin-edgar"],"_links":{"self":[{"href":"https:\/\/redsemlac.com\/semmexico\/wp-json\/wp\/v2\/posts\/5870","targetHints":{"allow":["GET"]}}],"collection":[{"href":"https:\/\/redsemlac.com\/semmexico\/wp-json\/wp\/v2\/posts"}],"about":[{"href":"https:\/\/redsemlac.com\/semmexico\/wp-json\/wp\/v2\/types\/post"}],"author":[{"embeddable":true,"href":"https:\/\/redsemlac.com\/semmexico\/wp-json\/wp\/v2\/users\/3"}],"replies":[{"embeddable":true,"href":"https:\/\/redsemlac.com\/semmexico\/wp-json\/wp\/v2\/comments?post=5870"}],"version-history":[{"count":0,"href":"https:\/\/redsemlac.com\/semmexico\/wp-json\/wp\/v2\/posts\/5870\/revisions"}],"wp:featuredmedia":[{"embeddable":true,"href":"https:\/\/redsemlac.com\/semmexico\/wp-json\/wp\/v2\/media\/5871"}],"wp:attachment":[{"href":"https:\/\/redsemlac.com\/semmexico\/wp-json\/wp\/v2\/media?parent=5870"}],"wp:term":[{"taxonomy":"category","embeddable":true,"href":"https:\/\/redsemlac.com\/semmexico\/wp-json\/wp\/v2\/categories?post=5870"},{"taxonomy":"post_tag","embeddable":true,"href":"https:\/\/redsemlac.com\/semmexico\/wp-json\/wp\/v2\/tags?post=5870"}],"curies":[{"name":"wp","href":"https:\/\/api.w.org\/{rel}","templated":true}]}}