{"id":58699,"date":"2022-11-12T11:48:53","date_gmt":"2022-11-12T17:48:53","guid":{"rendered":"https:\/\/redsemlac.com\/semmexico\/?p=58699"},"modified":"2023-07-21T19:21:14","modified_gmt":"2023-07-22T00:21:14","slug":"alumnas-de-la-escuela-de-parteras-levanta-bloqueo-no-termina-el-movimiento","status":"publish","type":"post","link":"https:\/\/redsemlac.com\/semmexico\/alumnas-de-la-escuela-de-parteras-levanta-bloqueo-no-termina-el-movimiento\/","title":{"rendered":"Alumnas de la Escuela de Parteras levanta bloqueo, no termina el movimiento"},"content":{"rendered":"\n<p class=\"wp-block-paragraph\">Denuncian ser v\u00edctimas de racismo por su condici\u00f3n de ind\u00edgenas y de machismo por ser mujeres<\/p>\n\n\n\n<p class=\"wp-block-paragraph\">Mantendr\u00e1n sus demandas, agradecen a Tlapa su solidaridad&nbsp;<\/p>\n\n\n\n<p class=\"wp-block-paragraph\">Isabel Ortega Morales<\/p>\n\n\n\n<p class=\"wp-block-paragraph\">SemM\u00e9xico\/Ceprovysa, Tlapa de Comonfort, Guerrero, 12 de noviembre 2022.- Alumnas de la Escuela de Parteras levantaron a las cinco de la tarde de ayer el bloqueo a la carretera federal Tlapa \u2013 Chilpancingo que instalaron a las 8 de la ma\u00f1ana.<\/p>\n\n\n\n<figure class=\"wp-block-gallery has-nested-images columns-default is-cropped wp-block-gallery-1 is-layout-flex wp-block-gallery-is-layout-flex\">\n<figure class=\"wp-block-image size-large\"><img decoding=\"async\" data-id=\"58701\" src=\"https:\/\/redsemlac.com\/semmexico\/wp-content\/uploads\/2022\/11\/Screenshot_20221112_113808-300x225.jpg\" alt=\"\" class=\"wp-image-58701\"\/><\/figure>\n\n\n\n<figure class=\"wp-block-image size-large\"><img decoding=\"async\" data-id=\"58703\" src=\"https:\/\/redsemlac.com\/semmexico\/wp-content\/uploads\/2022\/11\/Screenshot_20221112_113239_com.google.android.apps_.docs_.editors.docs_edit_351633144144779-300x225.jpg\" alt=\"\" class=\"wp-image-58703\"\/><\/figure>\n\n\n\n<figure class=\"wp-block-image size-large\"><img decoding=\"async\" data-id=\"58704\" src=\"https:\/\/redsemlac.com\/semmexico\/wp-content\/uploads\/2022\/11\/Screenshot_20221112_114053-300x226.jpg\" alt=\"\" class=\"wp-image-58704\"\/><\/figure>\n\n\n\n<figure class=\"wp-block-image size-large\"><img decoding=\"async\" data-id=\"58702\" src=\"https:\/\/redsemlac.com\/semmexico\/wp-content\/uploads\/2022\/11\/Screenshot_20221112_113243_com.google.android.apps_.docs_.editors.docs_edit_351797671436942-300x225.jpg\" alt=\"\" class=\"wp-image-58702\"\/><\/figure>\n\n\n\n<figure class=\"wp-block-image size-large\"><img decoding=\"async\" data-id=\"58705\" src=\"https:\/\/redsemlac.com\/semmexico\/wp-content\/uploads\/2022\/11\/Screenshot_20221112_113247_com.google.android.apps_.docs_.editors.docs_edit_351935870353587-300x226.jpg\" alt=\"\" class=\"wp-image-58705\"\/><\/figure>\n<\/figure>\n\n\n\n<p class=\"wp-block-paragraph\">Argumentaron que levantaban el bloqueo en solidaridad con la poblaci\u00f3n de Tlapa, que, a su vez, ha sido solidaria con ellas al llevarles alimentos al plant\u00f3n que sostienen en la Escuela de Parteras Profesionales.<br><\/p>\n\n\n\n<p class=\"wp-block-paragraph\">Luego de siete d\u00edas de lucha, las estudiantes refirieron ser v\u00edctimas de presi\u00f3n para levantar el movimiento, en el que m\u00e1s condicionan en regreso a clases si acceden a \u201cpedirle perd\u00f3n a la directora Rubicelia Arreola Vargas\u201d.<br><\/p>\n\n\n\n<p class=\"wp-block-paragraph\">En el plant\u00f3n, las alumnas fueron v\u00edctimas de racismo por su condici\u00f3n de ind\u00edgenas y de machismo al decirles \u201cson mujercitas, sino se quitan las van a golpear \u201c.<br><\/p>\n\n\n\n<p class=\"wp-block-paragraph\">Sin embargo, se\u00f1alan, una de las declaraciones que mantuvo el plant\u00f3n fue escuchar al Subsecretario de Asuntos Pol\u00edticos del Gobierno del Estado, Oscar Ch\u00e1vez Rend\u00f3n, quien les dijo que su propuesta es que ser\u00eda hasta el lunes cuando las recibir\u00eda \u201cpara escucharlas, en Chilpancingo, no el fin de semana\u201d.<br><\/p>\n\n\n\n<p class=\"wp-block-paragraph\">Se\u00f1alaron su inter\u00e9s en mantener el bloqueo todo el fin de semana, sin embargo, informaron que lo levantaban por respeto a la poblaci\u00f3n.<br><\/p>\n\n\n\n<p class=\"wp-block-paragraph\">Durante el bloqueo, las estudiantes daban paso a las y los ciudadanos que transitaban a pie, levantando la cinta amarilla, asimismo daban paso a c\u00f3digo rojo, es decir, emergencias y a adult@s mayores.<\/p>\n","protected":false},"excerpt":{"rendered":"<p>Alumnas de la Escuela de Parteras levantaron a las cinco de la tarde de ayer el bloqueo a la carretera federal Tlapa \u2013 Chilpancingo que instalaron a las 8 de la ma\u00f1ana.<\/p>\n","protected":false},"author":3,"featured_media":58706,"comment_status":"open","ping_status":"open","sticky":false,"template":"","format":"standard","meta":{"_monsterinsights_skip_tracking":false,"footnotes":""},"categories":[693,54],"tags":[],"class_list":["post-58699","post","type-post","status-publish","format-standard","has-post-thumbnail","category-693","category-mujeres"],"_links":{"self":[{"href":"https:\/\/redsemlac.com\/semmexico\/wp-json\/wp\/v2\/posts\/58699","targetHints":{"allow":["GET"]}}],"collection":[{"href":"https:\/\/redsemlac.com\/semmexico\/wp-json\/wp\/v2\/posts"}],"about":[{"href":"https:\/\/redsemlac.com\/semmexico\/wp-json\/wp\/v2\/types\/post"}],"author":[{"embeddable":true,"href":"https:\/\/redsemlac.com\/semmexico\/wp-json\/wp\/v2\/users\/3"}],"replies":[{"embeddable":true,"href":"https:\/\/redsemlac.com\/semmexico\/wp-json\/wp\/v2\/comments?post=58699"}],"version-history":[{"count":0,"href":"https:\/\/redsemlac.com\/semmexico\/wp-json\/wp\/v2\/posts\/58699\/revisions"}],"wp:featuredmedia":[{"embeddable":true,"href":"https:\/\/redsemlac.com\/semmexico\/wp-json\/wp\/v2\/media\/58706"}],"wp:attachment":[{"href":"https:\/\/redsemlac.com\/semmexico\/wp-json\/wp\/v2\/media?parent=58699"}],"wp:term":[{"taxonomy":"category","embeddable":true,"href":"https:\/\/redsemlac.com\/semmexico\/wp-json\/wp\/v2\/categories?post=58699"},{"taxonomy":"post_tag","embeddable":true,"href":"https:\/\/redsemlac.com\/semmexico\/wp-json\/wp\/v2\/tags?post=58699"}],"curies":[{"name":"wp","href":"https:\/\/api.w.org\/{rel}","templated":true}]}}