{"id":58695,"date":"2022-11-12T11:09:13","date_gmt":"2022-11-12T17:09:13","guid":{"rendered":"https:\/\/redsemlac.com\/semmexico\/?p=58695"},"modified":"2023-07-21T19:21:14","modified_gmt":"2023-07-22T00:21:14","slug":"con-marcha-exigen-colectivas-feministas-familiares-y-amigas-el-esclarecimiento-del-feminicidio-de-estefania","status":"publish","type":"post","link":"https:\/\/redsemlac.com\/semmexico\/con-marcha-exigen-colectivas-feministas-familiares-y-amigas-el-esclarecimiento-del-feminicidio-de-estefania\/","title":{"rendered":"Con marcha exigen colectivas feministas, familiares y amigas el esclarecimiento del feminicidio de Estefan\u00eda"},"content":{"rendered":"\n<p class=\"wp-block-paragraph\">Chiapas es un estado donde no se busca a las mujeres, luego que desaparecen: feministas<\/p>\n\n\n\n<p class=\"wp-block-paragraph\">Gabriela Couti\u00f1o<\/p>\n\n\n\n<p class=\"wp-block-paragraph\">SemM\u00e9xico, Tuxtla Guti\u00e9rrez, Chis. 12 de noviembre, 2022.- Familiares, amigas e integrantes de colectivas feministas demandaron en una marcha, el esclarecimiento del feminicidio de Estefan\u00eda Mart\u00ednez Mat\u00edas, una joven estudiante de enfermer\u00eda que el pasado 30 de octubre asisti\u00f3 a una fiesta acompa\u00f1ada de un amigo, pero no volvi\u00f3 a casa; seis d\u00edas despu\u00e9s su cuerpo fue encontrado en estado de descomposici\u00f3n.<\/p>\n\n\n\n<p class=\"wp-block-paragraph\">La marcha sali\u00f3 desde la glorieta de La Diana hacia la Fiscal\u00eda General del Estado, donde las y los manifestantes corearon: \u201cJusticia, Justicia, justicia; ni una menos porque Vivas nos queremos\u201d. En el lugar, quemaron las pancartas que portaron durante la movilizaci\u00f3n, mientras que polic\u00edas resguardaban la entrada de la dependencia.<\/p>\n\n\n\n<p class=\"wp-block-paragraph\">\u201cChiapas es un estado en el que no se busca a las mujeres; en los feminicidios y en las desapariciones, las autoridades no levantan el protocolo que por ley se marca para salvaguardar sus vidas\u201d, asegur\u00f3 una de las activistas a dar lectura a un pronunciamiento.<\/p>\n\n\n\n<p class=\"wp-block-paragraph\">Se\u00f1al\u00f3 que de acuerdo con el Observatorio Feminista contra la Violencia hacia las mujeres, al mes de octubre en Chiapas, se han registrado 152 muertes violentas de mujeres, de las cuales s\u00f3lo 53 se han investigado como feminicidios.<\/p>\n\n\n\n<p class=\"wp-block-paragraph\">Aseguraron que el cuerpo de Estefan\u00eda no fue encontrado por las autoridades como se dijo, sino por sus propios familiares quienes emprendieron la b\u00fasqueda desesperados porque ya hab\u00edan transcurrido seis d\u00edas de su desaparici\u00f3n.<\/p>\n\n\n\n<p class=\"wp-block-paragraph\">\u201cExigimos al gobierno que dejen las simulaciones y que se comprometan con pol\u00edticas p\u00fablicas que no permitan m\u00e1s violencia contra las mujeres\u201d, demandaron.<\/p>\n\n\n\n<p class=\"wp-block-paragraph\">Estefan\u00eda Mart\u00ednez Mat\u00edas de 22 a\u00f1os, estudiante de enfermer\u00eda, asisti\u00f3 a una fiesta el pasado domingo 30 de octubre, con un amigo, quien declar\u00f3 que fue a dejarla a su casa, pero Estefan\u00eda no lleg\u00f3 a su casa, por lo que su madre denunci\u00f3 su desaparici\u00f3n.<\/p>\n\n\n\n<p class=\"wp-block-paragraph\">Estefan\u00eda originaria de la comunidad Palestina del municipio de \u00c1ngel Albino Corzo, localizado en la regi\u00f3n de la Fraylesca, trabajaba en una tienda de ropa para pagarse sus estudios.<\/p>\n\n\n\n<p class=\"wp-block-paragraph\">Sali\u00f3 de su trabajo el domingo 30 de octubre a las 6 de la tarde en compa\u00f1\u00eda de un amigo rumbo a una fiesta que te dr\u00eda lugar en la colonia Las Granjas de Tuxtla Guti\u00e9rrez.<\/p>\n\n\n\n<p class=\"wp-block-paragraph\">De acuerdo a datos de la Fiscal\u00eda de Feminicidios, de enero a la fecha en Chiapas se han registrado 39 feminicidios, siendo los meses de septiembre y octubre donde m\u00e1s casos se han registrado.<\/p>\n","protected":false},"excerpt":{"rendered":"<p>Chiapas es un estado donde no se busca a las mujeres, luego que desaparecen: feministas<\/p>\n","protected":false},"author":3,"featured_media":58697,"comment_status":"open","ping_status":"open","sticky":false,"template":"","format":"standard","meta":{"_monsterinsights_skip_tracking":false,"footnotes":""},"categories":[693,47],"tags":[],"class_list":["post-58695","post","type-post","status-publish","format-standard","has-post-thumbnail","category-693","category-no-mas-impunidad"],"_links":{"self":[{"href":"https:\/\/redsemlac.com\/semmexico\/wp-json\/wp\/v2\/posts\/58695","targetHints":{"allow":["GET"]}}],"collection":[{"href":"https:\/\/redsemlac.com\/semmexico\/wp-json\/wp\/v2\/posts"}],"about":[{"href":"https:\/\/redsemlac.com\/semmexico\/wp-json\/wp\/v2\/types\/post"}],"author":[{"embeddable":true,"href":"https:\/\/redsemlac.com\/semmexico\/wp-json\/wp\/v2\/users\/3"}],"replies":[{"embeddable":true,"href":"https:\/\/redsemlac.com\/semmexico\/wp-json\/wp\/v2\/comments?post=58695"}],"version-history":[{"count":0,"href":"https:\/\/redsemlac.com\/semmexico\/wp-json\/wp\/v2\/posts\/58695\/revisions"}],"wp:featuredmedia":[{"embeddable":true,"href":"https:\/\/redsemlac.com\/semmexico\/wp-json\/wp\/v2\/media\/58697"}],"wp:attachment":[{"href":"https:\/\/redsemlac.com\/semmexico\/wp-json\/wp\/v2\/media?parent=58695"}],"wp:term":[{"taxonomy":"category","embeddable":true,"href":"https:\/\/redsemlac.com\/semmexico\/wp-json\/wp\/v2\/categories?post=58695"},{"taxonomy":"post_tag","embeddable":true,"href":"https:\/\/redsemlac.com\/semmexico\/wp-json\/wp\/v2\/tags?post=58695"}],"curies":[{"name":"wp","href":"https:\/\/api.w.org\/{rel}","templated":true}]}}