{"id":58690,"date":"2022-11-12T10:54:01","date_gmt":"2022-11-12T16:54:01","guid":{"rendered":"https:\/\/redsemlac.com\/semmexico\/?p=58690"},"modified":"2023-07-21T19:21:14","modified_gmt":"2023-07-22T00:21:14","slug":"en-mexico-no-hay-voluntad-politica-para-parar-la-violencia-contra-las-mujeres-a-pesar-de-estar-sentenciado-por-la-corte-interamericana-de-derechos-humanos","status":"publish","type":"post","link":"https:\/\/redsemlac.com\/semmexico\/en-mexico-no-hay-voluntad-politica-para-parar-la-violencia-contra-las-mujeres-a-pesar-de-estar-sentenciado-por-la-corte-interamericana-de-derechos-humanos\/","title":{"rendered":"En M\u00e9xico no hay voluntad pol\u00edtica para parar la violencia contra las mujeres a pesar de estar sentenciado por la Corte Interamericana de Derechos Humanos"},"content":{"rendered":"\n<p class=\"wp-block-paragraph\">Recuento de los expedientes juzgados desde Campo Algodonero (2009) hasta el Caso Digna Ochoa y Pl\u00e1cido (2022)<\/p>\n\n\n\n<p class=\"wp-block-paragraph\">Advierten especialistas de la amenaza de acciones militares y policiacas en taller del Museo de la Mujer<\/p>\n\n\n\n<p class=\"has-medium-font-size wp-block-paragraph\"><strong>Analiza casos y llama a impulsar la cultura de la b\u00fasqueda para encontrarlas vivas Idalia P\u00e9rez Fern\u00e1ndez Ceja del Museo de la Mujer<\/strong><\/p>\n\n\n\n<p class=\"wp-block-paragraph\">Elda Montiel&nbsp;<\/p>\n\n\n\n<p class=\"wp-block-paragraph\">SemM\u00e9xico, Cd. de M\u00e9xico, 12 de noviembre 2022.- M\u00e9xico es un pa\u00eds intensamente violento contra las mujeres, lo demuestran las sentencias de la Corte Interamericana de los Derechos Humanos (CIDH), desde el caso emblem\u00e1tico de Campo Algodonero (2009), los Casos de las ind\u00edgenas Me pha violadas por militares (Rosendo Cant\u00fa 2010 y Fern\u00e1ndez Ortega 2010); la represi\u00f3n a la libertad de expresi\u00f3n y violaci\u00f3n de las Mujeres de Atenco (2018) y el feminicidio de la defensora Digna Ochoa y Pl\u00e1cido (2022).<\/p>\n\n\n\n<p class=\"wp-block-paragraph\">No existe voluntad pol\u00edtica del gobierno para erradicar la violencia contra las mujeres se\u00f1al\u00f3 la doctora Idalia P\u00e9rez Fern\u00e1ndez Ceja, al recordar lo expresado por la jueza de la CIDH, Elizabeth Odio Benito, quien cuestion\u00f3 al Estado Mexicano, en 2018, por no haber trabajado por la erradicaci\u00f3n de la violencia contra las mujeres, y afirmar que \u201cno existe la voluntad pol\u00edtica porque subsiste el patriarcado\u201d.<\/p>\n\n\n\n<p class=\"wp-block-paragraph\">Esto se dijo durante el Taller \u201cLas Sentencias de los Derechos Humanos nos juzgan a todxs\u201d con el tema \u201cM\u00e9xico ante la Corte Interamericana. Sentencias con perspectiva de g\u00e9nero\u201d del Museo de la Mujer.&nbsp;<\/p>\n\n\n\n<p class=\"wp-block-paragraph\">La abogada de la Federaci\u00f3n de Mujeres Universitarias (FEMU), se\u00f1al\u00f3 que las sentencias de la Corte IDH sirven para mirar la punta del iceberg, eso significa que abajo hay miles de casos por una sistem\u00e1tica y permanente cultura de violencia contra la mujer.<\/p>\n\n\n\n<p class=\"wp-block-paragraph\">Consider\u00f3 que es importante tener presentes las condenas al Estado Mexicano desde la emblem\u00e1tica Sentencia de Campo Algodonero vs. M\u00e9xico (2009) que es la primera a nivel internacional y regional que la CIDH reconoce que existe el homicidio por la raz\u00f3n de ser mujer.<\/p>\n\n\n\n<p class=\"wp-block-paragraph\">\u201cNo podemos olvidar a las v\u00edctimas de feminicidio, es como una bomba at\u00f3mica, impacta en la sociedad, deben seguir presentes, siguen siendo actuales porque siguen apareciendo ni\u00f1as y mujeres en la calle y en otros espacios asesinadas, eso es lo preocupante\u201d.<\/p>\n\n\n\n<p class=\"wp-block-paragraph\"><strong>Impulsar la cultura de la b\u00fasqueda para que aparezcan vivas<\/strong><\/p>\n\n\n\n<p class=\"wp-block-paragraph\">La abogada P\u00e9rez Fern\u00e1ndez Ceja, insisti\u00f3 en que hay que recordar la \u201cSentencia de Campo Algodonero\u201d y tenerla presente, porque la desaparici\u00f3n y feminicidio sigue ocurriendo como el caso de Debanhi Escobar, la joven de 18 a\u00f1os en Monterrey, que desapareci\u00f3 el 8 de abril y apareci\u00f3 muerta el 21 de abril de este a\u00f1o.<\/p>\n\n\n\n<p class=\"wp-block-paragraph\">Desde el momento de la desaparici\u00f3n, las autoridades tienen que hacer el mayor esfuerzo para encontrarla con vida. \u201cNo debemos acostumbrarnos que la desaparici\u00f3n de una mujer termine en un cuerpo sin vida. Es un tema de las autoridades, tienen la corresponsabilidad de buscar mejor.&nbsp;<\/p>\n\n\n\n<p class=\"wp-block-paragraph\">La abogada P\u00e9rez Fern\u00e1ndez Ceja puntualiz\u00f3, que hay que impulsar la cultura de la b\u00fasqueda para encontrarlas vivas. Exigir la b\u00fasqueda de las v\u00edctimas de desaparici\u00f3n.<\/p>\n\n\n\n<p class=\"wp-block-paragraph\">Explico que las sentencias de la CIDH se toman como jurisprudencia y son obligatorias para el Estado Mexicano, aun cuando sean sentencias de a\u00f1os anteriores.&nbsp;<\/p>\n\n\n\n<p class=\"wp-block-paragraph\">En el Caso de Campo Algodonero el Estado Mexicano fue condenado por pr\u00e1cticas gubernamentales discriminatorias relacionadas con la justicia.&nbsp;<\/p>\n\n\n\n<p class=\"wp-block-paragraph\">La Corte conden\u00f3 la inacci\u00f3n estatal porque los funcionarios no investigaron las desapariciones y feminicidio de Claudia Ivette Gonz\u00e1lez de 20 a\u00f1os, Esmeralda Herrera Monreal de 15 a\u00f1os y Laura Berenice Mon\u00e1rrez de 17 a\u00f1os en Ciudad Ju\u00e1rez, Chihuahua.<\/p>\n\n\n\n<p class=\"wp-block-paragraph\">El 6 de noviembre de 2001 se encontraron los cuerpos de las tres j\u00f3venes quienes presentaban muestras de violencia sexual. Se concluy\u00f3 que las tres mujeres estuvieron privadas de su libertad antes de su muerte.<\/p>\n\n\n\n<p class=\"wp-block-paragraph\">Los familiares presentaron la denuncia de la desaparici\u00f3n. No obstante, no se iniciaron investigaciones. Las autoridades se limitaron a elaborar los registros de desaparici\u00f3n, los carteles de b\u00fasqueda, la toma de declaraciones y el env\u00edo del oficio a la Polic\u00eda Judicial. A pesar de los recursos interpuestos por los familiares no se investig\u00f3 ni sancion\u00f3 a los responsables.<\/p>\n\n\n\n<p class=\"wp-block-paragraph\">La doctora Idalia P\u00e9rez expres\u00f3 su agradecimiento a las familias de las v\u00edctimas, pues su pertinencia impacto de manera positiva para las dem\u00e1s personas, obliga a los Estados a que no haya repetici\u00f3n.&nbsp;<\/p>\n\n\n\n<p class=\"wp-block-paragraph\">Se estableci\u00f3 que las autoridades policiales del Estado de Chihuahua actuaron partiendo de los estereotipos de g\u00e9nero que reflejan la subordinaci\u00f3n de las mujeres y una \u201ccultura de discriminaci\u00f3n\u201d. Se vincul\u00f3 a la Convenci\u00f3n Belem Do Par\u00e1 y la CEDAW que obligan al Estado mexicano a la modificaci\u00f3n de los patrones culturales que sustentan los estereotipos.<\/p>\n\n\n\n<p class=\"wp-block-paragraph\">Se estableci\u00f3 que la impunidad de los delitos env\u00eda el mensaje de que la violencia contra la mujer es tolerada, lo que favorece la perpetuaci\u00f3n y aceptaci\u00f3n social del fen\u00f3meno, el sentimiento y la sensaci\u00f3n de inseguridad en las mujeres, as\u00ed como una persistente desconfianza de \u00e9stas en el sistema de administraci\u00f3n de justicia.&nbsp;<\/p>\n\n\n\n<p class=\"wp-block-paragraph\">Se reconoce que en M\u00e9xico si hay un contexto de violencia contra las mujeres y permite que personas ocupen posiciones de autoridad, persistan y se agrave.<\/p>\n\n\n\n<p class=\"wp-block-paragraph\"><strong>Condena a la violencia por militares y polic\u00edas estatales y municipales<\/strong><\/p>\n\n\n\n<p class=\"wp-block-paragraph\">En la Sentencia Cant\u00fa Rosendo y otras vs. M\u00e9xico, la joven Valentina Rosendo Cant\u00fa, una joven de 17 a\u00f1os de la comunidad Me phaa en el estado de Guerrero, casada y con una hija, en febrero del 2002, cuando estaba en un arroyo cercano a su domicilio fue interrogada por Ocho militares sobre unos encapuchados y como no les dio informaci\u00f3n, desde que la interrogaron le pusieron un arma de fuego, despu\u00e9s la golpearon y fue violada por un militar, y despu\u00e9s otro, cuando estaba tirada en el suelo.&nbsp;<\/p>\n\n\n\n<p class=\"wp-block-paragraph\">La Corte consider\u00f3 que la violaci\u00f3n sexual igual que la tortura persigue intimidar, degradar, humillar, castigar o controlar a la persona que sufre. Considero que la finalidad espec\u00edfica fue castigo ante la falta de informaci\u00f3n. La violaci\u00f3n fue un acto de tortura de acuerdo a la Convenci\u00f3n Americana.&nbsp;<\/p>\n\n\n\n<p class=\"wp-block-paragraph\"><strong>Fern\u00e1ndez Ortega vs M\u00e9xico<\/strong><\/p>\n\n\n\n<p class=\"wp-block-paragraph\">En el Caso Fern\u00e1ndez Ortega y otros vs. M\u00e9xico, la se\u00f1ora Fern\u00e1ndez Ortega una mujer ind\u00edgena de 25 a\u00f1os, residente en Barranca Tecoani en el estado de Guerrero, se encontraba en su casa, el 22 de marzo del 2002, en compa\u00f1\u00eda de sus cuatro hijos cuando un grupo de 11 militares portando armas ingresaron a su casa. Uno de ellos la tom\u00f3 de las manos y le dijo que se tirara al suelo. Otro militar con una mano tomo sus manos y la violo sexualmente, mientras otros dos militares miraban.<\/p>\n\n\n\n<p class=\"wp-block-paragraph\">Se interpusieron una serie de recursos a fin de investigar y sancionar a los responsables de los hechos. No obstante, estos no tuvieron \u00e9xito.<\/p>\n\n\n\n<p class=\"wp-block-paragraph\">La Corte consider\u00f3 en 2010 que despu\u00e9s de ocho a\u00f1os de los hechos el Estado Mexicano no aporto evidencias en el procedimiento que permita contradecir la existencia de la violaci\u00f3n sexual, por lo que el Tribunal considero que el Estado no puede justificarse con base exclusivamente en el desconocimiento de si la violaci\u00f3n hab\u00eda existido y su autor\u00eda cuando ello es consecuencia de sus propios errores y falacias.<\/p>\n\n\n\n<p class=\"wp-block-paragraph\">La Corte encontr\u00f3 que la se\u00f1ora Fern\u00e1ndez Ortega fue v\u00edctima de violaci\u00f3n sexual cometida por un militar ante la presencia de otros dos militares que observaban su ejecuci\u00f3n, cuando ella se encontraba en su casa.&nbsp;<\/p>\n\n\n\n<p class=\"wp-block-paragraph\"><strong>Caso Mujeres V\u00edctimas de Tortura Sexual en Atenco&nbsp;<\/strong><\/p>\n\n\n\n<p class=\"wp-block-paragraph\">La doctora P\u00e9rez Fern\u00e1ndez Ceja expres\u00f3 que el Caso de las Mujeres de Atenco la gente no recuerda, no lo conoce, y es tremendo porque la CIDH reconoce que los polic\u00edas estatales y federales violentaron a las mujeres de manera sexual para intimidarlas para que no marcharan.<\/p>\n\n\n\n<p class=\"wp-block-paragraph\">Es un caso que la enfurece, porque los polic\u00edas mandan el mensaje: \u201cNo tienes que marchar porque eres mujer, y si lo hacer te van a violar, a tocar los senos, la vagina, porque eres mujer\u201d. Se refiere a la libertad de expresi\u00f3n, al derecho de marchar, a expresarse en el espacio p\u00fablico. Es importante porque evidencio una forma de represi\u00f3n social por ser mujer.&nbsp;<\/p>\n\n\n\n<p class=\"wp-block-paragraph\">Fue un caso en el que protestaron mujeres y hombres por el tema de sus tierras fueron reprendidos por polic\u00edas estatales y federales fuera de protocolo con el uso de la fuerza p\u00fablica.<\/p>\n\n\n\n<p class=\"wp-block-paragraph\">Cuando se llevaron a cabo las audiencias, Julissa Mantilla, perita de Per\u00fa, experta en violencia psicol\u00f3gica le dijo al Estado Mexicano que no basta con implementar mecanismos como la Alerta de G\u00e9nero se tiene que supervisar, evaluar dichos instrumentos para ver si funcionan.&nbsp;<\/p>\n\n\n\n<p class=\"wp-block-paragraph\">Los d\u00edas 3 y 4 de mayo del 2006 la polic\u00eda municipal de Texcoco y San Salvador Atenco, la polic\u00eda estatal del Estado Mexicano y la Polic\u00eda Federal Preventiva adelantaron operativos para reprimir manifestaciones que se llevaban a cabo en dichos municipios.<\/p>\n\n\n\n<p class=\"wp-block-paragraph\">En el curso del operativo fueron detenidas 11 mujeres, durante su detenci\u00f3n y traslado al Centro de Readaptaci\u00f3n Social de Santiaguito fueron sometidas a diversas formas de violencia, amenazas de violaci\u00f3n, se probaron agresiones sexuales y violaci\u00f3n. En el centro penitenciario sufrieron trato denigrante y hasta burlas por los primeros m\u00e9dicos que se negaron a realizar ex\u00e1menes ginecol\u00f3gicos y a reportar y registrar la violaci\u00f3n sexual.&nbsp;<\/p>\n\n\n\n<p class=\"wp-block-paragraph\">La Corte encontr\u00f3 que las torturas fueron utilizadas como una forma de control social represivo, las v\u00edctimas fueron sometidas a formas de violencia verbal y psicol\u00f3gica profundamente estereotipada y discriminatoria, y que el tratamiento de los m\u00e9dicos constituyo un elemento adicional de trato cruel y degradante.&nbsp;<\/p>\n\n\n\n<p class=\"wp-block-paragraph\">El Tribunal determin\u00f3 que las 11 mujeres sufrieron violencia sexual por agresiones verbales y f\u00edsicas en Atenco; siete de ellas fueron v\u00edctimas de violaciones sexuales, y todas fueron sometidas a tortura por los agentes policiales al momento de llevarlo a cabo.&nbsp;<\/p>\n\n\n\n<p class=\"wp-block-paragraph\">El Estado dice que no hab\u00eda suficientes pruebas, la Corte atribuye la carga de la prueba al Estado, en tanto no haya demostrado le vamos a creer a las mujeres v\u00edctimas, le dijo.<\/p>\n\n\n\n<p class=\"wp-block-paragraph\">Al respecto, la abogada dijo que hay que tener presentes estas sentencias donde est\u00e1n involucrados los militares y los polic\u00edas. Son casos impactantes, porque cuando las mujeres y las ni\u00f1as est\u00e1n frente a un polic\u00eda o un militar est\u00e1 latente la agresi\u00f3n sexual por ser mujeres.<\/p>\n\n\n\n<p class=\"wp-block-paragraph\">Record\u00f3 el caso de Lydia Cacho quien hab\u00eda denunciado a pederastas en un libro, fue detenida arbitrariamente por un grupo de polic\u00edas el 16 de diciembre de 2005 en Canc\u00fan, Quintana Roo, y trasladada en veh\u00edculo hasta la Ciudad de Puebla. En el trayecto fue torturada y acusada de difamaci\u00f3n por la Fiscal\u00eda de Puebla. La acci\u00f3n fue ordenada por el entonces gobernador de Puebla, Mario Mar\u00edn.<\/p>\n\n\n\n<p class=\"wp-block-paragraph\">Los polic\u00edas dijeron que exageraba y que no la hab\u00eda violado, \u00bfcu\u00e1l era el problema?<\/p>\n\n\n\n<p class=\"wp-block-paragraph\">Idalia P\u00e9rez Fern\u00e1ndez Ceja se\u00f1al\u00f3 que cuando sabes de una situaci\u00f3n de alto riesgo es un tema de violencia aun cuando no se materialice la violaci\u00f3n, son personas del Estado y estas sometida a ellos y van a hacer lo que quieran contigo.&nbsp;<\/p>\n\n\n\n<p class=\"wp-block-paragraph\">La CIDH ha sancionado la presencia de militares y polic\u00edas y le ha dicho al Estado que tiene obligaci\u00f3n de tener protocolos adecuados para educar a las fuerzas armadas cuando est\u00e1n en comunidades ind\u00edgenas, cuando interact\u00faan con los civiles.<\/p>\n\n\n\n<p class=\"wp-block-paragraph\"><strong>Caso Digna Ochoa y Pl\u00e1cido&nbsp;<\/strong><\/p>\n\n\n\n<p class=\"wp-block-paragraph\">El 14 de enero de 2022 se da a conocer la Sentencia de la CIDH respecto al feminicidio de la defensora de derechos humanos Digna Ochoa hace responsable al Estado Mexicano de las graves falencias ocurridas en la investigaci\u00f3n.<\/p>\n\n\n\n<p class=\"wp-block-paragraph\">La abogada Digna Ochoa y Pl\u00e1cido fue encontrada sin vida en su despacho de la calle de Zacatecas en la colonia Roma de la Ciudad de M\u00e9xico, el 19 de octubre de 2001. Era una sobresaliente defensora de los Derechos Humanos galardonada con diversos premios internacionales en reconocimiento por su trabajo.&nbsp;<\/p>\n\n\n\n<p class=\"wp-block-paragraph\">Digna Ochoa y Placido antes de su feminicidio hab\u00eda sido v\u00edctima de diversas amenazas y secuestros, el primero, el 9 de agosto de 1999, secuestrada por desconocidos durante cuatro horas, quienes sustrajeron sus pertenencias e identificaciones personales. Un mes despu\u00e9s, el 3 de septiembre del mismo a\u00f1o, se recibieron en el Centro de Derechos Humanos Miguel Agust\u00edn Pro Ju\u00e1rez (PRODH), lugar donde laboraba, por correo sobres con amenazas de muerte.&nbsp;<\/p>\n\n\n\n<p class=\"wp-block-paragraph\">La doctora Idalia record\u00f3 lo expresado por Karla Michel Salas, abogada del Caso ante la Corte, que es un caso emblem\u00e1tico por varias razones, no solo porque su crimen fue cometido contra una defensora mujer, sino por el papel de las autoridades, una sobre investigaci\u00f3n de 40 mil hojas no \u00fatiles que hizo la Procuradur\u00eda para fortalecer un perfil de Digna Ochoa que no le correspond\u00eda. Finalmente se logr\u00f3 defender su imagen y se le ordeno al Estado realizar la investigaci\u00f3n por feminicidio.<\/p>\n\n\n\n<p class=\"wp-block-paragraph\">El taller mensual se realiza desde el 2013 con el apoyo de la doctora Patricia Galeana Herrera, feminista, historiadora y diplom\u00e1tica, fundadora y directora del Museo de la Mujer. El pr\u00f3ximo a\u00f1o se publicar\u00e1 un libro de memorias, ya que el taller fue pionero en estos temas de acceso a la justicia y derechos humanos de las mujeres comento la doctora Idalia P\u00e9rez Fern\u00e1ndez Ceja.<\/p>\n","protected":false},"excerpt":{"rendered":"<p>Advierten especialistas de la amenaza de acciones militares y policiacas en taller del Museo de la Mujer<\/p>\n","protected":false},"author":3,"featured_media":58692,"comment_status":"open","ping_status":"open","sticky":false,"template":"","format":"standard","meta":{"_monsterinsights_skip_tracking":false,"footnotes":""},"categories":[693,47],"tags":[],"class_list":["post-58690","post","type-post","status-publish","format-standard","has-post-thumbnail","category-693","category-no-mas-impunidad"],"_links":{"self":[{"href":"https:\/\/redsemlac.com\/semmexico\/wp-json\/wp\/v2\/posts\/58690","targetHints":{"allow":["GET"]}}],"collection":[{"href":"https:\/\/redsemlac.com\/semmexico\/wp-json\/wp\/v2\/posts"}],"about":[{"href":"https:\/\/redsemlac.com\/semmexico\/wp-json\/wp\/v2\/types\/post"}],"author":[{"embeddable":true,"href":"https:\/\/redsemlac.com\/semmexico\/wp-json\/wp\/v2\/users\/3"}],"replies":[{"embeddable":true,"href":"https:\/\/redsemlac.com\/semmexico\/wp-json\/wp\/v2\/comments?post=58690"}],"version-history":[{"count":0,"href":"https:\/\/redsemlac.com\/semmexico\/wp-json\/wp\/v2\/posts\/58690\/revisions"}],"wp:featuredmedia":[{"embeddable":true,"href":"https:\/\/redsemlac.com\/semmexico\/wp-json\/wp\/v2\/media\/58692"}],"wp:attachment":[{"href":"https:\/\/redsemlac.com\/semmexico\/wp-json\/wp\/v2\/media?parent=58690"}],"wp:term":[{"taxonomy":"category","embeddable":true,"href":"https:\/\/redsemlac.com\/semmexico\/wp-json\/wp\/v2\/categories?post=58690"},{"taxonomy":"post_tag","embeddable":true,"href":"https:\/\/redsemlac.com\/semmexico\/wp-json\/wp\/v2\/tags?post=58690"}],"curies":[{"name":"wp","href":"https:\/\/api.w.org\/{rel}","templated":true}]}}