{"id":58684,"date":"2022-11-11T16:37:23","date_gmt":"2022-11-11T22:37:23","guid":{"rendered":"https:\/\/redsemlac.com\/semmexico\/?p=58684"},"modified":"2023-07-21T19:21:14","modified_gmt":"2023-07-22T00:21:14","slug":"concluye-la-xv-conferencia-mujer-alc-paises-se-comprometieron-a-transitar-hacia-un-nuevo-estilo-de-desarrollo-la-sociedad-del-cuidado","status":"publish","type":"post","link":"https:\/\/redsemlac.com\/semmexico\/concluye-la-xv-conferencia-mujer-alc-paises-se-comprometieron-a-transitar-hacia-un-nuevo-estilo-de-desarrollo-la-sociedad-del-cuidado\/","title":{"rendered":"Concluye la XV Conferencia Mujer ALC: Pa\u00edses se comprometieron a transitar hacia un nuevo estilo de desarrollo: la Sociedad del Cuidado"},"content":{"rendered":"\n<ul class=\"wp-block-list\"><li><strong>El compromiso de Buenos Aires: esperanza para una sociedad del cuidado<\/strong><\/li><li><strong>2025, la <\/strong><strong>Conferencia Regional sobre la Mujer de Am\u00e9rica Latina y el Caribe, se celebrar\u00e1 en M\u00e9xico.<\/strong><\/li><\/ul>\n\n\n\n<p class=\"wp-block-paragraph\"><strong>Norma Loto<\/strong><\/p>\n\n\n\n<p class=\"wp-block-paragraph\"><strong>SemM\u00e9xico. Buenos Aires<\/strong>, 11 de noviembre 2022.- En medio de un clima colorido y esperanzador lleg\u00f3 a su fin la  XV Conferencia Regional sobre la Mujer de Am\u00e9rica Latina y el Caribe. La clausura de la reuni\u00f3n regional, lleg\u00f3 con la firma de un compromiso para adoptar normativas que garanticen el derecho al cuidado.\u00a0<\/p>\n\n\n\n<p class=\"wp-block-paragraph\">El documento se denomina <a>Compromiso de Buenos Aires<\/a> y reconoce \u201cel cuidado como un derecho de las personas a cuidar, a ser cuidadas y a ejercer el autocuidado sobre la base de los principios de igualdad, universalidad y corresponsabilidad social y de g\u00e9nero y, por lo tanto, como una responsabilidad que debe ser compartida por las personas de todos los sectores de la sociedad, las familias, las comunidades, las empresas y el Estado\u201d.<\/p>\n\n\n\n<p class=\"wp-block-paragraph\">&nbsp;Asimismo, los estados se comprometieron a implementar pol\u00edticas integrales de cuidado desde las perspectivas de g\u00e9nero, interseccionalidad, interculturalidad y derechos humanos.<\/p>\n\n\n\n<p class=\"wp-block-paragraph\">La ceremonia de clausura cont\u00f3 con la participaci\u00f3n de Ra\u00fal Garc\u00eda-Buchaca, Secretario Ejecutivo Adjunto para Administraci\u00f3n y An\u00e1lisis de Programas de la Comisi\u00f3n Econ\u00f3mica para Am\u00e9rica Latina y el Caribe (CEPAL); Mar\u00eda-Noel Vaeza, Directora Regional para las Am\u00e9ricas y el Caribe de ONU Mujeres; Ayel\u00e9n Mazzina, Ministra de las Mujeres, G\u00e9neros y Diversidad de la Argentina; y Amina J. Mohammed, Vicesecretaria General de las Naciones Unidas que lo hizo a trav\u00e9s de un video<\/p>\n\n\n\n<p class=\"wp-block-paragraph\">Garc\u00eda-Buchaca, celebr\u00f3 el compromiso acordado y manifest\u00f3 que es esperanzador para poder \u201cavanzar en pol\u00edticas concretas para hacer realidad, en toda la regi\u00f3n y en todos sus territorios, los derechos y la autonom\u00eda de las mujeres y que adem\u00e1s nos permite seguir fortaleciendo la Agenda Regional de G\u00e9nero, como venimos haciendo desde hace 45 a\u00f1os\u201d<\/p>\n\n\n<div class=\"wp-block-image\">\n<figure class=\"aligncenter size-full\"><a href=\"https:\/\/redsemlac.com\/semmexico\/wp-content\/uploads\/2022\/11\/FOTO-CIERRE-CEPAL.png\"><img loading=\"lazy\" decoding=\"async\" width=\"599\" height=\"301\" src=\"https:\/\/redsemlac.com\/semmexico\/wp-content\/uploads\/2022\/11\/FOTO-CIERRE-CEPAL.png\" alt=\"\" class=\"wp-image-58686\"\/><\/a><\/figure>\n<\/div>\n\n\n<p class=\"wp-block-paragraph\">\u201cDesde la convicci\u00f3n de renovar nuestras reflexiones a partir de las crisis en cascada que nos interpelan es que la CEPAL propone continuar con los esfuerzos feministas de transformaci\u00f3n y un profundo cambio civilizatorio: la sociedad del cuidado\u201d, enfatiz\u00f3 el Secretario Ejecutivo de la CEPAL.<\/p>\n\n\n\n<p class=\"wp-block-paragraph\">El&nbsp; Compromiso de Buenos Aires, entre sus puntos se refiere a la necesidad de \u201creconocer que las mujeres, las adolescentes y las ni\u00f1as en toda su diversidad y a lo largo de su ciclo de vida enfrentan formas m\u00faltiples e interrelacionadas de discriminaci\u00f3n, por lo que es necesario respetar y valorar la diversidad de situaciones y condiciones en que se encuentran y visibilizar el hecho de que afrontan barreras que obstaculizan su autonom\u00eda y el ejercicio de sus derechos y que es preciso adoptar estrategias interseccionales que respondan a sus necesidades espec\u00edficas, prestando particular atenci\u00f3n a la feminizaci\u00f3n de la pobreza en la regi\u00f3n\u201d:<\/p>\n\n\n\n<p class=\"wp-block-paragraph\">Tambi\u00e9n enfoca sobre el reconocimiento de la injusta distribuci\u00f3n del uso del tiempo y la actual organizaci\u00f3n social de los cuidados afectan de manera desproporcionada a las mujeres, en particular a las que viven en contextos de pobreza, a las ni\u00f1as, adolescentes, j\u00f3venes y mujeres mayores, y a las mujeres ind\u00edgenas, afrodescendientes, rurales, con discapacidad, privadas de la libertad, que viven con VIH, migrantes y refugiadas, as\u00ed como a las personas LGBTI+, entre otras.<\/p>\n\n\n\n<p class=\"wp-block-paragraph\">Se detiene en la necesidad de reconocer el cuidado como un derecho de las personas a cuidar, a ser cuidadas y a ejercer el autocuidado \u201csobre la base de los principios de igualdad, universalidad y corresponsabilidad social y de g\u00e9nero y, por lo tanto, como una responsabilidad que debe ser compartida por las personas de todos los sectores de la sociedad, las familias, las comunidades, las empresas y el Estado, adoptando marcos normativos, pol\u00edticas, programas y sistemas integrales de cuidado con perspectiva de interseccionalidad e interculturalidad, que respeten, protejan y cumplan los derechos de quienes reciben y proveen cuidados de forma remunerada y no remunerada, que prevengan todas las formas de acoso sexual y laboral\u201d.<\/p>\n\n\n\n<p class=\"wp-block-paragraph\">Previo a ser difundido el Compromiso de Buenos Aires, se realiz\u00f3 la Mesa sobre la corresponsabilidad de los cuidados, y en esa actividad Ruth D\u00edaz Medrano, Presidenta de la Federaci\u00f3n Nacional de Mujeres Trabajadoras (FENAMUTRA) de la Rep\u00fablica Dominicana, emiti\u00f3 una iron\u00eda con el fin de interpelar: \u201cla pandemia vino a descubrir lo que siempre hemos hecho las mujeres\u201d y remarc\u00f3 la importancia de \u201cuna nueva masculinidad debe ser propicia para una sociedad del cuidado\u201d<\/p>\n\n\n\n<p class=\"wp-block-paragraph\">Esta observaci\u00f3n de D\u00edaz Medrano, fue un constante reclamo por parte de todas las representantes de los pa\u00edses concurrentes. Es por ello, que el Compromiso de Buenos Aires refleja esta necesidad y apuesta por la&nbsp; promoci\u00f3n de&nbsp; masculinidades corresponsables y no violentas con el fin de \u201ctransformar los roles y estereotipos de g\u00e9nero, a trav\u00e9s de la plena participaci\u00f3n de los hombres, los j\u00f3venes y los ni\u00f1os como aliados estrat\u00e9gicos para el logro de la igualdad de g\u00e9nero, incluso a trav\u00e9s de educaci\u00f3n, comunicaci\u00f3n y programas de sensibilizaci\u00f3n\u201d.<\/p>\n\n\n\n<h2 class=\"wp-block-heading\"><strong>Es importante pensar el C\u00f3mo<\/strong><\/h2>\n\n\n\n<p class=\"wp-block-paragraph\">Mar\u00eda-Noel Vaeza de ONU Mujeres, fue una de las expositoras m\u00e1s frecuentes y optimistas de toda la Conferencia realizada en Buenos Aires. En el acto de clausura recalc\u00f3 que: \u201ceste encuentro ha significado un impulso sin precedentes a un nuevo modelo de desarrollo que estamos promoviendo desde organizaciones feministas y de mujeres, organismos internacionales y parlamentos: la sociedad del cuidado. Confiamos en que los Estados y el sector privado se sigan sumando a este gran esfuerzo para corregir desigualdades hist\u00f3ricas, ayudar a cuidar el planeta\u201d.<\/p>\n\n\n\n<p class=\"wp-block-paragraph\">Asimismo, se refiri\u00f3 a la necesidad de hacer crecer \u201clas oportunidades para toda la sociedad, y especialmente las mujeres en toda su diversidad, las mujeres ind\u00edgenas, rurales, afrodescendientes, con discapacidad, ni\u00f1as, adolescentes y adultas mayores, migrantes y refugiadas, del colectivo de la diversidad y que viven con VIH\u201d.<\/p>\n\n\n\n<p class=\"wp-block-paragraph\">Despu\u00e9s del Compromiso de Buenos Aires \u00bfqu\u00e9 podemos esperar?, pregunt\u00f3 SemM\u00e9xico a Vaeza. \u201cAhora sabemos qu\u00e9 tenemos que hacer, pero debemos profundizar en c\u00f3mo hacerlo\u201d, respondi\u00f3.<\/p>\n\n\n\n<figure class=\"wp-block-image size-large\"><a href=\"https:\/\/redsemlac.com\/semmexico\/wp-content\/uploads\/2022\/11\/FhTrEyQXEAww6i1.jpg\"><img decoding=\"async\" src=\"https:\/\/redsemlac.com\/semmexico\/wp-content\/uploads\/2022\/11\/FhTrEyQXEAww6i1-1024x682.jpg\" alt=\"\" class=\"wp-image-58687\"\/><\/a><\/figure>\n\n\n\n<p class=\"wp-block-paragraph\">\u201cC\u00f3mo lo vamos a financiar. Tenemos que buscar que tenga una gobernanza participativa, que tenga todos los sectores y c\u00f3mo vamos a implantarlo en todos pa\u00edses. Es muy importante que el cuidado sea consagrado como un derecho, pero tambi\u00e9n es importante financiarlo, gobernarlo y salir adelante\u201d, agreg\u00f3 Vaeza a SemM\u00e9xico.<\/p>\n\n\n\n<p class=\"wp-block-paragraph\">La representante de ONU Mujeres se detuvo en la necesidad urgente de convertir a los cuidados en \u201cuna realidad y que sea un cuarto pilar de protecci\u00f3n social como lo es la salud, la educaci\u00f3n y la seguridad social. Para eso tenemos que hacer una revoluci\u00f3n cultural, con el fin de conseguir la corresponsabilidad y para eso es importante tener en cuenta las 3 erres de las que venimos hablando: Reconocer-Reducir-Redistribuir el trabajo del cuidado\u201d, concluy\u00f3 ante SemM\u00e9xico.<\/p>\n\n\n\n<h2 class=\"wp-block-heading\"><strong>M\u00e9xico 2025<\/strong><\/h2>\n\n\n\n<p class=\"wp-block-paragraph\">El Compromiso, en sus \u00faltimos puntos agradeci\u00f3 a la Argentina por haber sido el pa\u00eds anfitri\u00f3n de la XV Conferencia Regional sobre la Mujer de Am\u00e9rica Latina y el Caribe. A la vez que, anunci\u00f3 que la pr\u00f3xima Conferencia de la Mujer de Am\u00e9rica Latina y el Caribe, se celebrar\u00e1 en M\u00e9xico en 2025.<\/p>\n","protected":false},"excerpt":{"rendered":"<p>El compromiso de Buenos Aires: esperanza para una sociedad del cuidado<\/p>\n","protected":false},"author":3,"featured_media":58685,"comment_status":"open","ping_status":"open","sticky":false,"template":"","format":"standard","meta":{"_monsterinsights_skip_tracking":false,"footnotes":""},"categories":[693,667,27],"tags":[],"class_list":["post-58684","post","type-post","status-publish","format-standard","has-post-thumbnail","category-693","category-cepal-2022","category-cobertura-especial"],"_links":{"self":[{"href":"https:\/\/redsemlac.com\/semmexico\/wp-json\/wp\/v2\/posts\/58684","targetHints":{"allow":["GET"]}}],"collection":[{"href":"https:\/\/redsemlac.com\/semmexico\/wp-json\/wp\/v2\/posts"}],"about":[{"href":"https:\/\/redsemlac.com\/semmexico\/wp-json\/wp\/v2\/types\/post"}],"author":[{"embeddable":true,"href":"https:\/\/redsemlac.com\/semmexico\/wp-json\/wp\/v2\/users\/3"}],"replies":[{"embeddable":true,"href":"https:\/\/redsemlac.com\/semmexico\/wp-json\/wp\/v2\/comments?post=58684"}],"version-history":[{"count":0,"href":"https:\/\/redsemlac.com\/semmexico\/wp-json\/wp\/v2\/posts\/58684\/revisions"}],"wp:featuredmedia":[{"embeddable":true,"href":"https:\/\/redsemlac.com\/semmexico\/wp-json\/wp\/v2\/media\/58685"}],"wp:attachment":[{"href":"https:\/\/redsemlac.com\/semmexico\/wp-json\/wp\/v2\/media?parent=58684"}],"wp:term":[{"taxonomy":"category","embeddable":true,"href":"https:\/\/redsemlac.com\/semmexico\/wp-json\/wp\/v2\/categories?post=58684"},{"taxonomy":"post_tag","embeddable":true,"href":"https:\/\/redsemlac.com\/semmexico\/wp-json\/wp\/v2\/tags?post=58684"}],"curies":[{"name":"wp","href":"https:\/\/api.w.org\/{rel}","templated":true}]}}