{"id":5867,"date":"2019-04-22T15:23:16","date_gmt":"2019-04-22T15:23:16","guid":{"rendered":"https:\/\/redsemlac.com\/semmexico\/?p=5867"},"modified":"2023-07-21T14:48:08","modified_gmt":"2023-07-21T19:48:08","slug":"cuestiona-organizacion-social-violacion-a-derechos-humanos-de-la-nina","status":"publish","type":"post","link":"https:\/\/redsemlac.com\/semmexico\/cuestiona-organizacion-social-violacion-a-derechos-humanos-de-la-nina\/","title":{"rendered":"Cuestiona organizaci\u00f3n social violaci\u00f3n a derechos humanos de la ni\u00f1a"},"content":{"rendered":"\n<p class=\"wp-block-paragraph\"><a href=\"https:\/\/www.semmexico.com\/gallery-post.php?id=7920#\">Patricia Brise\u00f1o<\/a><\/p>\n\n\n\n<p class=\"wp-block-paragraph\">SemM\u00e9xico, Oaxaca, 22 abril 2019.- La violencia sexual ha dejado al menos marcas en la vida de 91 ni\u00f1as y adolescentes, en 2018 y los primeros tres meses de este a\u00f1o, inform\u00f3 la Procuradora de Protecci\u00f3n de los Derechos de Ni\u00f1as, Ni\u00f1os y Adolescentes del Sistema DIF Estatal, Susana P\u00e9rez Guerrero.<\/p>\n\n\n\n<p class=\"wp-block-paragraph\">Tras se\u00f1alar que no deber\u00eda registrarse ning\u00fan caso, especific\u00f3 que 79 casos ocurrieron en 2018 y este a\u00f1o tienen registro de 12 m\u00e1s delitos de violaciones sexuales contra ni\u00f1as y adolescentes.<\/p>\n\n\n\n<p class=\"wp-block-paragraph\">Entrevistada luego de que se dio a conocer que la semana pasada una ni\u00f1a de 11 a\u00f1os se convirti\u00f3 en madre de un ni\u00f1o en el hospital general \u00abAurelio Valdivieso\u00bb de los Servicios de Salud de Oaxaca.<\/p>\n\n\n\n<p class=\"wp-block-paragraph\">El beb\u00e9 naci\u00f3 por ces\u00e1rea, pes\u00f3 tres kilos y no se reportaron complicaciones durante el parto, de acuerdo con el reporte m\u00e9dico de la instituci\u00f3n.<\/p>\n\n\n\n<p class=\"wp-block-paragraph\">El alumbramiento sucedi\u00f3 el martes 16 de abril cuando ingres\u00f3 a la instituci\u00f3n, ubicada en la zona norte de la ciudad de Oaxaca. La menor lleg\u00f3 acompa\u00f1ada por una persona del Sistema para el Desarrollo Integral de la Familia (DIF). En esa misma fecha, cumpli\u00f3 11 a\u00f1os de vida.<\/p>\n\n\n\n<p class=\"wp-block-paragraph\">El jueves pasado ambos menores de edad fueron dados de alta y reinstalados en la casa hogar del DIF, que junto con Procuradur\u00eda Estatal de Protecci\u00f3n de los derechos de Ni\u00f1os, Ni\u00f1as y Adolescentes de Oaxaca (Prodennao), resguarda a la v\u00edctima desde el octavo mes de embazo, fecha en que conocieron del caso y le da seguimiento a la carpeta de investigaci\u00f3n por el probable delito de abuso sexual y violaci\u00f3n.<\/p>\n\n\n\n<p class=\"wp-block-paragraph\">La Prodennao est\u00e1 facultada para denunciar ante el Ministerio P\u00fablico dentro de las siguientes 24 horas de las que se tenga conocimiento de aquellos hechos que se presuman constitutivos de delito, adem\u00e1s de solicitarle la imposici\u00f3n de medidas urgentes de protecci\u00f3n especial cuando exista un riesgo inminente contra la vida, integridad o libertad de los infantes y adolescentes.<\/p>\n\n\n\n<p class=\"wp-block-paragraph\">Al respecto, la organizaci\u00f3n feminista MUGER (Mujeres Unidas en torno al G\u00e9nero, la Equidad y la Reivindicaci\u00f3n), reclam\u00f3 a las autoridades una investigaci\u00f3n profunda que revele las omisiones por parte de quienes callaron ante la sospecha de la recurrencia de abuso sexual y violaci\u00f3n de una ni\u00f1a.&nbsp;<\/p>\n\n\n\n<p class=\"wp-block-paragraph\">Esto nunca debi\u00f3 de haber sucedido. La ni\u00f1a llev\u00f3 a t\u00e9rmino su embarazo porque no se aplicaron los derechos de la menor, que en caso de violaci\u00f3n debi\u00f3 de haberse aplicado la Norma Oficial Mexicana 046 que permite la interrupci\u00f3n del embarazo, indic\u00f3, Amanda Huerta Duarte, participante de la red feminista.<\/p>\n\n\n\n<p class=\"wp-block-paragraph\">&nbsp;\u201cTodos los delitos se deben de pagar con c\u00e1rcel, porque hay autoridades involucradas, sobre todo si en alg\u00fan momento una persona adulta la llev\u00f3 a una cl\u00ednica local. Los m\u00e9dico y enfermeras son servidores p\u00fablicos, ellos son pudieron evitar revictimizarla, pero se quedaron callados\u201d.<\/p>\n\n\n\n<p class=\"wp-block-paragraph\">En la cadena de omisiones, tambi\u00e9n est\u00e1n los docentes debido a que ellos conocen los mecanismos, protocolos, rutas de protecci\u00f3n elaboradas por el instituto de educaci\u00f3n para saber c\u00f3mo actuar frente a situaciones de abuso sexual, pero no actuaron, expuso Huerta.<\/p>\n\n\n\n<p class=\"wp-block-paragraph\">SEM\/pb\/sj<br><\/p>\n","protected":false},"excerpt":{"rendered":"<p>Patricia Brise\u00f1o SemM\u00e9xico, Oaxaca, 22 abril 2019.- La violencia sexual ha dejado al menos marcas en la vida de 91 ni\u00f1as y adolescentes, en 2018 y los primeros tres meses de este a\u00f1o, inform\u00f3 la Procuradora de Protecci\u00f3n de los Derechos de Ni\u00f1as, Ni\u00f1os y Adolescentes del Sistema DIF Estatal, Susana P\u00e9rez Guerrero. Tras se\u00f1alar [&hellip;]<\/p>\n","protected":false},"author":3,"featured_media":5868,"comment_status":"open","ping_status":"open","sticky":false,"template":"","format":"standard","meta":{"_monsterinsights_skip_tracking":false,"footnotes":""},"categories":[690,51],"tags":[],"class_list":["post-5867","post","type-post","status-publish","format-standard","has-post-thumbnail","category-690","category-ejecutivo"],"_links":{"self":[{"href":"https:\/\/redsemlac.com\/semmexico\/wp-json\/wp\/v2\/posts\/5867","targetHints":{"allow":["GET"]}}],"collection":[{"href":"https:\/\/redsemlac.com\/semmexico\/wp-json\/wp\/v2\/posts"}],"about":[{"href":"https:\/\/redsemlac.com\/semmexico\/wp-json\/wp\/v2\/types\/post"}],"author":[{"embeddable":true,"href":"https:\/\/redsemlac.com\/semmexico\/wp-json\/wp\/v2\/users\/3"}],"replies":[{"embeddable":true,"href":"https:\/\/redsemlac.com\/semmexico\/wp-json\/wp\/v2\/comments?post=5867"}],"version-history":[{"count":0,"href":"https:\/\/redsemlac.com\/semmexico\/wp-json\/wp\/v2\/posts\/5867\/revisions"}],"wp:featuredmedia":[{"embeddable":true,"href":"https:\/\/redsemlac.com\/semmexico\/wp-json\/wp\/v2\/media\/5868"}],"wp:attachment":[{"href":"https:\/\/redsemlac.com\/semmexico\/wp-json\/wp\/v2\/media?parent=5867"}],"wp:term":[{"taxonomy":"category","embeddable":true,"href":"https:\/\/redsemlac.com\/semmexico\/wp-json\/wp\/v2\/categories?post=5867"},{"taxonomy":"post_tag","embeddable":true,"href":"https:\/\/redsemlac.com\/semmexico\/wp-json\/wp\/v2\/tags?post=5867"}],"curies":[{"name":"wp","href":"https:\/\/api.w.org\/{rel}","templated":true}]}}