{"id":58668,"date":"2022-11-11T12:07:52","date_gmt":"2022-11-11T18:07:52","guid":{"rendered":"https:\/\/redsemlac.com\/semmexico\/?p=58668"},"modified":"2023-07-21T19:21:15","modified_gmt":"2023-07-22T00:21:15","slug":"cepal2022-piden-por-la-libertad-de-las-presas-politicas-nicaraguenses","status":"publish","type":"post","link":"https:\/\/redsemlac.com\/semmexico\/cepal2022-piden-por-la-libertad-de-las-presas-politicas-nicaraguenses\/","title":{"rendered":"Cepal2022| Piden por la libertad de las presas pol\u00edticas nicarag\u00fcenses"},"content":{"rendered":"\n<ul class=\"wp-block-list\"><li><strong>Tambi\u00e9n dan cuenta que al menos 16 defensoras de derechos humanos han sido desterradas de su pa\u00eds y otras 150 se han exiliado.<\/strong><strong><\/strong><\/li><\/ul>\n\n\n\n<p class=\"wp-block-paragraph\"><strong>Norma Loto<\/strong><\/p>\n\n\n\n<p class=\"wp-block-paragraph\">SemM\u00e9xico, Buenos Aires, Argentina, 11 de noviembre del 2022.- Si bien la sociedad del cuidado es el n\u00facleo central de la XV Conferencia Regional sobre la Mujer de Am\u00e9rica Latina y el Caribe, hay otras causas que buscan ser escuchadas. Las voces de las mujeres nicarag\u00fcenses y su pedido por la liberaci\u00f3n de las presas pol\u00edticas de su pa\u00eds, se manifestaron en esta reuni\u00f3n internacional.<\/p>\n\n\n\n<p class=\"wp-block-paragraph\">Un sector de la comitiva nicarag\u00fcense pide la liberaci\u00f3n de sus compa\u00f1eras que desde abril de 2018, tras protestar contra la reforma neoliberal del Seguro Social, fueron v\u00edctimas de una brutal represi\u00f3n ordenada por el presidente, Daniel Ortega y aliados\/as.<\/p>\n\n\n\n<p class=\"wp-block-paragraph\">#Quelasliberen es el hashtag que desea ser o\u00eddo en el contexto internacional y que busca dar cuenta que en la actualidad en Nicaragua hay m\u00e1s de 200 personas presas pol\u00edticas y 21 son mujeres. Muchas de ellas est\u00e1n incomunicadas y aisladas. \u201cPara ellas la huelga de hambre se ha convertido en la \u00fanica opci\u00f3n para exigir derechos fundamentales como: comunicarse con su hijas e hijos menores de edad\u201d.<\/p>\n\n\n\n<p class=\"wp-block-paragraph\">Tambi\u00e9n dan cuenta que al menos 16 defensoras de derechos humanos han sido desterradas de su pa\u00eds y otras 150 se han exiliado. A la vez que 176 organizaciones feministas o que trabajan por los derechos de las mujeres han sido canceladas.<\/p>\n\n\n\n<p class=\"wp-block-paragraph\">A esto se suma: detenciones arbitrarias, difamaciones, hechos de violencia sexual, allanamientos y hostigamientos policial y parapolicial a las defensoras de derechos humanos.<\/p>\n\n\n\n<p class=\"wp-block-paragraph\">As\u00ed en el marco de visibilidad que otorga la XV Conferencia Regional sobre la Mujer de Am\u00e9rica Latina y el Caribe, las mujeres de Nicaragua piden solidaridad a la comunidad internacional para #Quelasliberen a las mujeres que han sido privadas de la libertad y para que se terminen las persecuciones pol\u00edticas.<\/p>\n\n\n\n<p class=\"wp-block-paragraph\">SEM\/MG<\/p>\n","protected":false},"excerpt":{"rendered":"<p>Tambi\u00e9n dan cuenta que al menos 16 defensoras de derechos humanos han sido desterradas de su pa\u00eds y otras 150 se han exiliado.<\/p>\n","protected":false},"author":3,"featured_media":58669,"comment_status":"open","ping_status":"open","sticky":false,"template":"","format":"standard","meta":{"_monsterinsights_skip_tracking":false,"footnotes":""},"categories":[693,667,27],"tags":[],"class_list":["post-58668","post","type-post","status-publish","format-standard","has-post-thumbnail","category-693","category-cepal-2022","category-cobertura-especial"],"_links":{"self":[{"href":"https:\/\/redsemlac.com\/semmexico\/wp-json\/wp\/v2\/posts\/58668","targetHints":{"allow":["GET"]}}],"collection":[{"href":"https:\/\/redsemlac.com\/semmexico\/wp-json\/wp\/v2\/posts"}],"about":[{"href":"https:\/\/redsemlac.com\/semmexico\/wp-json\/wp\/v2\/types\/post"}],"author":[{"embeddable":true,"href":"https:\/\/redsemlac.com\/semmexico\/wp-json\/wp\/v2\/users\/3"}],"replies":[{"embeddable":true,"href":"https:\/\/redsemlac.com\/semmexico\/wp-json\/wp\/v2\/comments?post=58668"}],"version-history":[{"count":0,"href":"https:\/\/redsemlac.com\/semmexico\/wp-json\/wp\/v2\/posts\/58668\/revisions"}],"wp:featuredmedia":[{"embeddable":true,"href":"https:\/\/redsemlac.com\/semmexico\/wp-json\/wp\/v2\/media\/58669"}],"wp:attachment":[{"href":"https:\/\/redsemlac.com\/semmexico\/wp-json\/wp\/v2\/media?parent=58668"}],"wp:term":[{"taxonomy":"category","embeddable":true,"href":"https:\/\/redsemlac.com\/semmexico\/wp-json\/wp\/v2\/categories?post=58668"},{"taxonomy":"post_tag","embeddable":true,"href":"https:\/\/redsemlac.com\/semmexico\/wp-json\/wp\/v2\/tags?post=58668"}],"curies":[{"name":"wp","href":"https:\/\/api.w.org\/{rel}","templated":true}]}}