{"id":58646,"date":"2022-11-11T11:21:26","date_gmt":"2022-11-11T17:21:26","guid":{"rendered":"https:\/\/redsemlac.com\/semmexico\/?p=58646"},"modified":"2023-07-21T19:21:15","modified_gmt":"2023-07-22T00:21:15","slug":"cepal2022-invertir-en-sistemas-de-cuidado-es-inteligente-y-sostenible","status":"publish","type":"post","link":"https:\/\/redsemlac.com\/semmexico\/cepal2022-invertir-en-sistemas-de-cuidado-es-inteligente-y-sostenible\/","title":{"rendered":"CEPAL2022| Invertir en sistemas de cuidado es inteligente y sostenible"},"content":{"rendered":"\n<p class=\"wp-block-paragraph\"><strong>Dixie Edith<\/strong><\/p>\n\n\n\n<p class=\"wp-block-paragraph\">SemM\u00e9xico\/SEMlac, Buenos Aires, Argentina, 11 de noviembre del 2022.- El cuidado puede ser generador de empleos y dinamizador de la econom\u00eda, asever\u00f3 Cecilia Alemany, directora regional adjunta de ONUMujeres para las Am\u00e9ricas y el Caribe, al intervenir el 10 de noviembre en la XV Conferencia Regional sobre la Mujer de CEPAL, durante una sesi\u00f3n que abord\u00f3 el financiamiento de las pol\u00edticas de cuidados.<\/p>\n\n\n\n<p class=\"wp-block-paragraph\">Bajo la conducci\u00f3n de Mar\u00eda In\u00e9s Castillo, ministra de Desarrollo Social de Panam\u00e1, se present\u00f3 el documento <a href=\"https:\/\/conferenciamujer.cepal.org\/15\/es\/documentos\/financiamiento-sistemas-politicas-cuidados-america-latina-caribe-aportes-recuperacion\"><em>\u00abEl financiamiento de los sistemas y pol\u00edticas de cuidado en Am\u00e9rica Latina y el Caribe: aportes para una recuperaci\u00f3n sostenible con igualdad de g\u00e9nero\u201d.<\/em><\/a><\/p>\n\n\n\n<p class=\"wp-block-paragraph\">Seg\u00fan Castillo, \u201csomos conscientes de que la construcci\u00f3n e impulso de sistemas integrales de cuidados generar\u00edan m\u00faltiples efectos positivos, tanto en t\u00e9rminos sociales como econ\u00f3micos, tal como nos lo presenta este documento\u201d, indic\u00f3 durante la introducci\u00f3n de la sesi\u00f3n.<\/p>\n\n\n\n<p class=\"wp-block-paragraph\">Alemany y Luc\u00eda Scuro, oficial superior de Asuntos Sociales, de la Divisi\u00f3n de G\u00e9nero de la CEPAL detallaron los insumos fundamentales del documento, elaborado de forma conjunta por las dos organizaciones.<\/p>\n\n\n\n<p class=\"wp-block-paragraph\">Seg\u00fan el texto, la constituci\u00f3n de sistemas que atiendan las necesidades de la poblaci\u00f3n y operen sobre el reconocimiento, la reducci\u00f3n y redistribuci\u00f3n del cuidado requiere articular pol\u00edticas orientadas a todas las poblaciones, incluidas la infancia, las personas adultas mayores, con discapacidad, dependientes y quienes cuidan.<\/p>\n\n\n\n<p class=\"wp-block-paragraph\">\u201cProteger el gasto social y la inversi\u00f3n p\u00fablica y fortalecer la recaudaci\u00f3n y mejorar la progresividad de la arquitectura tributaria es crucial para avanzar hacia la sociedad del cuidado en la regi\u00f3n\u201d, enfatiz\u00f3 Scuro.<\/p>\n\n\n\n<figure class=\"wp-block-gallery has-nested-images columns-default is-cropped wp-block-gallery-1 is-layout-flex wp-block-gallery-is-layout-flex\">\n<figure class=\"wp-block-image size-large\"><a href=\"https:\/\/redsemlac.com\/semmexico\/wp-content\/uploads\/2022\/11\/CEPAL1.jpg\"><img loading=\"lazy\" decoding=\"async\" width=\"647\" height=\"364\" data-id=\"58647\" src=\"https:\/\/redsemlac.com\/semmexico\/wp-content\/uploads\/2022\/11\/CEPAL1.jpg\" alt=\"\" class=\"wp-image-58647\"\/><\/a><figcaption> \u201cProteger el gasto social y la inversi\u00f3n p\u00fablica, fortalecer la\u00a0 recaudaci\u00f3n y mejorar la progresividad de la arquitectura tributaria es crucial para avanzar hacia la sociedad del cuidado en la regi\u00f3n\u201d, enfatiz\u00f3 Scuro al presentar el documento \u00abEl financiamiento de los sistemas y pol\u00edticas de cuidado en Am\u00e9rica Latina y el Caribe: aportes para una recuperaci\u00f3n sostenible con igualdad de g\u00e9nero\u201d. (Foto: CEPAL)<\/figcaption><\/figure>\n\n\n\n<figure class=\"wp-block-image size-large\"><a href=\"https:\/\/redsemlac.com\/semmexico\/wp-content\/uploads\/2022\/11\/CEPAL-2.jpg\"><img decoding=\"async\" data-id=\"58648\" src=\"https:\/\/redsemlac.com\/semmexico\/wp-content\/uploads\/2022\/11\/CEPAL-2-1024x770.jpg\" alt=\"\" class=\"wp-image-58648\"\/><\/a><figcaption>Liana Finez (Foto: SEMlac) \u201cNo es posible hablar del planeta sin hablar de sus cuidadoras, sus guardianas y sus custodias ancestrales\u201d, reafirm\u00f3 Liana Funes al hablar en el panel sobre el Cuidado del Planeta\u00bb.<\/figcaption><\/figure>\n<\/figure>\n\n\n\n<p class=\"wp-block-paragraph\">De acuerdo con Alemany, en el af\u00e1n de lograrlo, resulta necesario desplegar acciones en torno a cinco componentes: los servicios (p\u00fablicos y\/o privados) que se proveen, las regulaciones que se establecen (de servicios y laborales), la formaci\u00f3n de las personas que cuidan, la gesti\u00f3n de la informaci\u00f3n y el conocimiento p\u00fablico sobre los cuidados y las acciones de comunicaci\u00f3n para la promoci\u00f3n del cambio cultural.<\/p>\n\n\n\n<p class=\"wp-block-paragraph\">\u201cInvertir en sistemas de cuidado genera un c\u00edrculo virtuoso. Es una inversi\u00f3n inteligente y sostenible\u201d, explic\u00f3 la funcionaria de ONUMujeres.<\/p>\n\n\n\n<p class=\"wp-block-paragraph\">Seg\u00fan el documento, para que estas acciones puedan ser parte de un sistema es necesario desarrollar un modelo de gobernanza que incluya la articulaci\u00f3n interinstitucional -a nivel nacional y subnacional-entre todas las instituciones orientadas al cuidado de las distintas poblaciones.<\/p>\n\n\n\n<p class=\"wp-block-paragraph\">Para dise\u00f1ar modelos de financiamiento para los sistemas de cuidados en los pa\u00edses de la regi\u00f3n resulta imprescindible analizar diferentes alternativas que habiliten la diversificaci\u00f3n de las fuentes de recursos, procurando una adecuada combinaci\u00f3n entre el aseguramiento social, los recursos presupuestales provenientes de rentas generales, impuestos espec\u00edficos y pagos directos desde las familias, dijo Scuro.<\/p>\n\n\n\n<p class=\"wp-block-paragraph\">Mayra Jim\u00e9nez, ministra de la Mujer de la Rep\u00fablica Dominicana, consider\u00f3 que el fortalecimiento del sistema financiero con enfoque de g\u00e9nero \u201cdebe incluir rendici\u00f3n de cuentas y seguimiento de inversiones\u201d.<\/p>\n\n\n\n<p class=\"wp-block-paragraph\">En tanto, Fabio Bertranou, director para el Cono Sur de la Organizaci\u00f3n Internacional del Trabajo, consider\u00f3 que un sector de los cuidados, como cualquier otro sector de la econom\u00eda, \u201crequiere una matriz de financiamiento, pol\u00edticas productivas y de movilizaci\u00f3n de recursos, incluso con el sector privado\u201d.<\/p>\n\n\n\n<p class=\"wp-block-paragraph\">\u201cDebemos cumplir con el anhelo de cerrar las brechas de trabajo decente\u201d, reclam\u00f3 Bertranou.<\/p>\n\n\n\n<h2 class=\"wp-block-heading\"><strong>Cuidar el planeta con igualdad de g\u00e9nero<\/strong><\/h2>\n\n\n\n<p class=\"wp-block-paragraph\">Durante el panel de alto nivel sobre el \u201cCuidado del planeta\u201d, representantes de movimientos ind\u00edgenas y de defensa de derechos humanos en la regi\u00f3n compartieron experiencias con representantes de organismos internacionales en torno a la relaci\u00f3n entre el cuidado del planeta y la igualdad de g\u00e9nero.<\/p>\n\n\n\n<p class=\"wp-block-paragraph\">Con la moderaci\u00f3n de Adilia Caravaca, presidenta ejecutiva del Instituto Nacional de la Mujer (INAMU) de Costa Rica, se reiter\u00f3 que la acci\u00f3n por el clima puede reforzar, exacerbar o incluso generar nuevas desigualdades, o apuntar intencionalmente a superarlas y acelerar el paso hacia la igualdad de g\u00e9nero.<\/p>\n\n\n\n<figure class=\"wp-block-gallery has-nested-images columns-default is-cropped wp-block-gallery-2 is-layout-flex wp-block-gallery-is-layout-flex\">\n<figure class=\"wp-block-image size-large\"><a href=\"https:\/\/redsemlac.com\/semmexico\/wp-content\/uploads\/2022\/11\/CEPAL-3.jpg\"><img decoding=\"async\" data-id=\"58649\" src=\"https:\/\/redsemlac.com\/semmexico\/wp-content\/uploads\/2022\/11\/CEPAL-3-1024x770.jpg\" alt=\"\" class=\"wp-image-58649\"\/><\/a><figcaption>Cousillas\u00a0 (Foto: SEMlac) A medida que los pa\u00edses y las comunidades examinan sus estructuras normativas, f\u00edsicas, econ\u00f3micas y socioculturales en respuesta al cambio clim\u00e1tico, se pueden identificar y abordar las desigualdades de g\u00e9nero de larga data, dijo Cousillas.<\/figcaption><\/figure>\n\n\n\n<figure class=\"wp-block-image size-large\"><a href=\"https:\/\/redsemlac.com\/semmexico\/wp-content\/uploads\/2022\/11\/CEPAL-4.jpg\"><img decoding=\"async\" data-id=\"58650\" src=\"https:\/\/redsemlac.com\/semmexico\/wp-content\/uploads\/2022\/11\/CEPAL-4-1024x574.jpg\" alt=\"\" class=\"wp-image-58650\"\/><\/a><figcaption>Clemencia Carabal\u00ed\u00a0 (Foto: SEMlac) Para Clemencia Carabal\u00ed, este documento es importante para romper el silencio estad\u00edstico alrededor de las mujeres diversas de la regi\u00f3n: rurales, ind\u00edgenas, afrodescendientes, de pueblos originarios.<\/figcaption><\/figure>\n<\/figure>\n\n\n\n<p class=\"wp-block-paragraph\">Marcelo Cousillas, gerente del \u00c1rea Jur\u00eddica del Ministerio de Ambiente del Uruguay, pa\u00eds que ejerce la Presidencia de la Conferencia de las Partes del Acuerdo Regional sobre el Acceso a la Informaci\u00f3n, la Participaci\u00f3n P\u00fablica y el Acceso a la Justicia en Asuntos Ambientales en Am\u00e9rica Latina y el Caribe (Acuerdo de Escaz\u00fa), explic\u00f3 la situaci\u00f3n actual de la regi\u00f3n frente al cuidado del planeta y llam\u00f3 a las mujeres a sumarse al citado acuerdo.<\/p>\n\n\n\n<p class=\"wp-block-paragraph\">El Acuerdo de Escaz\u00fa es el primero que incluye protecci\u00f3n para las personas que defienden los derechos humanos y la protecci\u00f3n del planeta, adem\u00e1s de que ofrece un marco regional para la regulaci\u00f3n de estos asuntos, precis\u00f3 Cousillas.<\/p>\n\n\n\n<p class=\"wp-block-paragraph\">El referido acuerdo tambi\u00e9n establece est\u00e1ndares para que los Estados puedan construir sus normativas nacionales.<\/p>\n\n\n\n<p class=\"wp-block-paragraph\">Liana Funes, representante de la Red Nacional de Defensoras de Derechos Humanos en Honduras y de la Iniciativa Mesoamericana de Mujeres Defensoras de Derechos Humanos, retom\u00f3 los reclamos del Foro Feminista para frenar los desalojos de la comunidad gar\u00edfuna de sus territorios.<\/p>\n\n\n\n<p class=\"wp-block-paragraph\">\u201cHablar del planeta no es posible sin hablar de sus cuidadoras, sus guardianas y sus custodias ancestrales\u201d, reafirm\u00f3.<\/p>\n\n\n\n<figure class=\"wp-block-image size-full\"><a href=\"https:\/\/redsemlac.com\/semmexico\/wp-content\/uploads\/2022\/11\/CEPAL-5.jpg\"><img loading=\"lazy\" decoding=\"async\" width=\"875\" height=\"367\" src=\"https:\/\/redsemlac.com\/semmexico\/wp-content\/uploads\/2022\/11\/CEPAL-5.jpg\" alt=\"\" class=\"wp-image-58651\"\/><\/a><figcaption>Ana G\u00fcezmes (Foto: SEMlac) La divisi\u00f3n sexual del trabajo persiste y constituye la principal barrera para una mayor participaci\u00f3n de mujeres en el mercado laboral, afirm\u00f3 G\u00fcezmes.<\/figcaption><\/figure>\n\n\n\n<p class=\"wp-block-paragraph\">Mientras, Tarcila Rivera Zea, coordinadora del Enlace Continental de Mujeres Ind\u00edgenas de las Am\u00e9ricas, se pregunt\u00f3 si lograremos alg\u00fan d\u00eda el equilibrio entre todos los seres del planeta.<\/p>\n\n\n\n<p class=\"wp-block-paragraph\">Retomando los aportes de la econom\u00eda feminista y de los movimientos de mujeres y feministas de la regi\u00f3n, de los pueblos caribe\u00f1os, ind\u00edgenas y afrolatinos, el panel confirm\u00f3 la urgencia de transitar hacia una sociedad del cuidado en la que se cuide a las personas, a quienes cuidan, as\u00ed como tambi\u00e9n al planeta en que vivimos.<\/p>\n\n\n\n<p class=\"wp-block-paragraph\">En el panel intervinieron tambi\u00e9n Ayesha Constable, fundadora de J\u00f3venes por la Acci\u00f3n contra el Cambio Clim\u00e1tico, de Jamaica, y Linda Maguire, directora regional a.i. para Am\u00e9rica Latina y el Caribe del Programa de las Naciones Unidas para el Desarrollo (PNUD)<\/p>\n\n\n\n<p class=\"wp-block-paragraph\">A medida que los pa\u00edses y las comunidades examinan sus estructuras normativas, f\u00edsicas, econ\u00f3micas y socioculturales en respuesta al cambio clim\u00e1tico, se pueden identificar y abordar las desigualdades de g\u00e9nero de larga data, dijo Cousillas.<\/p>\n\n\n\n<p class=\"wp-block-paragraph\">El panel hizo un llamado a transitar hacia la&nbsp;sociedad del cuidado, una organizaci\u00f3n de la sociedad que pone en el centro la sostenibilidad de la vida y protege al planeta.<\/p>\n\n\n\n<h2 class=\"wp-block-heading\"><strong>N\u00fameros para romper el silencio<\/strong><\/h2>\n\n\n\n<p class=\"wp-block-paragraph\">El documento <a href=\"https:\/\/repositorio.cepal.org\/bitstream\/handle\/11362\/48371\/S2200754_es.pdf?sequence=4&amp;isAllowed=y\"><em>\u00abRomper el silencio estad\u00edstico para alcanzar la igualdad de g\u00e9nero en 2030: aplicaci\u00f3n del eje sobre sistemas de informaci\u00f3n de la Estrategia de Montevideo para la Implementaci\u00f3n de la Agenda Regional de G\u00e9nero en el marco del Desarrollo Sostenible hacia 2030\u201d<\/em><\/a> es un paso m\u00e1s para que \u00abavancen con los compromisos regionales por la igualdad de g\u00e9nero\u00bb, dijo Nadine Gasman, presidenta del Instituto Nacional de Mujeres (Inmujeres) de M\u00e9xico.<\/p>\n\n\n\n<p class=\"wp-block-paragraph\">Durante la introducci\u00f3n del panel de presentaci\u00f3n del texto, Clemencia Carabal\u00ed, consejera presidencial para la Equidad de la Mujer de Colombia, valor\u00f3 la importancia de este documento para romper el silencio estad\u00edstico alrededor de las mujeres diversas de la regi\u00f3n: rurales, ind\u00edgenas, afrodescendientes, de pueblos originarios.<\/p>\n\n\n\n<p class=\"wp-block-paragraph\">Gasman asever\u00f3 que se trata de un camino que \u00abque nos exige voluntad pol\u00edtica y convencimiento respecto a la importancia de avanzar con m\u00e1s y mejores datos para tomar decisiones informadas\u00bb.<\/p>\n\n\n\n<p class=\"wp-block-paragraph\">En tanto, Ana G\u00fcezmes, directora de la Divisi\u00f3n de Asuntos de G\u00e9nero de la CEPAL, coment\u00f3 que el informe busca dar a conocer la situaci\u00f3n actual de la producci\u00f3n estad\u00edstica con enfoque de g\u00e9nero en Am\u00e9rica Latina y el Caribe, pero tambi\u00e9n los desaf\u00edos pendientes.<\/p>\n\n\n\n<p class=\"wp-block-paragraph\">Los datos que presenta el documento permiten constatar una mayor concentraci\u00f3n de los ingresos entre los hombres, mientras que solo 35 por ciento del ingreso laboral individual se encuentra en manos de las mujeres.<\/p>\n\n\n\n<p class=\"wp-block-paragraph\">En el primer a\u00f1o tras la llegada de la pandemia de Covid-19, la situaci\u00f3n de igualdad retrocedi\u00f3 en unos 18 a\u00f1os y dej\u00f3 al descubierto que, ante las crisis, el trabajo de las mujeres funciona como una variable de ajuste.<\/p>\n\n\n\n<p class=\"wp-block-paragraph\">\u201cHoy una de cada dos mujeres no participa en el mercado laboral, mientras que en el caso de los hombres esta cifra desciende a uno de cada cuatro\u201d, indica el texto.<\/p>\n\n\n\n<p class=\"wp-block-paragraph\">Las estad\u00edsticas de g\u00e9nero constituyen una poderosa herramienta que visibiliza la magnitud y la intensidad de las distintas expresiones de la desigualdad de g\u00e9nero en el mercado laboral.<\/p>\n\n\n\n<p class=\"wp-block-paragraph\">La divisi\u00f3n sexual del trabajo persiste y constituye la principal barrera para una mayor participaci\u00f3n de mujeres en el mercado laboral, afirm\u00f3 G\u00fcezmes.<\/p>\n\n\n\n<p class=\"wp-block-paragraph\">El informe, adem\u00e1s, confirma que las brechas de g\u00e9nero se exacerban en los hogares m\u00e1s pobres, lo cual deja al descubierto los desaf\u00edos que a\u00fan se plantean para reducir las desigualdades socioecon\u00f3micas en los pa\u00edses de la regi\u00f3n.<\/p>\n\n\n\n<p class=\"wp-block-paragraph\">Gasman resalt\u00f3 la importancia de contar con informaci\u00f3n para la toma de decisiones y llam\u00f3 a que \u00abinnovemos e incorporemos iniciativas que permitan seguir produciendo de manera sostenida la informaci\u00f3n que sea m\u00e1s relevante, pero que tengan menos costos, y sin sacrificar el enfoque de g\u00e9nero\u00bb.<\/p>\n\n\n\n<p class=\"wp-block-paragraph\">El documento se apoya en conceptos y acuerdos t\u00e9cnico-pol\u00edticos regionales y mundiales, y propone elementos que pueden ser orientadores para las distintas etapas del proceso de producci\u00f3n estad\u00edstica. Iustra tambi\u00e9n algunas experiencias que pueden considerarse como buenas pr\u00e1cticas, sin hacer una evaluaci\u00f3n o clasificaci\u00f3n regional.<\/p>\n\n\n\n<p class=\"wp-block-paragraph\">\u201cLa informaci\u00f3n que se gener\u00f3 en Am\u00e9rica Latina y el Caribe ha permitido romper el silencio estad\u00edstico y visibilizar una distribuci\u00f3n inequitativa del poder, los recursos, el trabajo, el tiempo y la riqueza, que est\u00e1 en la base de la insostenibilidad del estilo de desarrollo dominante\u201d, dijo G\u00fcezmes.<\/p>\n\n\n\n<p class=\"wp-block-paragraph\">La producci\u00f3n de estad\u00edsticas con enfoque de g\u00e9nero ha sido fundamental para el seguimiento de compromisos internacionales, precis\u00f3.<\/p>\n","protected":false},"excerpt":{"rendered":"<p> El cuidado puede ser generador de empleos y dinamizador de la econom\u00eda, asever\u00f3 Cecilia Alemany, directora regional adjunta de ONUMujeres para las Am\u00e9ricas y el Caribe, al intervenir el 10 de noviembre en la XV Conferencia Regional sobre la Mujer de CEPAL, durante una sesi\u00f3n que abord\u00f3 el financiamiento de las pol\u00edticas de cuidados.<\/p>\n","protected":false},"author":3,"featured_media":58652,"comment_status":"open","ping_status":"open","sticky":false,"template":"","format":"standard","meta":{"_monsterinsights_skip_tracking":false,"footnotes":""},"categories":[693,667,27],"tags":[],"class_list":["post-58646","post","type-post","status-publish","format-standard","has-post-thumbnail","category-693","category-cepal-2022","category-cobertura-especial"],"_links":{"self":[{"href":"https:\/\/redsemlac.com\/semmexico\/wp-json\/wp\/v2\/posts\/58646","targetHints":{"allow":["GET"]}}],"collection":[{"href":"https:\/\/redsemlac.com\/semmexico\/wp-json\/wp\/v2\/posts"}],"about":[{"href":"https:\/\/redsemlac.com\/semmexico\/wp-json\/wp\/v2\/types\/post"}],"author":[{"embeddable":true,"href":"https:\/\/redsemlac.com\/semmexico\/wp-json\/wp\/v2\/users\/3"}],"replies":[{"embeddable":true,"href":"https:\/\/redsemlac.com\/semmexico\/wp-json\/wp\/v2\/comments?post=58646"}],"version-history":[{"count":0,"href":"https:\/\/redsemlac.com\/semmexico\/wp-json\/wp\/v2\/posts\/58646\/revisions"}],"wp:featuredmedia":[{"embeddable":true,"href":"https:\/\/redsemlac.com\/semmexico\/wp-json\/wp\/v2\/media\/58652"}],"wp:attachment":[{"href":"https:\/\/redsemlac.com\/semmexico\/wp-json\/wp\/v2\/media?parent=58646"}],"wp:term":[{"taxonomy":"category","embeddable":true,"href":"https:\/\/redsemlac.com\/semmexico\/wp-json\/wp\/v2\/categories?post=58646"},{"taxonomy":"post_tag","embeddable":true,"href":"https:\/\/redsemlac.com\/semmexico\/wp-json\/wp\/v2\/tags?post=58646"}],"curies":[{"name":"wp","href":"https:\/\/api.w.org\/{rel}","templated":true}]}}