{"id":58638,"date":"2022-11-11T10:57:41","date_gmt":"2022-11-11T16:57:41","guid":{"rendered":"https:\/\/redsemlac.com\/semmexico\/?p=58638"},"modified":"2023-07-21T19:21:16","modified_gmt":"2023-07-22T00:21:16","slug":"tras-la-puerta-del-poder-87-de-morena-opositores-y-opositoras-en-senado-van-con-monreal-vs-amlo-sheinbaum-layda","status":"publish","type":"post","link":"https:\/\/redsemlac.com\/semmexico\/tras-la-puerta-del-poder-87-de-morena-opositores-y-opositoras-en-senado-van-con-monreal-vs-amlo-sheinbaum-layda\/","title":{"rendered":"Tras la Puerta del Poder| 87 de Morena, opositores y opositoras en Senado van con Monreal vs AMLO-Sheinbaum-Layda"},"content":{"rendered":"\n<p class=\"wp-block-paragraph\"><strong>Roberto Vizca\u00edno<\/strong><\/p>\n\n\n\n<p class=\"wp-block-paragraph\">SemM\u00e9xico, Ciudad de M\u00e9xico, 11 de noviembre del 2022.- El manifiesto de apoyo de 87 senadores y senadoras de Morena y de la oposici\u00f3n a Ricardo Monreal de ayer, no s\u00f3lo no tiene precedentes, sino que se realiz\u00f3 abiertamente contra del presidente Andr\u00e9s Manuel L\u00f3pez Obrador, la jefa de Gobierno Claudia Sheinbaum y la corre-ve-y-dile de ambos la gobernadora de Campeche Layda Sansores.<\/p>\n\n\n\n<p class=\"wp-block-paragraph\">\u201cQuienes suscribimos esta declaraci\u00f3n expresamos nuestro m\u00e1s en\u00e9rgico rechazo a los ataques de la gobernadora Layda Sansores en contra del senador Ricardo Monreal, presidente de la Junta de Coordinaci\u00f3n Pol\u00edtica del Senado\u201d.<\/p>\n\n\n\n<p class=\"wp-block-paragraph\">\u201cNo aceptamos agresiones contra ninguno de los 127 senadores\/as de la rep\u00fablica que representamos la pluralidad de la naci\u00f3n\u201d.<\/p>\n\n\n\n<p class=\"wp-block-paragraph\">\u201cRepudiamos tanto los m\u00e9todos como los dichos de la gobernadora. Nos parece inaceptable que intervenga y altere comunicaciones privadas y que desde el poder haga uso de ellas para denostar a ciudadanos o ciudadanas; que con recursos p\u00fablicos patrocine una campa\u00f1a de descalificaci\u00f3n en contra de una persona; y que viole un amparo sin ning\u00fan escr\u00fapulo con tal de continuar con su empe\u00f1o de difundir falsedades y agresiones calumniosas entre otras conductas injustificables e ilegales\u201d.<\/p>\n\n\n\n<p class=\"wp-block-paragraph\">\u201cEn contra de la confrontaci\u00f3n y en favor de la armon\u00eda, manifestamos nuestra solidaridad al senador Ricardo Monreal \u00c1vila, ante un gobierno que utiliza de manera sistem\u00e1tica, ilegal e impune recursos p\u00fablicos para fines de persecuci\u00f3n y acoso\u201d, dice el documento.<\/p>\n\n\n\n<p class=\"wp-block-paragraph\">En este pronunciamiento conjunto, los senadores y senadoras de diferentes grupos parlamentarios -que circunstancialmente en s\u00ed representan mayor\u00eda calificada- se suman al zacatecano quien el mi\u00e9rcoles dio una conferencia de prensa igualmente inusual, con nombres directos de quienes \u00e9l cree o tiene pruebas de que encabezan el embate pol\u00edtico de denostaciones en su contra.<\/p>\n\n\n\n<p class=\"wp-block-paragraph\">Entre los firmantes s\u00f3lo falt\u00f3 el coordinador de los senadores del PAN, Julien Rementer\u00eda ya que entre ellos est\u00e1n las firmas de Dante Delgado, de Movimiento Ciudadano; Manuel Velasco, del Verde; Miguel \u00c1ngel Osorio Chong, del PRI; Miguel \u00c1ngel Mancera, del PRD.<\/p>\n\n\n\n<p class=\"wp-block-paragraph\">Ah\u00ed se encuentra el nombre y firma de Alejandro Armenta, presidente del Senado; la exministra y exsecretaria de Gobernaci\u00f3n, expresidenta del Senado Olga S\u00e1nchez Cordero, y el exgobernador de Baja California, Jaime Bonilla as\u00ed como de F\u00e9lix Salgado Macedonio.<\/p>\n\n\n\n<p class=\"wp-block-paragraph\">La lista de quienes pintaron su raya a favor de Monreal es:<\/p>\n\n\n\n<p class=\"wp-block-paragraph\">Nancy S\u00e1nchez, Adolfo G\u00f3mez Fern\u00e1ndez, Jaime Bonilla, F\u00e9lix Salgado Macedonio, Mar\u00eda Merced Gonz\u00e1lez, Rosa Elena Jim\u00e9nez, Martha Luc\u00eda Micher, Roc\u00edo Abreu, Ricardo Vel\u00e1zquez, Ra\u00fal Angulo, Ver\u00f3nica Galv\u00e1n, Luc\u00eda Meza Guzm\u00e1n, Jos\u00e9 Ram\u00f3n Enr\u00edquez, Maribel Villegas, Cecilia M. S\u00e1nchez, Griselda Valencia, Crist\u00f3bal Arias, Mar\u00eda Soledad Lu\u00e9vano, Claudia Esther Balderas, Nestora Salgado, Rafael Espino, Mar\u00eda Guadalupe Covarrubias, Blanca Estela Pi\u00f1a, Lilia Mart\u00ednez, Olga S\u00e1nchez Cordero, Eduardo Ram\u00edrez, C\u00e9sar Eduardo Cervantes, Alejandro Armenta, Ra\u00fal Paz, Jes\u00fas Luc\u00eda Transvi\u00f1a, Armando Guadiana Tijerina, Susana Harp Iturribarr\u00eda, Casimiro M\u00e9ndez, Mar\u00eda Antonia C\u00e1rdenas, Alberto Rojas, Eva Eugenia Gal\u00e1n, Sergio P\u00e9rez Flores, Josefina V\u00e1zquez Mota, Indira Robles San Rom\u00e1n, Minerva Hern\u00e1ndez, Roberto Muller, Kenia L\u00f3pez Rabad\u00e1n, Jos\u00e9 Alfredo Botello, Mar\u00eda Guadalupe Salda\u00f1a, Nadia Navarro, Erandi Berm\u00fadez, X\u00f3chitl G\u00e1lvez, Lily T\u00e9llez, Alejandra Noem\u00ed Reynoso, Juan Antonio Mart\u00edn del Campo, Sylvana Beltrones, Nubia Mayorga, Ver\u00f3nica Mart\u00ednez, Mario Zamora, Miguel \u00c1ngel Osorio Chong, Manuel A\u00f1orve, Eruviel \u00c1vila, Daniel Garc\u00eda Y\u00e1\u00f1ez, Claudia Ruiz Massieu, Jorge Carlos Ram\u00edrez Mar\u00edn, Carlos Humberto Aceves, Clemente Casta\u00f1eda, Patricia Mercado, Jos\u00e9 Luis Pech, Marco Antonio Gama, Luis David Ortiz, Noe Casta\u00f1\u00f3n, Dante Delgado, Elizabeth N\u00fa\u00f1ez S\u00e1nchez, Ver\u00f3nica Garc\u00eda Delgadillo, Indira Kempis Mart\u00ednez, Juan Zepeda, Alejandra del Carmen Le\u00f3n Gast\u00e9lum, Gabriela Benavides, Mar\u00eda Graciela Gait\u00e1n, Manuel Velasco, Ra\u00fal Bola\u00f1os Cacho, Alejandra Lagun\u00e9s Soto, Miguel \u00c1ngel Mancera, Juan Manuel Coss\u00edo, Emilio \u00c1lvarez Icaza, Germ\u00e1n Mart\u00ednez, Gustavo Madero, Antonio Garc\u00eda Conejo y Nancy de la Sierra.<\/p>\n\n\n\n<p class=\"wp-block-paragraph\">\u201cCada quien es responsable de sus dichos y de sus actos y de la toma de decisi\u00f3n que haga. En nuestro caso, lo que queremos es que haya unidad\u201d, asegur\u00f3 la jefa de gobierno, Claudia Sheinbaum sobre el anunci\u00f3 que emiti\u00f3 ayer Ricardo Monreal respecto a que en diciembre definir\u00e1 si abandona las filas de Morena.<\/p>\n\n\n\n<h2 class=\"wp-block-heading\"><strong>No hay ninguna raz\u00f3n para su queja<\/strong><\/h2>\n\n\n\n<p class=\"wp-block-paragraph\">En respuesta a las denuncias de Monreal, quien indic\u00f3 que las filtraciones ilegales de Layda Sansores son parte de una embestida que realiza la jefa de Gobierno de la CDMX Claudia Sheinbaum en su contra, \u00e9sta dijo que en esta contienda cada quien es responsable de lo que diga.<\/p>\n\n\n\n<p class=\"wp-block-paragraph\">Mientras Mario Delgado, presidente de Morena, no ve motivo alguno para las quejas del zacatecano.<\/p>\n\n\n\n<p class=\"wp-block-paragraph\">Por ello pidi\u00f3 mantener la unidad interna del partido en el poder.<\/p>\n\n\n\n<p class=\"wp-block-paragraph\">O sea\u2026<\/p>\n\n\n\n<p class=\"wp-block-paragraph\">\u2026 <a href=\"mailto:rvizcainoa@gmail.com\">rvizcainoa@gmail.com<\/a> &nbsp;\/ Twitter: @_Vizcaino \/ Facebook \/ <a href=\"https:\/\/www.facebook.com\/rvizcainoa\">https:\/\/www.facebook.com\/rvizcainoa<\/a><\/p>\n","protected":false},"excerpt":{"rendered":"<p>El manifiesto de apoyo de 87 senadores y senadoras de Morena y de la oposici\u00f3n a Ricardo Monreal de ayer, no s\u00f3lo no tiene precedentes, sino que se realiz\u00f3 abiertamente contra del presidente Andr\u00e9s Manuel L\u00f3pez Obrador<\/p>\n","protected":false},"author":3,"featured_media":39589,"comment_status":"open","ping_status":"open","sticky":false,"template":"","format":"standard","meta":{"_monsterinsights_skip_tracking":false,"footnotes":""},"categories":[693,35,623,622],"tags":[],"class_list":["post-58638","post","type-post","status-publish","format-standard","has-post-thumbnail","category-693","category-opinion","category-roberto-vizcaino","category-tras-la-puerta-del-poder"],"_links":{"self":[{"href":"https:\/\/redsemlac.com\/semmexico\/wp-json\/wp\/v2\/posts\/58638","targetHints":{"allow":["GET"]}}],"collection":[{"href":"https:\/\/redsemlac.com\/semmexico\/wp-json\/wp\/v2\/posts"}],"about":[{"href":"https:\/\/redsemlac.com\/semmexico\/wp-json\/wp\/v2\/types\/post"}],"author":[{"embeddable":true,"href":"https:\/\/redsemlac.com\/semmexico\/wp-json\/wp\/v2\/users\/3"}],"replies":[{"embeddable":true,"href":"https:\/\/redsemlac.com\/semmexico\/wp-json\/wp\/v2\/comments?post=58638"}],"version-history":[{"count":0,"href":"https:\/\/redsemlac.com\/semmexico\/wp-json\/wp\/v2\/posts\/58638\/revisions"}],"wp:featuredmedia":[{"embeddable":true,"href":"https:\/\/redsemlac.com\/semmexico\/wp-json\/wp\/v2\/media\/39589"}],"wp:attachment":[{"href":"https:\/\/redsemlac.com\/semmexico\/wp-json\/wp\/v2\/media?parent=58638"}],"wp:term":[{"taxonomy":"category","embeddable":true,"href":"https:\/\/redsemlac.com\/semmexico\/wp-json\/wp\/v2\/categories?post=58638"},{"taxonomy":"post_tag","embeddable":true,"href":"https:\/\/redsemlac.com\/semmexico\/wp-json\/wp\/v2\/tags?post=58638"}],"curies":[{"name":"wp","href":"https:\/\/api.w.org\/{rel}","templated":true}]}}