{"id":58635,"date":"2022-11-11T10:56:14","date_gmt":"2022-11-11T16:56:14","guid":{"rendered":"https:\/\/redsemlac.com\/semmexico\/?p=58635"},"modified":"2023-07-21T19:21:16","modified_gmt":"2023-07-22T00:21:16","slug":"proponen-incorporar-de-manera-obligatoria-la-unidad-para-la-igualdad-de-genero-y-no-discriminacion-en-dependiencias-gubernamentales","status":"publish","type":"post","link":"https:\/\/redsemlac.com\/semmexico\/proponen-incorporar-de-manera-obligatoria-la-unidad-para-la-igualdad-de-genero-y-no-discriminacion-en-dependiencias-gubernamentales\/","title":{"rendered":"Proponen incorporar de manera obligatoria la Unidad para la Igualdad de G\u00e9nero y no Discriminaci\u00f3n en dependiencias gubernamentales"},"content":{"rendered":"\n<ul class=\"wp-block-list\"><li><strong>Se requiere recursos suficientes para la creaci\u00f3n de pol\u00edticas p\u00fablicas tendientes a lograr la igualdad entre mujeres y hombres e impulsar la creaci\u00f3n de Unidades de G\u00e9nero en cada una de ellas.<\/strong><strong><\/strong><\/li><\/ul>\n\n\n\n<p class=\"wp-block-paragraph\"><strong>Josefina Aguilar Pastor&nbsp;<\/strong><\/p>\n\n\n\n<p class=\"wp-block-paragraph\">SemM\u00e9xico, Chilpancingo, Guerrero, 11 de noviembre del 2022.- La diputada local Yanelly Hern\u00e1ndez Mart\u00ednez, propuso adicionar la Ley n\u00famero 494 para la Igualdad entre Mujeres y Hombres del Estado de Guerrero, para incorporar de manera obligatoria la Unidad para la Igualdad de G\u00e9nero y no Discriminaci\u00f3n, en el organigrama estructural y funcional&nbsp; de las dependencias de los tres poderes, con funciones espec\u00edficas y personal capacitado del que a la fecha carecen.<\/p>\n\n\n\n<p class=\"wp-block-paragraph\">La propuesta de reforma agrega el concepto \u201cy no discriminaci\u00f3n\u201d por resultar la mejor denominaci\u00f3n del \u00e1rea, ya que conlleva a conocer todos aquellos casos que pudieran considerarse discriminatorios y, por ende, un impedimento para la implementaci\u00f3n del principio de igualdad, explic\u00f3 la legisladora perredista.<\/p>\n\n\n\n<p class=\"wp-block-paragraph\">En su argumentaci\u00f3n, Hern\u00e1ndez Mart\u00ednez se\u00f1al\u00f3 que las Unidades para la Igualdad de G\u00e9nero o Unidades de G\u00e9nero, se concretan a ser \u00e1reas administrativas encargadas de aplicar estrategias, acciones, programas y capacitaciones que permitan de manera efectiva la igualdad de g\u00e9nero; sin embargo, existe un gran vac\u00edo legal en su creaci\u00f3n, pues en la Ley no se plantea una obligatoriedad para los tres poderes de gobierno de establecerlas org\u00e1nicamente y con atribuciones espec\u00edficas.<\/p>\n\n\n\n<p class=\"wp-block-paragraph\">Tambi\u00e9n se\u00f1al\u00f3 que el Reglamento de la Ley n\u00famero 494 para la Igualdad entre Mujeres y Hombres del Estado de Guerrero, dispone un deber para la Administraci\u00f3n P\u00fablica Estatal y Municipal de contar con las Unidades de G\u00e9nero, pero no as\u00ed para todas las instituciones, entidades y poderes p\u00fablicos, debido a que el rango legal del reglamento, no conlleva a una mayor jerarqu\u00eda como si lo hace la Ley como ordenamiento superior.<\/p>\n\n\n\n<p class=\"wp-block-paragraph\">En tanto, el Poder Ejecutivo del Estado, mediante un \u201cacuerdo\u201d instruy\u00f3 a sus dependencias y entidades a implementar acciones para transversalizar la Perspectiva de G\u00e9nero y Derechos Humanos, debiendo asignar recursos suficientes para la creaci\u00f3n de pol\u00edticas p\u00fablicas tendientes a lograr la igualdad entre mujeres y hombres e impulsar la creaci\u00f3n de Unidades de G\u00e9nero en cada una de ellas, mismas que deber\u00e1n cumplir con programas y capacitaciones con perspectiva de g\u00e9nero y de derechos humanos.&nbsp;<\/p>\n\n\n\n<p class=\"wp-block-paragraph\">\u201cLos acuerdos emitidos por el Ejecutivo del Estado son una evidente necesidad de establecer en la Ley la obligaci\u00f3n de que las autoridades del Estado, instituciones, dependencias, poderes p\u00fablicos del Estado y Municipios, y \u00f3rganos aut\u00f3nomos creen sus Unidades de G\u00e9nero partiendo de una obligaci\u00f3n legal, con atribuciones y facultades espec\u00edficas, cumpliendo con los est\u00e1ndares internacionales y constitucionales\u201d recalc\u00f3 la diputada.<\/p>\n\n\n\n<p class=\"wp-block-paragraph\">En ese sentido, propuso adicionar la Ley n\u00famero 494 para la Igualdad entre Mujeres y Hombres del Estado de Guerrero, el concepto de Unidad para la Igualdad de G\u00e9nero y no Discriminaci\u00f3n, por resultar la mejor denominaci\u00f3n del \u00e1rea, ya que conlleva a conocer todos aquellos casos que pudieran considerarse discriminatorios y, por ende, un impedimento para la implementaci\u00f3n del principio de igualdad.<\/p>\n\n\n\n<p class=\"wp-block-paragraph\">En esta modificaci\u00f3n propuso que la Unidad para la Igualdad de G\u00e9nero y No Discriminaci\u00f3n, se incluya al organigrama estructural y funcional, con personal sensibilizado y capacitado, que realice funciones directivas para asegurar y promover el enfoque de g\u00e9nero en las pol\u00edticas, programas y presupuestos de las entidades, instituciones, dependencias, poderes p\u00fablicos del Estado y Municipios, y \u00f3rganos aut\u00f3nomos.<\/p>\n\n\n\n<p class=\"wp-block-paragraph\">Entre las funciones que las Unidades para la Igualdad de G\u00e9nero y No discriminaci\u00f3n tendr\u00edan en caso de que dicha iniciativa sea aprobada, Hern\u00e1ndez Mart\u00ednez especific\u00f3:&nbsp;&nbsp;&nbsp;&nbsp;&nbsp;&nbsp;&nbsp;&nbsp;&nbsp;<\/p>\n\n\n\n<p class=\"wp-block-paragraph\">I. Elaboraci\u00f3n del Programa Institucional para la igualdad entre mujeres y hombres y No Discriminaci\u00f3n;<\/p>\n\n\n\n<p class=\"wp-block-paragraph\">II. Impulsar la incorporaci\u00f3n de la Perspectiva de G\u00e9nero y No Discriminaci\u00f3n en la planeaci\u00f3n, programaci\u00f3n y presupuesto anual de las entidades, instituciones, dependencias, poderes p\u00fablicos del Estado y Municipios, y \u00f3rganos aut\u00f3nomos;<\/p>\n\n\n\n<p class=\"wp-block-paragraph\">III. Incluir la Perspectiva de G\u00e9nero en las Pol\u00edticas P\u00fablicas y en la elaboraci\u00f3n del programa sectorial o, en su caso, institucional;<\/p>\n\n\n\n<p class=\"wp-block-paragraph\">IV. Establecer y concertar acuerdos con las \u00e1reas administrativas internas para ejecutar las pol\u00edticas, acciones y programas de su competencia establecidos en el Programa Institucional;<\/p>\n\n\n\n<p class=\"wp-block-paragraph\">V. Impulsar y orientar la planeaci\u00f3n, presupuestaci\u00f3n y evaluaci\u00f3n de las Pol\u00edticas P\u00fablicas en favor de la Igualdad de G\u00e9nero y No Discriminaci\u00f3n;<\/p>\n\n\n\n<p class=\"wp-block-paragraph\">VI. Proponer y generar cambios en las estructuras institucionales que se reflejen en los objetivos, las agendas de trabajo, el dise\u00f1o, la instrumentaci\u00f3n, el seguimiento y la evaluaci\u00f3n de planes y proyectos tendientes a generar pol\u00edticas con Perspectiva de G\u00e9nero;<\/p>\n\n\n\n<p class=\"wp-block-paragraph\">VII. Actuar como \u00f3rgano de consulta y asesor\u00eda de la dependencia, en materia de Igualdad de G\u00e9nero, de oportunidades para las mujeres y no discriminaci\u00f3n;<\/p>\n\n\n\n<p class=\"wp-block-paragraph\">VIII. Utilizar un lenguaje incluyente con pertinencia cultural en el \u00e1mbito administrativo y su fomento en la totalidad de las relaciones sociales, culturales y art\u00edsticas;<\/p>\n\n\n\n<p class=\"wp-block-paragraph\">IX. Impulsar la participaci\u00f3n paritaria de las mujeres en los puestos de toma de decisiones;<\/p>\n\n\n\n<p class=\"wp-block-paragraph\">X. Coadyuvar, asesorar y dar seguimiento a las denuncias presentadas por el incumplimiento en los t\u00e9rminos de la presente Ley, as\u00ed como de aquellos hechos que constituyan actos discriminatorios contra la mujer; entre otras.<\/p>\n\n\n\n<p class=\"wp-block-paragraph\">Por lo anteriormente expuesto, someto a consideraci\u00f3n de este Poder Legislativo la presente Iniciativa con proyecto de Decreto por medio del cual, se reforman diversas disposiciones de la Ley n\u00famero 494 para la Igualdad entre Mujeres y Hombres del Estado de Guerrero.<\/p>\n\n\n\n<p class=\"wp-block-paragraph\">La propuesta fue turnada a la Comisi\u00f3n para la Igualdad de G\u00e9nero para su an\u00e1lisis.<\/p>\n\n\n\n<p class=\"wp-block-paragraph\">SEM\/MG<\/p>\n","protected":false},"excerpt":{"rendered":"<p>Se requiere recursos suficientes para la creaci\u00f3n de pol\u00edticas p\u00fablicas tendientes a lograr la igualdad entre mujeres y hombres e impulsar la creaci\u00f3n de Unidades de G\u00e9nero en cada una de ellas.<\/p>\n","protected":false},"author":3,"featured_media":58636,"comment_status":"open","ping_status":"open","sticky":false,"template":"","format":"standard","meta":{"_monsterinsights_skip_tracking":false,"footnotes":""},"categories":[693,50],"tags":[],"class_list":["post-58635","post","type-post","status-publish","format-standard","has-post-thumbnail","category-693","category-congreso"],"_links":{"self":[{"href":"https:\/\/redsemlac.com\/semmexico\/wp-json\/wp\/v2\/posts\/58635","targetHints":{"allow":["GET"]}}],"collection":[{"href":"https:\/\/redsemlac.com\/semmexico\/wp-json\/wp\/v2\/posts"}],"about":[{"href":"https:\/\/redsemlac.com\/semmexico\/wp-json\/wp\/v2\/types\/post"}],"author":[{"embeddable":true,"href":"https:\/\/redsemlac.com\/semmexico\/wp-json\/wp\/v2\/users\/3"}],"replies":[{"embeddable":true,"href":"https:\/\/redsemlac.com\/semmexico\/wp-json\/wp\/v2\/comments?post=58635"}],"version-history":[{"count":0,"href":"https:\/\/redsemlac.com\/semmexico\/wp-json\/wp\/v2\/posts\/58635\/revisions"}],"wp:featuredmedia":[{"embeddable":true,"href":"https:\/\/redsemlac.com\/semmexico\/wp-json\/wp\/v2\/media\/58636"}],"wp:attachment":[{"href":"https:\/\/redsemlac.com\/semmexico\/wp-json\/wp\/v2\/media?parent=58635"}],"wp:term":[{"taxonomy":"category","embeddable":true,"href":"https:\/\/redsemlac.com\/semmexico\/wp-json\/wp\/v2\/categories?post=58635"},{"taxonomy":"post_tag","embeddable":true,"href":"https:\/\/redsemlac.com\/semmexico\/wp-json\/wp\/v2\/tags?post=58635"}],"curies":[{"name":"wp","href":"https:\/\/api.w.org\/{rel}","templated":true}]}}