{"id":58619,"date":"2022-11-10T18:59:14","date_gmt":"2022-11-11T00:59:14","guid":{"rendered":"https:\/\/redsemlac.com\/semmexico\/?p=58619"},"modified":"2023-07-21T19:21:16","modified_gmt":"2023-07-22T00:21:16","slug":"adolescentes-crean-aromatizante-amigable-con-el-medio-ambiente","status":"publish","type":"post","link":"https:\/\/redsemlac.com\/semmexico\/adolescentes-crean-aromatizante-amigable-con-el-medio-ambiente\/","title":{"rendered":"Adolescentes crean aromatizante amigable con el medio ambiente"},"content":{"rendered":"\n<ul class=\"wp-block-list\"><li><strong>Las estudiantes de preparatoria, ni\u00f1as en la ciencia, participan en la convocatoria de la fundaci\u00f3n Somos el Cambio.<\/strong><\/li><li><strong>Compartir\u00e1n su aprendizaje con personas que reciben quimioterapia a quienes les mostraran los beneficios relajantes del producto.<\/strong><\/li><\/ul>\n\n\n\n<p class=\"wp-block-paragraph\"><strong>Soledad Jarqu\u00edn Edgar<\/strong><\/p>\n\n\n\n<p class=\"wp-block-paragraph\">SemM\u00e9xico, Oaxaca, 10 de noviembre del 2022.- Valeria, Zoe y Shadyt son tres amigas que sue\u00f1an alguna vez con ser abogada, ingeniera y chef. Hoy las tres participan en la convocatoria lanzada por la fundaci\u00f3n Somos el Cambio, que realizan junto con la Secretar\u00eda de Educaci\u00f3n P\u00fablica con un producto aromatizante biodegradable al que llamaron Eupho Wicca. Son un ejemplo de las ni\u00f1as en la ciencia.<\/p>\n\n\n\n<p class=\"wp-block-paragraph\">Para esta cruzada que inici\u00f3 hace mes y medio han elaborado un producto novedoso, que deben compartir con la comunidad y que esperan sea uno de los proyectos apoyados por las empresas patrocinadoras; pero desde ahora su aromatizante llena de orgullo a las j\u00f3venes aventajadas en la materia de Qu\u00edmica que cursan en la Preparatoria de la Universidad Regional del Sureste en la capital oaxaque\u00f1a.<\/p>\n\n\n\n<p class=\"wp-block-paragraph\">Julia Shadyt Cruz Valle, tiene 17 a\u00f1os y como el resto de sus compa\u00f1eras cursa el tercer semestre, sostiene que este prototipo, que adem\u00e1s de permitirle estar ahora en la segunda de cuatro etapas de la competencia, tiene la intenci\u00f3n de concientizar a la poblaci\u00f3n sobre la contaminaci\u00f3n al planeta que provocan los aromatizantes comerciales.<\/p>\n\n\n\n<p class=\"wp-block-paragraph\">Las tres, dice Julia Shadyt estamos conscientes de los problemas que la contaminaci\u00f3n ambiental provoca el cambio clim\u00e1tico, adem\u00e1s de la extinci\u00f3n de fauna y el surgimiento de enfermedades, \u201cnos toca como j\u00f3venes enfrentar ese problema\u201d.<\/p>\n\n\n\n<p class=\"wp-block-paragraph\">Por lo que, con el consejo de su maestra de Qu\u00edmica, la ingeniera Mayra Vargas, elaboraron un desodorante ambiental cien por ciento ecol\u00f3gico, cuyos materiales son de grado alimenticio, que pueden, incluso, ser utilizados en tratamientos de aromaterapia, \u201calgo que hoy en d\u00eda no ofrece ning\u00fan producto del mercado\u201d.<\/p>\n\n\n\n<p class=\"wp-block-paragraph\">Valeria Isabel Chagoya Antonio, de 16 a\u00f1os, agrega que las personas normalmente no se detienen a pensar en los problemas de contaminaci\u00f3n que se originan al emplear aromatizantes en sus casas, ba\u00f1os, habitaciones o en sus autom\u00f3viles.<\/p>\n\n\n\n<p class=\"wp-block-paragraph\">\u201cEl problema de los aromatizantes tradicionales es que est\u00e1n elaborados por un coctel de productos qu\u00edmicos, entre los que se pueden encontrar terpenos, ftalatos y alcoholes, entre otros, que provocan efectos en la salud de las personas, contaminan la atmosfera por los gases que emiten y los cuerpos de agua, sin contar que su utilizaci\u00f3n provoca basura\u201d.<\/p>\n\n\n\n<figure class=\"wp-block-gallery has-nested-images columns-default is-cropped wp-block-gallery-1 is-layout-flex wp-block-gallery-is-layout-flex\">\n<figure class=\"wp-block-image size-large\"><a href=\"https:\/\/redsemlac.com\/semmexico\/wp-content\/uploads\/2022\/11\/aromatizante-1.jpeg\"><img decoding=\"async\" data-id=\"58626\" src=\"https:\/\/redsemlac.com\/semmexico\/wp-content\/uploads\/2022\/11\/aromatizante-1-768x1024.jpeg\" alt=\"\" class=\"wp-image-58626\"\/><\/a><\/figure>\n\n\n\n<figure class=\"wp-block-image size-large\"><a href=\"https:\/\/redsemlac.com\/semmexico\/wp-content\/uploads\/2022\/11\/aromatizante-4.jpeg\"><img decoding=\"async\" data-id=\"58629\" src=\"https:\/\/redsemlac.com\/semmexico\/wp-content\/uploads\/2022\/11\/aromatizante-4-768x1024.jpeg\" alt=\"\" class=\"wp-image-58629\"\/><\/a><\/figure>\n\n\n\n<figure class=\"wp-block-image size-large\"><a href=\"https:\/\/redsemlac.com\/semmexico\/wp-content\/uploads\/2022\/11\/aromatizante-5.jpeg\"><img decoding=\"async\" data-id=\"58628\" src=\"https:\/\/redsemlac.com\/semmexico\/wp-content\/uploads\/2022\/11\/aromatizante-5-768x1024.jpeg\" alt=\"\" class=\"wp-image-58628\"\/><\/a><\/figure>\n\n\n\n<figure class=\"wp-block-image size-large\"><a href=\"https:\/\/redsemlac.com\/semmexico\/wp-content\/uploads\/2022\/11\/aromatizante-6.jpeg\"><img decoding=\"async\" data-id=\"58627\" src=\"https:\/\/redsemlac.com\/semmexico\/wp-content\/uploads\/2022\/11\/aromatizante-6-768x1024.jpeg\" alt=\"\" class=\"wp-image-58627\"\/><\/a><\/figure>\n<\/figure>\n\n\n\n<p class=\"wp-block-paragraph\">M\u00e9xico es uno de los mercados m\u00e1s grandes en la compra de aromatizantes comerciales contaminantes, tercia Ixchel Zoe Ortega Luna, la m\u00e1s peque\u00f1a de las tres, con solo 15 a\u00f1os de edad.<\/p>\n\n\n\n<p class=\"wp-block-paragraph\">\u201cEs un proyecto que tiene base te\u00f3rica\u201d, que proponemos puede ayudar a las personas que reciben quimioterapia a tener una recuperaci\u00f3n m\u00e1s relajada y tranquila. \u201cSin duda, el aromatizante que proponemos contribuye a un cambio importante\u201d, plantea Ixchel Zoe.<\/p>\n\n\n\n<p class=\"wp-block-paragraph\">S\u00ed es verdad, reitera Julia Shadyt. \u201cMe siento muy orgullosa del prototipo que hemos elaborado y creo que podemos hacer mucho por otras personas y en especial por el medio ambiente, es una buena idea\u201d.<\/p>\n\n\n\n<p class=\"wp-block-paragraph\">Valeria m\u00e1s concreta dice que, \u201cle pusieron el coraz\u00f3n\u201d a su trabajo.<\/p>\n\n\n\n<p class=\"wp-block-paragraph\">Zoe apunta que de todo el grupo solo ellas se animaron a participar, pero ya saben que de todo el pa\u00eds se presentaron 128 proyectos, y sostiene que la elaboraci\u00f3n del pol\u00edmero biodegradable, \u201chace la diferencia\u201d.<\/p>\n\n\n\n<p class=\"wp-block-paragraph\">Luego explica que la mayor\u00eda de los aromatizantes convencionales normalmente tardan mucho tiempo en degradarse, no pueden reintegrarse a la naturaleza ni siquiera en un 30 por ciento, en cambio los biopol\u00edmeros utilizados en su producto, el Eupho Wicca, se disuelven hasta en el agua, \u201cy lo comprobamos en el laboratorio\u201d, se\u00f1ala la m\u00e1s peque\u00f1a de las tres adolescentes.<\/p>\n\n\n\n<p class=\"wp-block-paragraph\">Conversar con ellas, resulta intimidante. Se comportan como verdaderas cient\u00edficas, son serias en sus planteamientos y est\u00e1n conscientes del da\u00f1o que las personas ocasionamos al medio ambiente por el solo hecho de querer que un determinado espacio tenga buen olor, pero ellas aseguran han creado la soluci\u00f3n.<\/p>\n\n\n\n<p class=\"wp-block-paragraph\">El Eupho Wicca que presentan como producto terminado en una peque\u00f1a lata de aluminio, que puede rellenarse para evitar que se tire a la basura, tiene una duraci\u00f3n de dos meses para una habitaci\u00f3n de cinco metros cuadrados.<\/p>\n\n\n\n<figure class=\"wp-block-image size-large\"><a href=\"https:\/\/redsemlac.com\/semmexico\/wp-content\/uploads\/2022\/11\/aromatizante-3.jpeg\"><img decoding=\"async\" src=\"https:\/\/redsemlac.com\/semmexico\/wp-content\/uploads\/2022\/11\/aromatizante-3-1024x768.jpeg\" alt=\"\" class=\"wp-image-58630\"\/><\/a><\/figure>\n\n\n\n<p class=\"wp-block-paragraph\">Antes que todo, explican investigaron cu\u00e1les ser\u00edan los olores indicados. As\u00ed decidieron elaborar un aromatizante cuya base es un aceite de T\u00e9 Verde con propiedades antis\u00e9pticas, es relajante, combate el estr\u00e9s y la ansiedad; el de coco contribuye a combatir las bacterias; de lima-lim\u00f3n tambi\u00e9n relajante y contrarresta la depresi\u00f3n; los otros aromas tambi\u00e9n tranquilizantes son igualmente conocidos: lavanda y vainilla. Pero est\u00e1n pensando en intervenir con otros aromas.<\/p>\n\n\n\n<p class=\"wp-block-paragraph\">Este producto, el aromatizante Eupho Wicca, ser\u00e1 presentado y obsequiado a un grupo de al menos 50 personas que reciben quimioterapias. A todas estas personas, las tres adolescentes les ense\u00f1ar\u00e1n a elaborar el aromatizante y que esperan les ayude a transitar en su recuperaci\u00f3n -despu\u00e9s de una quimioterapia- de mejor manera, esto como parte de la tercera etapa del proyecto que han presentado a la fundaci\u00f3n Somos el Cambio.<\/p>\n\n\n\n<p class=\"wp-block-paragraph\">Por lo pronto tambi\u00e9n han involucrado en la tarea al gobierno de la ciudad de Oaxaca y diversos sectores de la sociedad.<\/p>\n\n\n\n<p class=\"wp-block-paragraph\">SEM\/sj\/MG<\/p>\n","protected":false},"excerpt":{"rendered":"<p>Valeria, Zoe y Shadyt son tres amigas que sue\u00f1an alguna vez con ser abogada, ingeniera y chef. Hoy las tres participan en la convocatoria lanzada por la fundaci\u00f3n Somos el Cambio, que realizan junto con la Secretar\u00eda de Educaci\u00f3n P\u00fablica con un producto aromatizante biodegradable al que llamaron Eupho Wicca.<\/p>\n","protected":false},"author":3,"featured_media":58624,"comment_status":"open","ping_status":"open","sticky":false,"template":"","format":"standard","meta":{"_monsterinsights_skip_tracking":false,"footnotes":""},"categories":[693,54],"tags":[],"class_list":["post-58619","post","type-post","status-publish","format-standard","has-post-thumbnail","category-693","category-mujeres"],"_links":{"self":[{"href":"https:\/\/redsemlac.com\/semmexico\/wp-json\/wp\/v2\/posts\/58619","targetHints":{"allow":["GET"]}}],"collection":[{"href":"https:\/\/redsemlac.com\/semmexico\/wp-json\/wp\/v2\/posts"}],"about":[{"href":"https:\/\/redsemlac.com\/semmexico\/wp-json\/wp\/v2\/types\/post"}],"author":[{"embeddable":true,"href":"https:\/\/redsemlac.com\/semmexico\/wp-json\/wp\/v2\/users\/3"}],"replies":[{"embeddable":true,"href":"https:\/\/redsemlac.com\/semmexico\/wp-json\/wp\/v2\/comments?post=58619"}],"version-history":[{"count":0,"href":"https:\/\/redsemlac.com\/semmexico\/wp-json\/wp\/v2\/posts\/58619\/revisions"}],"wp:featuredmedia":[{"embeddable":true,"href":"https:\/\/redsemlac.com\/semmexico\/wp-json\/wp\/v2\/media\/58624"}],"wp:attachment":[{"href":"https:\/\/redsemlac.com\/semmexico\/wp-json\/wp\/v2\/media?parent=58619"}],"wp:term":[{"taxonomy":"category","embeddable":true,"href":"https:\/\/redsemlac.com\/semmexico\/wp-json\/wp\/v2\/categories?post=58619"},{"taxonomy":"post_tag","embeddable":true,"href":"https:\/\/redsemlac.com\/semmexico\/wp-json\/wp\/v2\/tags?post=58619"}],"curies":[{"name":"wp","href":"https:\/\/api.w.org\/{rel}","templated":true}]}}