{"id":58616,"date":"2022-11-10T18:02:33","date_gmt":"2022-11-11T00:02:33","guid":{"rendered":"https:\/\/redsemlac.com\/semmexico\/?p=58616"},"modified":"2023-07-21T19:21:16","modified_gmt":"2023-07-22T00:21:16","slug":"inversion-en-los-sistemas-integrales-de-cuidados-generarian-retorno-economico-y-social-en-beneficio-de-las-mujeres-cepal","status":"publish","type":"post","link":"https:\/\/redsemlac.com\/semmexico\/inversion-en-los-sistemas-integrales-de-cuidados-generarian-retorno-economico-y-social-en-beneficio-de-las-mujeres-cepal\/","title":{"rendered":"<strong>Inversi\u00f3n en los sistemas integrales de cuidados generar\u00edan retorno econ\u00f3mico y social en beneficio de las mujeres, CEPAL<\/strong>"},"content":{"rendered":"\n<ul class=\"wp-block-list\"><li><strong>En el documento se hacen propuestas para asegurar inversiones estrat\u00e9gicas como son las inversiones en pol\u00edticas y sistemas integrales de cuidados que generan un alto retorno econ\u00f3mico y social.<\/strong><strong><\/strong><\/li><li><strong>Financiar la expansi\u00f3n de los servicios de cuidados requiere generar y expandir el espacio fiscal para ello.<\/strong><strong><\/strong><\/li><\/ul>\n\n\n\n<p class=\"wp-block-paragraph\"><strong>Elda Montiel<\/strong><\/p>\n\n\n\n<p class=\"wp-block-paragraph\">SemM\u00e9xico, Ciudad de M\u00e9xico, 10 de noviembre del 2022.- La importancia de invertir en pol\u00edticas y sistemas p\u00fablicos integrales de cuidados orientados a alcanzar la igualdad de g\u00e9nero y promover su sostenibilidad financiera, se plasm\u00f3 en el documento \u201c<a href=\"https:\/\/conferenciamujer.cepal.org\/15\/es\/documentos\/financiamiento-sistemas-politicas-cuidados-america-latina-caribe-aportes-recuperacion\" target=\"_blank\" rel=\"noreferrer noopener\">El financiamiento de los sistemas y pol\u00edticas de cuidado en Am\u00e9rica Latina y el Caribe: aportes para una recuperaci\u00f3n sostenible con igualdad de g\u00e9nero<\/a><strong>\u201d dado a conocer en la XV Conferencia Regional sobre la Mujer de Am\u00e9rica Latina y el Caribe<\/strong>, el d\u00eda de hoy.<\/p>\n\n\n\n<p class=\"wp-block-paragraph\">Por m\u00e1s de cuatro d\u00e9cadas, los Estados miembros de la CEPAL han acordado la Agenda Regional de G\u00e9nero, orientada a garantizar los derechos de las mujeres, avanzar hacia el logro de su autonom\u00eda y generar las bases para construir sociedades con igualdad. En este contexto el Informe fue dado a conocer por Luc\u00eda Scuro Somma, oficial superior de Asuntos Sociales de la Divisi\u00f3n de Asuntos de G\u00e9nero de la CEPAL, y Cecilia Alemany, directora regional Adjunta para las Am\u00e9ricas y el Caribe de ONU-Mujeres y Representante a.i. en la Argentina.<\/p>\n\n\n\n<p class=\"wp-block-paragraph\">En el documento se hacen propuestas para asegurar inversiones estrat\u00e9gicas como son las inversiones en pol\u00edticas y sistemas integrales de cuidados que generan un alto retorno econ\u00f3mico y social. En estudios previos a la crisis provocada por la pandemia del Covid-19, ya se establec\u00eda la importancia de ampliar el espacio fiscal para la protecci\u00f3n social y expandir la inversi\u00f3n social.<\/p>\n\n\n\n<p class=\"wp-block-paragraph\">Luc\u00eda Scuro Somma expres\u00f3 que \u201cproteger el gasto social y la inversi\u00f3n p\u00fablica y fortalecer la recaudaci\u00f3n y mejorar la progresividad de la arquitectura tributaria es crucial para avanzar hacia la sociedad del cuidado en la regi\u00f3n\u201d. Record\u00f3 que desde 1977, cuando empez\u00f3 a construirse la Agenda Regional de G\u00e9nero, ha habido hitos relacionados con el financiamiento de los cuidados en cada uno de los acuerdos que los gobiernos de Am\u00e9rica Latina y el Caribe han alcanzado.<\/p>\n\n\n\n<p class=\"wp-block-paragraph\">Cecilia Alemany destac\u00f3 los cinco componentes b\u00e1sicos de los sistemas integrales de cuidado: creaci\u00f3n y ampliaci\u00f3n de servicios, regulaci\u00f3n de los servicios y de las condiciones laborales, formaci\u00f3n de las personas que cuidan, gesti\u00f3n de la informaci\u00f3n y del conocimiento, y comunicaci\u00f3n para promover el cambio cultural.<\/p>\n\n\n\n<p class=\"wp-block-paragraph\">Mayra Jim\u00e9nez, ministra de la Mujer de la Rep\u00fablica Dominicana, se\u00f1al\u00f3 que el fortalecimiento del sistema financiero con enfoque de g\u00e9nero debe incluir rendici\u00f3n de cuentas y seguimiento de inversiones, para identificar c\u00f3mo las diversas fuentes y estrategias de financiamiento contribuyen a la igualdad y bienestar en forma equitativa.<\/p>\n\n\n\n<p class=\"wp-block-paragraph\">En su intervenci\u00f3n, Gina Magnolia Ria\u00f1o, secretaria general de la OISS, indic\u00f3 que existe un consenso general y amplio sobre la necesidad de avanzar en los sistemas de cuidado. \u201cEl reto es c\u00f3mo hacerlos posible y c\u00f3mo financiar esos cuidados\u201d, declar\u00f3.<\/p>\n\n\n\n<p class=\"wp-block-paragraph\">Por su parte, Rania Antonopoulos, acad\u00e9mica superior del programa Igualdad de G\u00e9nero y Econom\u00eda del Levy Economics Institute, destac\u00f3&nbsp;los avances de la regi\u00f3n en t\u00e9rminos del an\u00e1lisis para el financiamiento de pol\u00edticas de cuidados y puntualiz\u00f3 que las propuestas del documento resultan innovadoras y oportunas para las pol\u00edticas imprescindibles para el cuidado.<\/p>\n\n\n\n<p class=\"wp-block-paragraph\"><strong>Financiamiento para el sistema de cuidados y trabajo decente para las cuidadoras: OIT<\/strong><strong><\/strong><\/p>\n\n\n\n<p class=\"wp-block-paragraph\">Fabio Bertranou, Director para el Cono Sur de la OIT, expres\u00f3 que los esfuerzos para cerrar las grandes brechas de cobertura en la atenci\u00f3n y educaci\u00f3n de la primera infancia y en los cuidados de largo plazo pueden convertirse en el principal impulsor de la expansi\u00f3n futura del empleo en los servicios de cuidados. Con una inversi\u00f3n anual equivalente al 4.02 % del PIB total anual podr\u00edan generarse hasta 299 millones de puestos de trabajo, en su mayor\u00eda formales, de aqu\u00ed a 2035.<\/p>\n\n\n\n<p class=\"wp-block-paragraph\">Financiar la expansi\u00f3n de los servicios de cuidados requiere generar y expandir el espacio fiscal para ello. Esta inversi\u00f3n en servicios de cuidados de calidad debe ser parte de las pol\u00edticas estrat\u00e9gicas que permitan mejorar el empoderamiento econ\u00f3mico de la mujer mediante la creaci\u00f3n de oportunidades de empleo, tanto los sectores de cuidados como m\u00e1s all\u00e1 de estos al ampliar las oportunidades de inclusi\u00f3n laboral de las mujeres en otros sectores de la econom\u00eda.<\/p>\n\n\n\n<p class=\"wp-block-paragraph\">Los datos analizados por la OIT sobre el gasto p\u00fablico en pol\u00edticas de cuidado muestran que en los pa\u00edses en los que existe amplia protecci\u00f3n de la maternidad y licencias remuneradas de paternidad, junto con prestaciones de servicios de cuidado y educaci\u00f3n de la primera infancia relativamente generosa, las tasas medias de ocupaci\u00f3n de las madres suelen ser m\u00e1s altas.<\/p>\n\n\n\n<p class=\"wp-block-paragraph\">Tanto el acelerado envejecimiento de la poblaci\u00f3n y la creciente incorporaci\u00f3n de las mujeres en el mercado laboral han conducido al aumento de la demanda de trabajo de cuidados remunerados, pero que no han ido acompa\u00f1ados por mejoras sensibles en las condiciones de trabajo.<\/p>\n\n\n\n<p class=\"wp-block-paragraph\">Para la OIT existen dimensiones cr\u00edticas fuertemente vinculadas para generar que la econom\u00eda del cuidado sea un engranaje para el desarrollo sostenible. Por un lado, el financiamiento del sistema de cuidados, por otro las condiciones de trabajo decente para las y los trabajadores del cuidado.<\/p>\n\n\n\n<p class=\"wp-block-paragraph\">SEM\/MG<\/p>\n","protected":false},"excerpt":{"rendered":"<p>En el documento se hacen propuestas para asegurar inversiones estrat\u00e9gicas como son las inversiones en pol\u00edticas y sistemas integrales de cuidados que generan un alto retorno econ\u00f3mico y social.<\/p>\n","protected":false},"author":3,"featured_media":58617,"comment_status":"open","ping_status":"open","sticky":false,"template":"","format":"standard","meta":{"_monsterinsights_skip_tracking":false,"footnotes":""},"categories":[693,667,27],"tags":[],"class_list":["post-58616","post","type-post","status-publish","format-standard","has-post-thumbnail","category-693","category-cepal-2022","category-cobertura-especial"],"_links":{"self":[{"href":"https:\/\/redsemlac.com\/semmexico\/wp-json\/wp\/v2\/posts\/58616","targetHints":{"allow":["GET"]}}],"collection":[{"href":"https:\/\/redsemlac.com\/semmexico\/wp-json\/wp\/v2\/posts"}],"about":[{"href":"https:\/\/redsemlac.com\/semmexico\/wp-json\/wp\/v2\/types\/post"}],"author":[{"embeddable":true,"href":"https:\/\/redsemlac.com\/semmexico\/wp-json\/wp\/v2\/users\/3"}],"replies":[{"embeddable":true,"href":"https:\/\/redsemlac.com\/semmexico\/wp-json\/wp\/v2\/comments?post=58616"}],"version-history":[{"count":0,"href":"https:\/\/redsemlac.com\/semmexico\/wp-json\/wp\/v2\/posts\/58616\/revisions"}],"wp:featuredmedia":[{"embeddable":true,"href":"https:\/\/redsemlac.com\/semmexico\/wp-json\/wp\/v2\/media\/58617"}],"wp:attachment":[{"href":"https:\/\/redsemlac.com\/semmexico\/wp-json\/wp\/v2\/media?parent=58616"}],"wp:term":[{"taxonomy":"category","embeddable":true,"href":"https:\/\/redsemlac.com\/semmexico\/wp-json\/wp\/v2\/categories?post=58616"},{"taxonomy":"post_tag","embeddable":true,"href":"https:\/\/redsemlac.com\/semmexico\/wp-json\/wp\/v2\/tags?post=58616"}],"curies":[{"name":"wp","href":"https:\/\/api.w.org\/{rel}","templated":true}]}}