{"id":58610,"date":"2022-11-10T17:48:45","date_gmt":"2022-11-10T23:48:45","guid":{"rendered":"https:\/\/redsemlac.com\/semmexico\/?p=58610"},"modified":"2023-07-21T19:21:16","modified_gmt":"2023-07-22T00:21:16","slug":"preocupa-a-legisladores-britanicos-falta-de-justicia-en-el-caso-de-claudia-uruchurtu","status":"publish","type":"post","link":"https:\/\/redsemlac.com\/semmexico\/preocupa-a-legisladores-britanicos-falta-de-justicia-en-el-caso-de-claudia-uruchurtu\/","title":{"rendered":"Preocupa a legisladores brit\u00e1nicos falta de justicia en el caso de Claudia Uruchurtu"},"content":{"rendered":"\n<ul class=\"wp-block-list\"><li><strong>Mantendremos en el Parlamento la atenci\u00f3n sobre este caso, dice Dan Carden.<\/strong><\/li><\/ul>\n\n\n\n<ul class=\"wp-block-list\"><li><strong>IMDHD se\u00f1ala deficiencias y dilaciones del poder judicial en Oaxaca.<\/strong><\/li><\/ul>\n\n\n\n<p class=\"wp-block-paragraph\"><strong>Soledad Jarqu\u00edn Edgar<\/strong><\/p>\n\n\n\n<p class=\"wp-block-paragraph\">SemM\u00e9xico, Oaxaca, 10 de noviembre del 2022.- El diputado laborista brit\u00e1nico Dan Carden se\u00f1al\u00f3 aqu\u00ed su preocupaci\u00f3n por la falta de acceso a la justicia para Claudia Uruchurtu Cruz, desaparecida y presuntamente asesinada desde la noche del 26 de marzo del 2021.<\/p>\n\n\n\n<p class=\"wp-block-paragraph\">En entrevista, el diputado del Partido Laborista Brit\u00e1nico y quien encabeza una delegaci\u00f3n de legisladoras y legisladores de ese pa\u00eds que visitan por trabajo Oaxaca, se\u00f1al\u00f3 que siguen todos los detalles del caso con mucha atenci\u00f3n y \u201cnos preocupa que no se haga justicia\u201d, a pesar de que hay varias personas \u201csospechosas\u201d, tanto materiales como intelectuales detenidas.<\/p>\n\n\n\n<p class=\"wp-block-paragraph\">Como parlamentarios brit\u00e1nicos, agreg\u00f3 Dan Carden, vamos asegurar que se mantenga la atenci\u00f3n en el caso de Claudia Uruchurtu en el Parlamento brit\u00e1nico. Antes en una reuni\u00f3n con defensores y defensoras de derechos humanos en la sede de la organizaci\u00f3n no gubernamental Consorcio Oaxaca, el legislador brit\u00e1nico revel\u00f3 que ese inter\u00e9s se mantendr\u00e1 vigente de manera especial con el cambio de gobierno en Oaxaca, cuando asuma la gubernatura el morenista Salom\u00f3n Jara, de quien, cabe se\u00f1alar, se ha dicho es cercano a la expresidenta municipal Lizbeth Huerta detenida por este caso.<\/p>\n\n\n\n<p class=\"wp-block-paragraph\">El presidente de los grupos parlamentarios de todos los partidos (APPG) en M\u00e9xico dijo que las personas en detenci\u00f3n preventiva merecen un juicio justo y abierto, con miras que haya justicia a cabalidad, por la desaparici\u00f3n y asesinato de una mujer, se\u00f1al\u00f3 en referencia a la activista Claudia Uruchurtu.<\/p>\n\n\n\n<p class=\"wp-block-paragraph\">Anunci\u00f3 que en estos d\u00edas en que permanecer\u00e1n en Oaxaca se reunir\u00edan con \u201cautoridades pol\u00edticas\u201d y el fiscal de Oaxaca, as\u00ed como familiares de Claudia Uruchurtu.<\/p>\n\n\n\n<p class=\"wp-block-paragraph\"><strong>Un proceso judicial demorado y sin estrategia en la b\u00fasqueda de Claudia<\/strong><\/p>\n\n\n\n<p class=\"wp-block-paragraph\">Por otra parte, la abogada Cristina Lozano del \u00e1rea jur\u00eddica del Instituto Mexicano de Derechos Humanos y Democracia (IMDHD), apunt\u00f3 que hay preocupaci\u00f3n por diferimiento de las audiencias en el proceso de juicio oral que se ejecuta en contra de las personas detenidas, entre ellas quien fuera la presidenta municipal de Asunci\u00f3n Nochixtl\u00e1n.<\/p>\n\n\n\n<p class=\"wp-block-paragraph\">Dijo que dichas audiencias, que iniciaron un a\u00f1o despu\u00e9s de la vinculaci\u00f3n a proceso de las personas en prisi\u00f3n preventiva, se llevan a cabo solo con las partes interesadas en la sala, no respeta la publicidad de las mismas, por parte del Poder Judicial del estado de Oaxaca.<\/p>\n\n\n\n<p class=\"wp-block-paragraph\">Lament\u00f3 que con la llegada del nuevo gobernador de Oaxaca (Salom\u00f3n Jara) se pretenda desprestigiar a la activista, reduci\u00e9ndolo a un tema pol\u00edtico, con lo que se vulneran los derechos a la verdad y la justicia, adem\u00e1s de ser procesos revictimizantes en contra de Claudia y su familia.<\/p>\n\n\n\n<p class=\"wp-block-paragraph\">Lozano hizo hincapi\u00e9 en la necesidad de recordar que la desaparici\u00f3n de Claudia es una grave violaci\u00f3n a los derechos humanos, donde participaron agentes del Estado, por un lado, y por el otro, denunci\u00f3 que no hay una estrategia clara para la b\u00fasqueda y localizaci\u00f3n de Claudia.<\/p>\n\n\n\n<p class=\"wp-block-paragraph\">De igual forma, dijo en relaci\u00f3n con el trabajo de la Fiscal\u00eda General del Estado de Oaxaca, la investigaci\u00f3n carece de enfoque de g\u00e9nero y de derechos humanos, considerando que se trataba de una activista y defensora de los derechos humanos, los cuales habr\u00eda sido importante incluir.<\/p>\n\n\n\n<p class=\"wp-block-paragraph\">Lozano, explic\u00f3 a SemM\u00e9xico que en agosto pasado hicieron comentarios a la informaci\u00f3n enviada por la Comisi\u00f3n Nacional de B\u00fasqueda de Personas al Comit\u00e9 contra Desapariciones Forzadas de Naciones Unidas, porque adolec\u00eda de informaci\u00f3n importante.<\/p>\n\n\n\n<p class=\"wp-block-paragraph\">En ese sentido, explic\u00f3 que el IMDHD solicit\u00f3 a la Comisi\u00f3n Nacional de B\u00fasqueda que ampliara su an\u00e1lisis, el cual, entre otras cosas carec\u00eda de directrices de investigaci\u00f3n y localizaci\u00f3n, aunque s\u00ed conten\u00eda datos estad\u00edsticos de Asunci\u00f3n Nochixtl\u00e1n municipio donde sucedieron los hechos en marzo de 2021 y que dieron como resultado la desaparici\u00f3n de Claudia Uruchurtu.<\/p>\n\n\n\n<p class=\"wp-block-paragraph\">Por supuesto, agrega la abogada Cristina Lozano nos han dicho claramente que no habr\u00e1 ampliaci\u00f3n, lo que lament\u00f3 considerando que dicho documento se present\u00f3 como prueba y est\u00e1 incompleto, sin enfoque de g\u00e9nero ni de derechos humanos, reiter\u00f3.<\/p>\n\n\n\n<p class=\"wp-block-paragraph\">Por otra parte, dijo que el Instituto Mexicano de Derechos Humanos y Democracia ha dado seguimiento al reporte, presentado como un gran logro, por parte de la Comisi\u00f3n Nacional de B\u00fasqueda de Personas, las acciones urgentes ante el Comit\u00e9 contra Desapariciones Forzadas de Naciones Unidas, la interposici\u00f3n de amparo buscador\/habeas corpus para solicitar la b\u00fasqueda de Claudia Uruchurtu, entre otras acciones.<\/p>\n\n\n\n<p class=\"wp-block-paragraph\"><strong>Claudia Uruchurtu Cruz<\/strong><\/p>\n\n\n\n<p class=\"wp-block-paragraph\">La activista de 47 a\u00f1os fue desaparecida en la poblaci\u00f3n de Nochixtl\u00e1n, en la regi\u00f3n de la mixteca oaxaque\u00f1a el 26 de marzo de 2021, donde ella resid\u00eda, junto con su madre e hijo.<\/p>\n\n\n\n<p class=\"wp-block-paragraph\">Claudia Uruchurtu hab\u00eda estado denunciando irregularidades como hechos de corrupci\u00f3n, desv\u00edo de recursos, desfalcos y abuso de poder por parte de las autoridades municipales ante diversas instancias del gobierno del Estado, con se\u00f1alamientos en contra de la mun\u00edcipe del lugar, Lizbeth Huerta, actualmente detenida en prisi\u00f3n preventiva como autora intelectual de su desaparici\u00f3n.<\/p>\n\n\n\n<p class=\"wp-block-paragraph\">La tarde noche del 26 de marzo del 2021, la presidenta municipal quien pretend\u00eda reelegirse en el cargo, enfrent\u00f3 una protesta en contra de ella y su cabildo, que solicitaba la liberaci\u00f3n de una persona, la cual hab\u00eda sido golpeada y detenida por las autoridades municipales.<\/p>\n\n\n\n<p class=\"wp-block-paragraph\">\u201cDurante la manifestaci\u00f3n, diversos testigos observaron c\u00f3mo varios sujetos se llevaron de forma violenta a Claudia forz\u00e1ndola a subir a una camioneta de color rojo\u201d. Desde entonces est\u00e1 desaparecida.<\/p>\n\n\n\n<p class=\"wp-block-paragraph\">\u201cTambi\u00e9n existieron videos en los que se ve el momento en el que Claudia fue privada de su libertad, no obstante, tanto las personas que subieron los videos a redes sociales como los testigos fueron amenazados para no proporcionar mayor informaci\u00f3n a las autoridades\u201d.<\/p>\n\n\n<div class=\"wp-block-image\">\n<figure class=\"alignleft size-full\"><a href=\"https:\/\/redsemlac.com\/semmexico\/wp-content\/uploads\/2022\/11\/legisladores-britanicos-01.png\"><img loading=\"lazy\" decoding=\"async\" width=\"377\" height=\"376\" src=\"https:\/\/redsemlac.com\/semmexico\/wp-content\/uploads\/2022\/11\/legisladores-britanicos-01.png\" alt=\"\" class=\"wp-image-58611\"\/><\/a><\/figure>\n<\/div>\n\n\n<p class=\"wp-block-paragraph\">Dice la ficha que sobre el caso ha colocado el Instituto Mexicano de Derechos Humanos y Democracia (IMDHD), que sostiene que Claudia Uruchurtu ten\u00eda cuatro a\u00f1os denunciando actos de corrupci\u00f3n y se hab\u00eda involucrado en la defensa de pobladores de Nochixtl\u00e1n, ante constantes abusos y extorsiones de las autoridades municipales.<\/p>\n\n\n\n<p class=\"wp-block-paragraph\">Est\u00e1 detenida la exmun\u00edcipe Lizbeth Huerta, presidenta municipal de Nochixtl\u00e1n, como probable autora intelectual de la desaparici\u00f3n y de dos colaboradores m\u00e1s del Municipio, el director jur\u00eddico y director de servicios, uno de ellos dado de alta como polic\u00eda municipal. El 13 de mayo se vincul\u00f3 a proceso a las personas detenidas.<\/p>\n\n\n\n<p class=\"wp-block-paragraph\">Posteriormente en julio de 2021, se logr\u00f3 la detenci\u00f3n de otras tres personas que trabajaban en el municipio de Nochixtl\u00e1n, Oaxaca y tambi\u00e9n se logr\u00f3 su vinculaci\u00f3n a proceso.<\/p>\n\n\n\n<p class=\"wp-block-paragraph\">El IMDHD ha acompa\u00f1ado el caso de Claudia Uruchurtu desde el a\u00f1o de su desaparici\u00f3n y ha emprendido diversas acciones.<\/p>\n\n\n\n<p class=\"wp-block-paragraph\">SEM\/sj\/MG<\/p>\n","protected":false},"excerpt":{"rendered":"<p>El diputado laborista brit\u00e1nico Dan Carden se\u00f1al\u00f3 aqu\u00ed su preocupaci\u00f3n por la falta de acceso a la justicia para Claudia Uruchurtu Cruz, desaparecida y presuntamente asesinada desde la noche del 26 de marzo del 2021.<\/p>\n","protected":false},"author":3,"featured_media":58612,"comment_status":"open","ping_status":"open","sticky":false,"template":"","format":"standard","meta":{"_monsterinsights_skip_tracking":false,"footnotes":""},"categories":[693,47,54],"tags":[],"class_list":["post-58610","post","type-post","status-publish","format-standard","has-post-thumbnail","category-693","category-no-mas-impunidad","category-mujeres"],"_links":{"self":[{"href":"https:\/\/redsemlac.com\/semmexico\/wp-json\/wp\/v2\/posts\/58610","targetHints":{"allow":["GET"]}}],"collection":[{"href":"https:\/\/redsemlac.com\/semmexico\/wp-json\/wp\/v2\/posts"}],"about":[{"href":"https:\/\/redsemlac.com\/semmexico\/wp-json\/wp\/v2\/types\/post"}],"author":[{"embeddable":true,"href":"https:\/\/redsemlac.com\/semmexico\/wp-json\/wp\/v2\/users\/3"}],"replies":[{"embeddable":true,"href":"https:\/\/redsemlac.com\/semmexico\/wp-json\/wp\/v2\/comments?post=58610"}],"version-history":[{"count":0,"href":"https:\/\/redsemlac.com\/semmexico\/wp-json\/wp\/v2\/posts\/58610\/revisions"}],"wp:featuredmedia":[{"embeddable":true,"href":"https:\/\/redsemlac.com\/semmexico\/wp-json\/wp\/v2\/media\/58612"}],"wp:attachment":[{"href":"https:\/\/redsemlac.com\/semmexico\/wp-json\/wp\/v2\/media?parent=58610"}],"wp:term":[{"taxonomy":"category","embeddable":true,"href":"https:\/\/redsemlac.com\/semmexico\/wp-json\/wp\/v2\/categories?post=58610"},{"taxonomy":"post_tag","embeddable":true,"href":"https:\/\/redsemlac.com\/semmexico\/wp-json\/wp\/v2\/tags?post=58610"}],"curies":[{"name":"wp","href":"https:\/\/api.w.org\/{rel}","templated":true}]}}