{"id":58596,"date":"2022-11-10T13:32:52","date_gmt":"2022-11-10T19:32:52","guid":{"rendered":"https:\/\/redsemlac.com\/semmexico\/?p=58596"},"modified":"2023-07-21T19:21:17","modified_gmt":"2023-07-22T00:21:17","slug":"mujer-y-poder-en-apoyo-al-ine-en-sonora-resurgen-las-damas-de-blanco-1","status":"publish","type":"post","link":"https:\/\/redsemlac.com\/semmexico\/mujer-y-poder-en-apoyo-al-ine-en-sonora-resurgen-las-damas-de-blanco-1\/","title":{"rendered":"Mujer y Poder| En apoyo al INE en Sonora resurgen las Damas de Blanco"},"content":{"rendered":"\n<p class=\"wp-block-paragraph\"><strong>Natalia Vidales de Bitterlin<\/strong><\/p>\n\n\n\n<p class=\"wp-block-paragraph\">SemM\u00e9xico, Hermosillo, Sonora, 10 de noviembre del 2022.- De nuevo lo lograr\u00e1n.<\/p>\n\n\n\n<p class=\"wp-block-paragraph\">En la capital sonorense, Hermosillo, se est\u00e1 formando un nuevo movimiento muy similar al que se logr\u00f3 integrar en el 2002 cuando el gobierno federal pretendi\u00f3 quitar el subsidio de la luz y afectar no solo a las y los ricos -como pensaba el presidente Vicente Fox-, sino a toda la poblaci\u00f3n. La medida obligaba -dado lo indispensable de utilizar abanicos, coolers, minisplits y dem\u00e1s aparatos para mitigar el calor en las zonas \u00e1ridas del pa\u00eds- a comer\u2026o a pagar el recibo de la CFE, lo cual era, desde luego, una injusticia sobre todo para las y los que menos tienen.<\/p>\n\n\n\n<p class=\"wp-block-paragraph\">En Sonora, las temperaturas extremas -de 45 grados o m\u00e1s- ocasionan cada verano grandes tragedias, como la de ni\u00f1os y ni\u00f1as que se han ahogado en las tinas donde sus madres las y los colocan para protegerlos\/as del infernal calor.<\/p>\n\n\n\n<p class=\"wp-block-paragraph\">En aquel entonces, 25 mujeres -de la clase media y media alta- iniciaron un movimiento -\u201cVamos por Sonora\u2026hoy es por la luz\u201d-&nbsp; que las llev\u00f3 a ocho meses de lucha constante hasta que lograron su objetivo: que el presidente diera reversa y dejara el subsidio en Sonora.<\/p>\n\n\n\n<p class=\"wp-block-paragraph\">A esas mujeres, la poblaci\u00f3n las llam\u00f3 \u201clas damas de blanco\u201d porque esa era la vestimenta oficial de la organizaci\u00f3n como s\u00edmbolo de paz y transparencia.<\/p>\n\n\n\n<p class=\"wp-block-paragraph\">Nosotras pertenecimos a esa causa como coordinadoras de la difusi\u00f3n de las actividades y recordamos con mucho orgullo lo que pudimos lograr a base de lucha ciudadana.<\/p>\n\n\n\n<p class=\"wp-block-paragraph\">Hoy, algunas de esas compa\u00f1eras, y otras sonorenses m\u00e1s, se est\u00e1n movilizando en el estado como lo hicieron hace ya\u2026 \u00a120 a\u00f1os! Y lo hacen con el sugestivo nombre de <em>SOS por M\u00e9xico<\/em>.<\/p>\n\n\n\n<p class=\"wp-block-paragraph\">Han logrado entusiasmar y comprometer -luego de apenas un par de d\u00edas de formarse- a m\u00e1s de 500 mujeres que el pasado mi\u00e9rcoles dejaron la comodidad de sus hogares para iniciar esta nueva lucha, ahora por la democracia en M\u00e9xico.<\/p>\n\n\n\n<p class=\"wp-block-paragraph\">No son pol\u00edticas, y siempre han sido mujeres activas que buscan el bien com\u00fan\u2026no beneficiar a ning\u00fan partido pol\u00edtico. Cada una de ellas tiene sus propias creencias, convicciones y -porque no decirlo- intereses personales, como los tiene cualquiera. Es un grupo heterog\u00e9neo pero se ha unido en una important\u00edsima coincidencia: defender al <em>Instituto Nacional Electoral<\/em> -el INE, nuestro INE, el INE de todos y todas- porque conocen la importancia de contar con elecciones ciudadanas, como ha ocurrido en nuestro pa\u00eds desde 1997, y evitar elecciones de estado, como ocurr\u00eda durante la dictadura perfecta del gobierno y&nbsp; su partido, y que se mantuvo por casi un siglo.&nbsp;&nbsp;<\/p>\n\n\n\n<p class=\"wp-block-paragraph\">Las militantes sociales del <em>SOS por M\u00e9xico<\/em>, siempre han votado y pretenden seguir haci\u00e9ndolo as\u00ed, y se est\u00e1n movilizando para lograr el despertar de tantos mexicanos y mexicanas que permanecen al margen de situaciones como esta, y que a todos\/as nos afectan.<\/p>\n\n\n\n<p class=\"wp-block-paragraph\">Est\u00e1n -estamos- listas para lograr el objetivo de detener el intento del presidente y de su partido, Morena, por adue\u00f1arse del INE y convertirlo, como antes, en una dependencia del gobierno, con la obvia intenci\u00f3n de evitar cualquier alternancia posterior y para, como en el siglo pasado, eternizarse en el mando. As\u00ed que la batalla se dar\u00e1, en este caso como las mujeres sabemos hacerlo.&nbsp;<\/p>\n\n\n\n<p class=\"wp-block-paragraph\">La semilla que han plantado est\u00e1 dando frutos -como sucedi\u00f3 en el 2002- y ello nos da una esperanza para pensar que la marcha nacional programada para el pr\u00f3ximo domingo 13 ser\u00e1 un \u00e9xito.<\/p>\n\n\n\n<p class=\"wp-block-paragraph\">Por ello: \u00a1Arriba las \u201c<em>damas de blanco<\/em>\u201d!<\/p>\n","protected":false},"excerpt":{"rendered":"<p>En la capital sonorense, Hermosillo, se est\u00e1 formando un nuevo movimiento muy similar al que se logr\u00f3 integrar en el 2002 cuando el gobierno federal pretendi\u00f3 quitar el subsidio de la luz y afectar no solo a las y los ricos, sino a toda la poblaci\u00f3n.<\/p>\n","protected":false},"author":3,"featured_media":38550,"comment_status":"open","ping_status":"open","sticky":false,"template":"","format":"standard","meta":{"_monsterinsights_skip_tracking":false,"footnotes":""},"categories":[693,100,72,35],"tags":[],"class_list":["post-58596","post","type-post","status-publish","format-standard","has-post-thumbnail","category-693","category-mujer-y-poder","category-natalia-vidales","category-opinion"],"_links":{"self":[{"href":"https:\/\/redsemlac.com\/semmexico\/wp-json\/wp\/v2\/posts\/58596","targetHints":{"allow":["GET"]}}],"collection":[{"href":"https:\/\/redsemlac.com\/semmexico\/wp-json\/wp\/v2\/posts"}],"about":[{"href":"https:\/\/redsemlac.com\/semmexico\/wp-json\/wp\/v2\/types\/post"}],"author":[{"embeddable":true,"href":"https:\/\/redsemlac.com\/semmexico\/wp-json\/wp\/v2\/users\/3"}],"replies":[{"embeddable":true,"href":"https:\/\/redsemlac.com\/semmexico\/wp-json\/wp\/v2\/comments?post=58596"}],"version-history":[{"count":0,"href":"https:\/\/redsemlac.com\/semmexico\/wp-json\/wp\/v2\/posts\/58596\/revisions"}],"wp:featuredmedia":[{"embeddable":true,"href":"https:\/\/redsemlac.com\/semmexico\/wp-json\/wp\/v2\/media\/38550"}],"wp:attachment":[{"href":"https:\/\/redsemlac.com\/semmexico\/wp-json\/wp\/v2\/media?parent=58596"}],"wp:term":[{"taxonomy":"category","embeddable":true,"href":"https:\/\/redsemlac.com\/semmexico\/wp-json\/wp\/v2\/categories?post=58596"},{"taxonomy":"post_tag","embeddable":true,"href":"https:\/\/redsemlac.com\/semmexico\/wp-json\/wp\/v2\/tags?post=58596"}],"curies":[{"name":"wp","href":"https:\/\/api.w.org\/{rel}","templated":true}]}}