{"id":58579,"date":"2022-11-10T12:49:59","date_gmt":"2022-11-10T18:49:59","guid":{"rendered":"https:\/\/redsemlac.com\/semmexico\/?p=58579"},"modified":"2023-07-21T19:21:17","modified_gmt":"2023-07-22T00:21:17","slug":"mujeres-mexiquenses-realizan-primer-congreso-para-generar-agenda-feminista-2023","status":"publish","type":"post","link":"https:\/\/redsemlac.com\/semmexico\/mujeres-mexiquenses-realizan-primer-congreso-para-generar-agenda-feminista-2023\/","title":{"rendered":"<strong>Mujeres mexiquenses realizan Primer Congreso para generar agenda feminista 2023<\/strong>"},"content":{"rendered":"\n<ul class=\"wp-block-list\"><li><strong>El prop\u00f3sito es buscar y generar espacios de encuentro, discusi\u00f3n, reflexi\u00f3n, informaci\u00f3n y concertaci\u00f3n entre mujeres.<\/strong><strong><\/strong><\/li><\/ul>\n\n\n\n<p class=\"wp-block-paragraph\"><strong>Elda Montiel<\/strong><\/p>\n\n\n\n<p class=\"wp-block-paragraph\">SemM\u00e9xico, Ciudad de M\u00e9xico, 10 de noviembre del 2022.- El pr\u00f3ximo 26 de noviembre se llevara a cabo en Chalco, el Primer Congreso Feminista de Mujeres del Estado de M\u00e9xico, en tres foros regionales que versaran sobre 8 tem\u00e1ticas que afectan a las mujeres como la violencia, la pobreza, la salud, el Covid 19, la econom\u00eda, el ejercicio del poder, el trabajo de cuidados y el acceso a la educaci\u00f3n.&nbsp;&nbsp;&nbsp;<\/p>\n\n\n\n<p class=\"wp-block-paragraph\">El prop\u00f3sito es buscar y generar espacios de encuentro, discusi\u00f3n, reflexi\u00f3n, informaci\u00f3n y concertaci\u00f3n entre mujeres, a fin de escucharse, reconocerse e intercambiar saberes para la construcci\u00f3n de una Agenda Pol\u00edtica de las Mujeres del estado de M\u00e9xico.<\/p>\n\n\n\n<p class=\"wp-block-paragraph\">Elsa Arroyo y Guadalupe Cort\u00e9s, voceras del Comit\u00e9 organizador de este \u201cPrimer Congreso Regional de Mujeres, Regi\u00f3n Volcanes\u201d destacaron que esta agenda ser\u00e1 un instrumento, que guie la pol\u00edtica p\u00fablica municipal entorno a las problem\u00e1ticas que padecen las mujeres del estado de M\u00e9xico; y en este caso de la zona oriente.<\/p>\n\n\n\n<p class=\"wp-block-paragraph\">Para lo cual se convoc\u00f3 a las mujeres mayores de 15 a\u00f1os de los 125 municipios del estado, organizaciones de la sociedad civil, acad\u00e9micas, empresarias, investigadoras, lideresas comunitarias.<\/p>\n\n\n\n<p class=\"wp-block-paragraph\">Los resultados del Congreso se dar\u00e1n a conocer a la opini\u00f3n p\u00fablica el 2 de febrero; en \u00e9l participaran diversas organizaciones civiles y colectivas mexiquenses como la Asociaci\u00f3n Internacional de Mujeres Abrazando M\u00e9xico, Colectivas Mujeres Unidas por Ecatepec, Las Catrinas, Corazones Diversos del Estado de M\u00e9xico A.C, Defensoras y Defensores Populares por Ecatepec A.C, Las Constituyentes Mx Feminista, Luvida Inclusi\u00f3n y Capacidad de Liderazgo A.C, Mudeci, Mujeres de Piedra Tec\u00e1mac, Mujeres Morena Mexiquenses, Mujeres Previniendo la Violencia de G\u00e9nero, Red Feminista Nacional Mx, Scorza ICJ A.C, Sumando Igualdad A.C, Vecindarios del Viento y Yo Cuido M\u00e9xico.<\/p>\n\n\n\n<p class=\"wp-block-paragraph\">SEM\/MG<\/p>\n","protected":false},"excerpt":{"rendered":"<p>El pr\u00f3ximo 26 de noviembre se llevara a cabo en Chalco, el Primer Congreso Feminista de Mujeres del Estado de M\u00e9xico.<br \/>\nEl prop\u00f3sito es buscar y generar espacios de encuentro, discusi\u00f3n, reflexi\u00f3n, informaci\u00f3n y concertaci\u00f3n entre mujeres.<\/p>\n","protected":false},"author":3,"featured_media":58580,"comment_status":"open","ping_status":"open","sticky":false,"template":"","format":"standard","meta":{"_monsterinsights_skip_tracking":false,"footnotes":""},"categories":[693,50,54],"tags":[],"class_list":["post-58579","post","type-post","status-publish","format-standard","has-post-thumbnail","category-693","category-congreso","category-mujeres"],"_links":{"self":[{"href":"https:\/\/redsemlac.com\/semmexico\/wp-json\/wp\/v2\/posts\/58579","targetHints":{"allow":["GET"]}}],"collection":[{"href":"https:\/\/redsemlac.com\/semmexico\/wp-json\/wp\/v2\/posts"}],"about":[{"href":"https:\/\/redsemlac.com\/semmexico\/wp-json\/wp\/v2\/types\/post"}],"author":[{"embeddable":true,"href":"https:\/\/redsemlac.com\/semmexico\/wp-json\/wp\/v2\/users\/3"}],"replies":[{"embeddable":true,"href":"https:\/\/redsemlac.com\/semmexico\/wp-json\/wp\/v2\/comments?post=58579"}],"version-history":[{"count":0,"href":"https:\/\/redsemlac.com\/semmexico\/wp-json\/wp\/v2\/posts\/58579\/revisions"}],"wp:featuredmedia":[{"embeddable":true,"href":"https:\/\/redsemlac.com\/semmexico\/wp-json\/wp\/v2\/media\/58580"}],"wp:attachment":[{"href":"https:\/\/redsemlac.com\/semmexico\/wp-json\/wp\/v2\/media?parent=58579"}],"wp:term":[{"taxonomy":"category","embeddable":true,"href":"https:\/\/redsemlac.com\/semmexico\/wp-json\/wp\/v2\/categories?post=58579"},{"taxonomy":"post_tag","embeddable":true,"href":"https:\/\/redsemlac.com\/semmexico\/wp-json\/wp\/v2\/tags?post=58579"}],"curies":[{"name":"wp","href":"https:\/\/api.w.org\/{rel}","templated":true}]}}