{"id":58558,"date":"2022-11-09T17:35:44","date_gmt":"2022-11-09T23:35:44","guid":{"rendered":"https:\/\/redsemlac.com\/semmexico\/?p=58558"},"modified":"2023-07-21T19:21:18","modified_gmt":"2023-07-22T00:21:18","slug":"reiterada-falta-de-perspectiva-de-genero-en-las-investigaciones-del-sistema-judicial-de-tlaxcala","status":"publish","type":"post","link":"https:\/\/redsemlac.com\/semmexico\/reiterada-falta-de-perspectiva-de-genero-en-las-investigaciones-del-sistema-judicial-de-tlaxcala\/","title":{"rendered":"Reiterada falta de perspectiva de g\u00e9nero en las investigaciones del Sistema Judicial de Tlaxcala"},"content":{"rendered":"\n<ul class=\"wp-block-list\"><li><strong>Familiares, organizaciones estatales y nacionales exigen #JusticiaParaEstefani.<\/strong><\/li><li><strong>La Fiscal\u00eda de Tlaxcala debe juzgar de manera pronta, eficaz y con perspectiva de g\u00e9nero.<\/strong><\/li><\/ul>\n\n\n\n<p class=\"wp-block-paragraph\"><strong>Redacci\u00f3n<\/strong><\/p>\n\n\n\n<p class=\"wp-block-paragraph\">SemM\u00e9xico, Ciudad de M\u00e9xico, 9 de noviembre del 2022.- A casi un a\u00f1o del feminicidio -ocurrido el 3 de diciembre de 2021- de Estefani Hern\u00e1ndez Mart\u00ednez, mujer joven de 36 a\u00f1os originaria del Estado de Tlaxcala; este 9 de noviembre estaba programada la audiencia intermedia, la cual fue diferida por segunda ocasi\u00f3n, por lo que familiares, el Colectivo Mujer y Utop\u00eda y el Observatorio Ciudadano Nacional del Feminicidio (OCNF), reiteran la exigencia de justicia.<\/p>\n\n\n\n<p class=\"wp-block-paragraph\">Tanto a la familia como a las organizaciones de la sociedad civil, les resulta indignante que el sistema judicial del Estado de Tlaxcala permita pr\u00e1cticas desleales por parte de la defensor\u00eda de los imputados, mismos que obstaculizan el esclarecimiento de los hechos y el acceso a la justicia.<\/p>\n\n\n\n<p class=\"wp-block-paragraph\">Durante el 2021, el Colectivo Mujer y Utop\u00eda AC document\u00f3 33 asesinatos de mujeres con presencia de violencia, de los cuales solo en 9 se iniciaron carpetas de investigaci\u00f3n por el delito de feminicidio, observando poco avance en sus procesos; en los cuales se advierte tambi\u00e9n la permanente presencia de dilaci\u00f3n durante las etapas de los casos.<\/p>\n\n\n\n<p class=\"wp-block-paragraph\">Ante ello, es imperante que las autoridades estatales act\u00faen de manera pronta y eficaz en favor de las v\u00edctimas, poniendo especial \u00e9nfasis en la perspectiva de g\u00e9nero, la dignidad, la reparaci\u00f3n del da\u00f1o y la justicia social.<\/p>\n\n\n\n<p class=\"wp-block-paragraph\">A pesar del contexto, resulta preocupante \u2013refieren- la constante resistencia de las autoridades para realizar las investigaciones y desahogo de las etapas con perspectiva de g\u00e9nero. Las mujeres asesinadas son revictimizadas y los agresores\/as no son sancionados\/as por el delito que comenten de manera \u00e1gil y eficaz.<\/p>\n\n\n\n<p class=\"wp-block-paragraph\">El camino que las familias enfrentan para acceder a la justicia es sinuoso, largo y desgastante. Como familiares de la v\u00edctima y como defensoras de los derechos de las mujeres, estamos convencidas de que la justicia debe ser pronta y expedita, de lo contrario se estar\u00eda prolongando un proceso tan doloroso e indignante como lo es el feminicidio de Estefani.<\/p>\n\n\n\n<p class=\"wp-block-paragraph\">Ante ello, exigen a la Fiscal\u00eda General del Estado de Tlaxcala lo siguiente:<\/p>\n\n\n\n<ul class=\"wp-block-list\"><li>Garantizar el acceso a la justicia en el caso de Estefani;<\/li><\/ul>\n\n\n\n<ul class=\"wp-block-list\"><li>Contar con personal sensible a los contextos de violencia feminicida en el estado:<\/li><\/ul>\n\n\n\n<ul class=\"wp-block-list\"><li>Sancionar a las y los funcionarios p\u00fablicos que obstaculicen el acceso a la justicia para las mujeres v\u00edctimas de violencia feminicida;<\/li><\/ul>\n\n\n\n<ul class=\"wp-block-list\"><li>Brindar acompa\u00f1amiento integral a las familias de las v\u00edctimas de violencia feminicida;<\/li><\/ul>\n\n\n\n<p class=\"wp-block-paragraph\">Que las y los Ministerios P\u00fablicos realicen planes metodol\u00f3gicos de investigaci\u00f3n con perspectiva de g\u00e9nero y, en los casos ocurridos en contextos de criminalidad organizada, incorporen en sus investigaciones l\u00edneas de investigaci\u00f3n identificadas por las Unidades de An\u00e1lisis y Contexto, que permita la sanci\u00f3n oportuna de agresores y eviten que \u00e9stos vuelvan a delinquir, como lo han hecho los denominados \u201cfeminicidas seriales\u201d, bajo el cobijo de la impunidad.<\/p>\n\n\n\n<p class=\"wp-block-paragraph\">La Procuradur\u00eda debe romper completamente con el modelo de investigaci\u00f3n de escritorio, burocr\u00e1tico y de casos aislados que no es eficaz de ninguna forma para romper con las estructuras criminales y los pactos de impunidad que se viven en Tlaxcala.<\/p>\n\n\n\n<p class=\"wp-block-paragraph\">La dignificaci\u00f3n de las v\u00edctimas y sus familiares es un proceso que debe ser acompa\u00f1ado por la b\u00fasqueda de justicia y la demanda por una sentencia que si bien, nunca podr\u00e1 reparar el da\u00f1o ocasionado a las familias, es imprescindible para evitar que la impunidad sea la justificaci\u00f3n de aquellos que arrebatan las vidas de mujeres sin castigo alguno.<\/p>\n\n\n\n<p class=\"wp-block-paragraph\">Hacen un llamado a la ciudadan\u00eda en general a seguir los procesos judiciales para esclarecer los feminicidios que se han cometido contra las ciudadanas tlaxcaltecas y que se mantienen invisibles e impunes por la poca sensibilidad y compromisos institucionales y pol\u00edticos.<\/p>\n\n\n\n<p class=\"wp-block-paragraph\">La impunidad puede derivar en la normalizaci\u00f3n de un grado extremo de violencia contra las mujeres, por lo que es necesario que las autoridades de los tres niveles de gobierno generen acciones que contribuyan a la prevenci\u00f3n, atenci\u00f3n, sanci\u00f3n y erradicaci\u00f3n de la violencia feminicida.<\/p>\n\n\n\n<p class=\"wp-block-paragraph\">Es de conocimiento de la ciudadan\u00eda que ninguna condena podr\u00e1 reparar el da\u00f1o y el dolor cometidos hacia las y los familiares, sin embargo, seguir\u00e1n luchando para que se haga justicia para Estefani, y para todas las ni\u00f1as y mujeres que diariamente son asesinadas bajo un velo de impunidad y odio.<\/p>\n\n\n\n<p class=\"wp-block-paragraph\">SEM\/MG<\/p>\n","protected":false},"excerpt":{"rendered":"<p>Familiares, organizaciones estatales y nacionales exigen #JusticiaParaEstefani.<\/p>\n","protected":false},"author":3,"featured_media":58559,"comment_status":"open","ping_status":"open","sticky":false,"template":"","format":"standard","meta":{"_monsterinsights_skip_tracking":false,"footnotes":""},"categories":[693,54],"tags":[],"class_list":["post-58558","post","type-post","status-publish","format-standard","has-post-thumbnail","category-693","category-mujeres"],"_links":{"self":[{"href":"https:\/\/redsemlac.com\/semmexico\/wp-json\/wp\/v2\/posts\/58558","targetHints":{"allow":["GET"]}}],"collection":[{"href":"https:\/\/redsemlac.com\/semmexico\/wp-json\/wp\/v2\/posts"}],"about":[{"href":"https:\/\/redsemlac.com\/semmexico\/wp-json\/wp\/v2\/types\/post"}],"author":[{"embeddable":true,"href":"https:\/\/redsemlac.com\/semmexico\/wp-json\/wp\/v2\/users\/3"}],"replies":[{"embeddable":true,"href":"https:\/\/redsemlac.com\/semmexico\/wp-json\/wp\/v2\/comments?post=58558"}],"version-history":[{"count":0,"href":"https:\/\/redsemlac.com\/semmexico\/wp-json\/wp\/v2\/posts\/58558\/revisions"}],"wp:featuredmedia":[{"embeddable":true,"href":"https:\/\/redsemlac.com\/semmexico\/wp-json\/wp\/v2\/media\/58559"}],"wp:attachment":[{"href":"https:\/\/redsemlac.com\/semmexico\/wp-json\/wp\/v2\/media?parent=58558"}],"wp:term":[{"taxonomy":"category","embeddable":true,"href":"https:\/\/redsemlac.com\/semmexico\/wp-json\/wp\/v2\/categories?post=58558"},{"taxonomy":"post_tag","embeddable":true,"href":"https:\/\/redsemlac.com\/semmexico\/wp-json\/wp\/v2\/tags?post=58558"}],"curies":[{"name":"wp","href":"https:\/\/api.w.org\/{rel}","templated":true}]}}