{"id":58544,"date":"2022-11-09T13:29:29","date_gmt":"2022-11-09T19:29:29","guid":{"rendered":"https:\/\/redsemlac.com\/semmexico\/?p=58544"},"modified":"2023-07-21T19:21:18","modified_gmt":"2023-07-22T00:21:18","slug":"comisiones-se-declaran-en-sesion-permanente-analizan-proyecto-para-tipificar-delito-de-lesiones-por-razon-de-genero","status":"publish","type":"post","link":"https:\/\/redsemlac.com\/semmexico\/comisiones-se-declaran-en-sesion-permanente-analizan-proyecto-para-tipificar-delito-de-lesiones-por-razon-de-genero\/","title":{"rendered":"Comisiones se declaran en sesi\u00f3n permanente, analizan proyecto para tipificar delito de lesiones por raz\u00f3n de g\u00e9nero"},"content":{"rendered":"\n<p class=\"wp-block-paragraph\"><strong>Javier Divany<\/strong><\/p>\n\n\n\n<p class=\"wp-block-paragraph\">SemM\u00e9xico\/ElSoldeM\u00e9xico, Ciudad de M\u00e9xico, 9 de noviembre del 2022.- Las comisiones unidas para la Igualdad de G\u00e9nero, Justicia y Estudios Legislativos, Segunda, se declararon en sesi\u00f3n permanente para ajustar la redacci\u00f3n del dictamen a la minuta que tipifica y penaliza el delito de lesiones, por raz\u00f3n de g\u00e9nero, en contra de las mujeres, ni\u00f1as y adolescentes.&nbsp;<\/p>\n\n\n\n<p class=\"wp-block-paragraph\">Las presidentas y el presidente de las comisiones, Martha Luc\u00eda Micher Camarena, Olga S\u00e1nchez Cordero y el senador Rafael Espino de la Pe\u00f1a, presentaron el dictamen sobre la propuesta que remiti\u00f3 al Senado la C\u00e1mara de Diputados y que modifica el C\u00f3digo Penal Federal.&nbsp;<\/p>\n\n\n\n<p class=\"wp-block-paragraph\">\u201cLo que queremos es conservar el esp\u00edritu de la reforma: salvaguardar la vida, la seguridad y la integridad de las mujeres, que son v\u00edctimas de ese tipo de delitos y conductas. No estamos hablando de un feminicidio, pero s\u00ed cuando una lesi\u00f3n es el intento de llegar a matar a las mujeres\u201d, indic\u00f3 la senadora Micher Camarena.<\/p>\n\n\n\n<p class=\"wp-block-paragraph\">El objetivo principal, es tipificar las lesiones por razones de g\u00e9nero, lo cual abonar\u00e1 en la protecci\u00f3n de los derechos humanos de las mujeres, adolescentes y ni\u00f1as, as\u00ed como construir, desde el Poder Legislativo, una vida libre de violencia.&nbsp;<\/p>\n\n\n\n<p class=\"wp-block-paragraph\">La presidenta de la Comisi\u00f3n para la Igualdad de G\u00e9nero explic\u00f3 que un gran porcentaje de los delitos contra las mujeres son las lesiones dolosas o culposas, lo cual enmarca una cifra preocupante, en la que seis de cada 10 han enfrentado un incidente de violencia.&nbsp;<\/p>\n\n\n\n<p class=\"wp-block-paragraph\">Agreg\u00f3 que las lesiones suelen ir m\u00e1s all\u00e1 de una simple agresi\u00f3n f\u00edsica, ya que reflejan una \u201calt\u00edsima\u201d carga simb\u00f3lica, que pretende imponer el poder y la posesi\u00f3n sobre las mujeres, de tal forma que la Organizaci\u00f3n de las Naciones Unidas considera algunas lesiones contra las mujeres como una forma devastadora de violencia de g\u00e9nero.<\/p>\n\n\n\n<p class=\"wp-block-paragraph\">Dijo que, en la mayor\u00eda de los casos, no se busca privar de la vida a las mujeres, sino marcarlas, ocasionando un da\u00f1o grave, mucho dolor, complicaciones en la autoestima, complicaciones severas en la socializaci\u00f3n que pueden llevarlas a la muerte.<\/p>\n\n\n\n<p class=\"wp-block-paragraph\">SEM\/MG<\/p>\n","protected":false},"excerpt":{"rendered":"<p>Las comisiones unidas para la Igualdad de G\u00e9nero, Justicia y Estudios Legislativos, Segunda, se declararon en sesi\u00f3n permanente para ajustar la redacci\u00f3n del dictamen a la minuta que tipifica y penaliza el delito de lesiones, por raz\u00f3n de g\u00e9nero, en contra de las mujeres, ni\u00f1as y adolescentes.\u00a0<\/p>\n","protected":false},"author":3,"featured_media":58545,"comment_status":"open","ping_status":"open","sticky":false,"template":"","format":"standard","meta":{"_monsterinsights_skip_tracking":false,"footnotes":""},"categories":[693,50],"tags":[],"class_list":["post-58544","post","type-post","status-publish","format-standard","has-post-thumbnail","category-693","category-congreso"],"_links":{"self":[{"href":"https:\/\/redsemlac.com\/semmexico\/wp-json\/wp\/v2\/posts\/58544","targetHints":{"allow":["GET"]}}],"collection":[{"href":"https:\/\/redsemlac.com\/semmexico\/wp-json\/wp\/v2\/posts"}],"about":[{"href":"https:\/\/redsemlac.com\/semmexico\/wp-json\/wp\/v2\/types\/post"}],"author":[{"embeddable":true,"href":"https:\/\/redsemlac.com\/semmexico\/wp-json\/wp\/v2\/users\/3"}],"replies":[{"embeddable":true,"href":"https:\/\/redsemlac.com\/semmexico\/wp-json\/wp\/v2\/comments?post=58544"}],"version-history":[{"count":0,"href":"https:\/\/redsemlac.com\/semmexico\/wp-json\/wp\/v2\/posts\/58544\/revisions"}],"wp:featuredmedia":[{"embeddable":true,"href":"https:\/\/redsemlac.com\/semmexico\/wp-json\/wp\/v2\/media\/58545"}],"wp:attachment":[{"href":"https:\/\/redsemlac.com\/semmexico\/wp-json\/wp\/v2\/media?parent=58544"}],"wp:term":[{"taxonomy":"category","embeddable":true,"href":"https:\/\/redsemlac.com\/semmexico\/wp-json\/wp\/v2\/categories?post=58544"},{"taxonomy":"post_tag","embeddable":true,"href":"https:\/\/redsemlac.com\/semmexico\/wp-json\/wp\/v2\/tags?post=58544"}],"curies":[{"name":"wp","href":"https:\/\/api.w.org\/{rel}","templated":true}]}}