{"id":5852,"date":"2019-04-25T15:15:25","date_gmt":"2019-04-25T15:15:25","guid":{"rendered":"https:\/\/redsemlac.com\/semmexico\/?p=5852"},"modified":"2023-07-21T14:48:42","modified_gmt":"2023-07-21T19:48:42","slug":"necesario-revisar-los-casos-el-estado-que-guardan-las-investigaciones-y-las-medidas-de-procuracion-de-justicia-en-materia-de-feminicidios-y-delitos-cometidos-en-contra-de-las-mujeres","status":"publish","type":"post","link":"https:\/\/redsemlac.com\/semmexico\/necesario-revisar-los-casos-el-estado-que-guardan-las-investigaciones-y-las-medidas-de-procuracion-de-justicia-en-materia-de-feminicidios-y-delitos-cometidos-en-contra-de-las-mujeres\/","title":{"rendered":"Necesario revisar los casos, el estado que guardan las investigaciones y las medidas de procuraci\u00f3n de justicia en materia de feminicidios y delitos cometidos en contra de las mujeres."},"content":{"rendered":"\n<p class=\"wp-block-paragraph\"><a href=\"https:\/\/www.semmexico.com\/gallery-post.php?id=7948#\">Elda Montiel<\/a><\/p>\n\n\n\n<p class=\"wp-block-paragraph\">SemM\u00e9xico. Temixco, Morelos. 23 de abril 2019.- &nbsp;Con la urgencia de llevar a cabo una mesa de trabajo con la Fiscal\u00eda General del Estado con los 8 municipios con AVG, para revisar los casos, el estado que guardan las investigaciones y las medidas de procuraci\u00f3n de justicia que la dependencia est\u00e1 llevando a cabo en materia de feminicidio y delitos cometidos en contra de las mujeres, concluy\u00f3 la tercera mesa de trabajo con municipios con AVGM en Morelos.<\/p>\n\n\n\n<p class=\"wp-block-paragraph\">Por lo que se envi\u00f3 el oficio al Fiscal Uriel Carmona G\u00e1ndara para fijar la fecha, seg\u00fan acordaron los participantes en la reuni\u00f3n del 22 de abril, en la sede de la Instancia de la Mujer del municipio de Temixco.<\/p>\n\n\n\n<p class=\"wp-block-paragraph\">Los participantes, el Instituto de la Mujer de Cuernavaca y las Instancias de la Mujer de los municipios de Emiliano Zapata, Puente de Ixtla, Jiutepec y de Temixco, as\u00ed como la organizaci\u00f3n peticionaria de la AVGM, la Comisi\u00f3n Independiente de Derechos Humanos de Morelos A. C, &nbsp;tambi\u00e9n consideraron que en la medida en que se cumplen los indicadores establecidos por la Comisi\u00f3n Nacional para Prevenir la Violencia contra las Mujeres en el decreto de AVGM se obtienen resultados favorables a los derechos de las mujeres.<\/p>\n\n\n\n<p class=\"wp-block-paragraph\">Se consider\u00f3 necesario que haya reuniones en cada municipio, donde se invite a todas las instancias que tienen que ver con la atenci\u00f3n a las mujeres y se revisen puntualmente las medidas y acciones que les corresponde a cada una de ellas, sobre todo en aquellos municipios en donde hubo cambio de administraci\u00f3n y no hay una continuidad del personal de las instancias de la mujer.<\/p>\n\n\n\n<p class=\"wp-block-paragraph\">As\u00ed como tambi\u00e9n se solicitar\u00e1 ser incluidas todas las instancias de la mujer en las sesiones de trabajo con las y los titulares de las presidencias municipales, la CONAVIM y el gobierno del estado para que no se incurra en omisi\u00f3n, simulaci\u00f3n o negligencia en el combate al feminicidio en Morelos.<\/p>\n\n\n\n<p class=\"wp-block-paragraph\">Aun cuando estuvieron ausentes los municipios de Xochitepec, Yautepec y Cuautla, durante \u00e9sta mesa de trabajo se realiz\u00f3 una revisi\u00f3n del funcionamiento de las instancias de la mujer, sus funciones, atribuciones y actividades relacionadas con la Alerta de Violencia de G\u00e9nero y la defensa de los derechos de las mujeres a una vida libre de violencia.<\/p>\n\n\n\n<p class=\"wp-block-paragraph\">En el intercambio de informaci\u00f3n y experiencias en el desarrollo de las actividades y estrategias en cada municipio se analizaron las mejores pr\u00e1cticas en la materia de atenci\u00f3n, prevenci\u00f3n y acompa\u00f1amiento a mujeres que son v\u00edctimas de violencia para as\u00ed evitar que culminen en el extremo del feminicidio.<\/p>\n\n\n\n<p class=\"wp-block-paragraph\">Se analizaron tambi\u00e9n, las limitaciones institucionales, las pr\u00e1cticas burocr\u00e1ticas y de falta de coordinaci\u00f3n interinstitucional, as\u00ed como la falta de recursos que son apruebados pero que no se entregan.<\/p>\n\n\n\n<p class=\"wp-block-paragraph\">As\u00ed como llegar al extremo de enfrentar bloqueos de tipo pol\u00edtico ejercido por superiores jer\u00e1rquicos que ejercen violencia institucional, lo que impide aplicar de manera integral pol\u00edticas p\u00fablicas de prevenci\u00f3n de la violencia, a pesar de que lo establece el Art\u00edculo 50 de la ley General de Acceso de las Mujeres a una Vida Libre de Violencia.<\/p>\n\n\n\n<p class=\"wp-block-paragraph\">Dicho art\u00edculo detalla claramente la unidad de g\u00e9nero, medidas de atenci\u00f3n integral, de seguridad y de prevenci\u00f3n que permite trabajar coordinadamente con servicios p\u00fablicos, comunicaci\u00f3n social, el DIF y el sector salud para los casos de violencia feminicida y todo tipo de violencias contra las mujeres.<\/p>\n\n\n\n<p class=\"wp-block-paragraph\">En lo referente a la violencia institucional, tambi\u00e9n se consider\u00f3 instrumentar campa\u00f1as de visibilizaci\u00f3n en todos los niveles de la sociedad y de los propios servidores p\u00fablicos. Utilizando todos los recursos al alcance, que van desde campa\u00f1as de perifoneo directamente en las colonias; la utilizaci\u00f3n de campa\u00f1as innovadoras y con contenidos concientizadores en las redes sociales, as\u00ed como en los medios de comunicaci\u00f3n.<\/p>\n\n\n\n<p class=\"wp-block-paragraph\">Por su parte, la violencia feminicida se mantiene en los m\u00e1s altos niveles cuando no se toman las medidas por las instancias ni se cuenta con el respaldo institucional que en muchas ocasiones niega o limita los recursos establecidos y etiquetados para atender la Alerta de Violencia de G\u00e9nero.<\/p>\n\n\n\n<p class=\"wp-block-paragraph\">Al no llegar los recursos, afecta en las actividades, en la cantidad de personal capacitado para atender y realizar campa\u00f1as directas a trav\u00e9s de marchas exploratorias, talleres de corresponsabilidad, prevenci\u00f3n del delito, violencia en el noviazgo, aprender a decir No, nuevas masculinidades, para que se entienda que no hay que victimizar a las mujeres sino ir al fondo de las causas generadoras de violencia estructural en la sociedad<\/p>\n\n\n\n<p class=\"wp-block-paragraph\">Las tareas de acompa\u00f1amiento psicosocial permiten no s\u00f3lo denunciar, sino fortalecer a las mujeres para superar el da\u00f1o f\u00edsico y psicol\u00f3gico generado por la violencia, exigiendo mayor sensibilidad y capacitaci\u00f3n del personal que atiende en las instituciones dedicadas a la protecci\u00f3n de los derechos de las mujeres.<\/p>\n\n\n\n<p class=\"wp-block-paragraph\">El compromiso de fortalecer la coordinaci\u00f3n interinstitucional en todos los niveles de gobierno con la organizaci\u00f3n de la poblaci\u00f3n, permitir\u00eda avanzar en la sensibilizaci\u00f3n social y acabar con la indiferencia o el temor provocado por la violencia feminicida.<br><\/p>\n","protected":false},"excerpt":{"rendered":"<p>Elda Montiel SemM\u00e9xico. Temixco, Morelos. 23 de abril 2019.- &nbsp;Con la urgencia de llevar a cabo una mesa de trabajo con la Fiscal\u00eda General del Estado con los 8 municipios con AVG, para revisar los casos, el estado que guardan las investigaciones y las medidas de procuraci\u00f3n de justicia que la dependencia est\u00e1 llevando a [&hellip;]<\/p>\n","protected":false},"author":3,"featured_media":5853,"comment_status":"open","ping_status":"open","sticky":false,"template":"","format":"standard","meta":{"_monsterinsights_skip_tracking":false,"footnotes":""},"categories":[690,51],"tags":[],"class_list":["post-5852","post","type-post","status-publish","format-standard","has-post-thumbnail","category-690","category-ejecutivo"],"_links":{"self":[{"href":"https:\/\/redsemlac.com\/semmexico\/wp-json\/wp\/v2\/posts\/5852","targetHints":{"allow":["GET"]}}],"collection":[{"href":"https:\/\/redsemlac.com\/semmexico\/wp-json\/wp\/v2\/posts"}],"about":[{"href":"https:\/\/redsemlac.com\/semmexico\/wp-json\/wp\/v2\/types\/post"}],"author":[{"embeddable":true,"href":"https:\/\/redsemlac.com\/semmexico\/wp-json\/wp\/v2\/users\/3"}],"replies":[{"embeddable":true,"href":"https:\/\/redsemlac.com\/semmexico\/wp-json\/wp\/v2\/comments?post=5852"}],"version-history":[{"count":0,"href":"https:\/\/redsemlac.com\/semmexico\/wp-json\/wp\/v2\/posts\/5852\/revisions"}],"wp:featuredmedia":[{"embeddable":true,"href":"https:\/\/redsemlac.com\/semmexico\/wp-json\/wp\/v2\/media\/5853"}],"wp:attachment":[{"href":"https:\/\/redsemlac.com\/semmexico\/wp-json\/wp\/v2\/media?parent=5852"}],"wp:term":[{"taxonomy":"category","embeddable":true,"href":"https:\/\/redsemlac.com\/semmexico\/wp-json\/wp\/v2\/categories?post=5852"},{"taxonomy":"post_tag","embeddable":true,"href":"https:\/\/redsemlac.com\/semmexico\/wp-json\/wp\/v2\/tags?post=5852"}],"curies":[{"name":"wp","href":"https:\/\/api.w.org\/{rel}","templated":true}]}}