{"id":58487,"date":"2022-11-08T13:46:40","date_gmt":"2022-11-08T19:46:40","guid":{"rendered":"https:\/\/redsemlac.com\/semmexico\/?p=58487"},"modified":"2023-07-21T19:21:21","modified_gmt":"2023-07-22T00:21:21","slug":"genero-y-comunicacion-de-la-ciencia-como-impulsar-la-igualdad-en-este-ambito","status":"publish","type":"post","link":"https:\/\/redsemlac.com\/semmexico\/genero-y-comunicacion-de-la-ciencia-como-impulsar-la-igualdad-en-este-ambito\/","title":{"rendered":"G\u00e9nero y Comunicaci\u00f3n de la Ciencia, \u00bfc\u00f3mo impulsar la igualdad en este \u00e1mbito?"},"content":{"rendered":"\n<ul class=\"wp-block-list\"><li><strong>La Universidad del Pa\u00eds Vasco organiza el evento, para buscar otras experiencias de comunicaci\u00f3n inclusiva y con perspectiva de g\u00e9nero.<\/strong><\/li><\/ul>\n\n\n\n<p class=\"wp-block-paragraph\"><strong>Redacci\u00f3n<\/strong><\/p>\n\n\n\n<p class=\"wp-block-paragraph\">SemM\u00e9xico\/AmecoPress, Madrid, Espa\u00f1a, 8 de noviembre del 2022.- G\u00e9nero y Comunicaci\u00f3n de la Ciencia es un encuentro organizado por la C\u00e1tedra de Cultura Cient\u00edfica de la Universidad del Pa\u00eds Vasco (UPV-EHU). Est\u00e1 centrado en reflexionar sobre c\u00f3mo y de qu\u00e9 manera se pueden mejorar la perspectiva de g\u00e9nero en este tipo de comunicaci\u00f3n. Pretenden ampliar las habilidades para comunicar ciencia con perspectiva de g\u00e9nero y dar a conocer otras experiencias de comunicaci\u00f3n inclusiva. Su primera edici\u00f3n se celebrar\u00e1 el 9 de febrero de 2023, en el Paraninfo de la Universidad del Pa\u00eds Vasco (UPV\/EHU). Durante una jornada completa, profesionales de diferentes \u00e1mbitos expondr\u00e1n y debatir\u00e1n sobre c\u00f3mo comunicar ciencia, o temas de medio ambiente, salud, tecnolog\u00eda e innovaci\u00f3n con perspectiva de g\u00e9nero.<\/p>\n\n\n\n<p class=\"wp-block-paragraph\">G\u00e9nero y Comunicaci\u00f3n de la Ciencia est\u00e1 destinado a profesionales de la comunicaci\u00f3n y tambi\u00e9n a personas de cualquier \u00e1mbito del conocimiento interesadas en la comunicaci\u00f3n inclusiva y en c\u00f3mo abordarla. Se trata de una jornada de car\u00e1cter horizontal, en la que hasta la ponente m\u00e1s destacada podr\u00e1 participar y, a su vez, aprender y descubrir nuevas ideas y herramientas para mejorar su comunicaci\u00f3n.<\/p>\n\n\n\n<p class=\"wp-block-paragraph\">El programa constar\u00e1 de varias mesas de discusi\u00f3n, con una ponencia que regir\u00e1 el debate y la exposici\u00f3n. Se dar\u00e1 comienzo a la jornada con la conferencia \u201cCon las cifras en la mano\u201d de Zulema Altamirano Argudo, directora de la Unidad de Mujeres y Ciencia del Ministerio de Ciencia e Innovaci\u00f3n y experta en intervenci\u00f3n multidisciplinar en violencia de g\u00e9nero. A continuaci\u00f3n, a las 9:20hr se dar\u00e1 paso a la intervenci\u00f3n de Cintia Refojo Seronero, titulada \u201cLas Referencias s\u00ed importan\u201d. Cintia es responsable de la Unidad para el Avance de la Comunicaci\u00f3n Cient\u00edfica de la Fundaci\u00f3n Espa\u00f1ola para la Ciencia y la Tecnolog\u00eda (FECYT), dar\u00e1 su punto de vista acerca de la importancia de la representaci\u00f3n de las mujeres en el \u00e1mbito cient\u00edfico y su posterior comunicaci\u00f3n. Durante m\u00e1s de 15 a\u00f1os ha coordinado diversos programas de comunicaci\u00f3n y educaci\u00f3n cient\u00edficas en entidades del sector p\u00fablico, algo muy enriquecedor para el debate.<\/p>\n\n\n\n<p class=\"wp-block-paragraph\">En la siguiente ponencia encontraremos a Michelle Catanzaro, doctor en f\u00edsica, periodista freelance especializado en ciencia y profesor asociado de Periodismo Cient\u00edfico en la Universidad Aut\u00f3noma de Barcelona. Su participaci\u00f3n recibe el t\u00edtulo: \u201cAmplificar la voz de las cient\u00edficas en el debate p\u00fablico\u201d. La visibilidad de las mujeres en los medios de comunicaci\u00f3n es fundamental para trabajar por la igualdad de g\u00e9nero. Despu\u00e9s a las 9:50 se dar\u00e1 paso a Ram\u00f3n Flecha, Catedr\u00e1tico Em\u00e9rito de Sociolog\u00eda de la Universidad de Barcelona y Doctor Honoris Causa por la Universidad Vest Timisoara, que tratar\u00e1 la comunicaci\u00f3n inclusiva y posibles v\u00edas de llevarla a cabo de una manera efectiva.<\/p>\n\n\n\n<p class=\"wp-block-paragraph\">Se acabar\u00e1 la sesi\u00f3n matutina con las intervenciones de Capitolina D\u00edaz Mart\u00ednez, Marta Macho Stadler y Victoria Toro, con \u201cLa traves\u00eda del desierto\u201d y Mar\u00eda Mart\u00edn Barranco con la introducci\u00f3n de algunas de las nociones que incluye su libro \u201cNi por favor ni por favora\u201d, centrado en la utilizaci\u00f3n pr\u00e1ctica del lenguaje inclusivo.<\/p>\n\n\n\n<p class=\"wp-block-paragraph\">Tras el descanso, sobre las 11:40hr se dar\u00e1 paso a una convocatoria de propuestas y a la ponencia Inferiors under science\u2019s sight de Angela Saini, autora del best seller \u201cInferior\u201d, destinado a desmontar una falsa verdad biol\u00f3gica: las mujeres no son d\u00e9biles o endebles, ni f\u00edsica ni mentalmente. Despu\u00e9s del almuerzo, Pablo Francescutti, licenciado en Antropolog\u00eda y doctor en Sociolog\u00eda y Ciencias Pol\u00edticas, introducir\u00e1 el tema: \u201cCient\u00edficas en la prensa\u201d. Posteriormente se continuar\u00e1 con \u201cLa visi\u00f3n desde fuera\u201d, con la participaci\u00f3n de Olga Viza y Eva Caballero Dom\u00ednguez. A continuaci\u00f3n, Inmaculada de Melo-Mart\u00edn, Catedr\u00e1tica de \u00c9tica M\u00e9dica en la Universidad de Weill Cornell Medicine en New York City, impartir\u00e1 la ponencia \u201cCiencia responsable, tambi\u00e9n en el g\u00e9nero\u201d. Finalmente, antes del segundo descanso, Lorena P\u00e9rez Hern\u00e1ndez presentar\u00e1 \u201cLas mujeres, el fuego y las cosas peligrosas: representaciones ling\u00fc\u00edsticas\u201d.<\/p>\n\n\n\n<p class=\"wp-block-paragraph\">Para finalizar, se debatir\u00e1 sobre la tecnolog\u00eda, con la incorporaci\u00f3n de Nuria Oliver, directora Cient\u00edfica y cofundadora de la Fundaci\u00f3n ELLIS Alicant. Adem\u00e1s, Maria Josep Pic\u00f3 Garc\u00e9s, licenciada en Ciencias de la Informaci\u00f3n (Cardenal Herrera-CEU) y Doctora (Universitat de Val\u00e8ncia, impartir\u00e1 unas nociones b\u00e1sicas para seguir una especie de manual de instrucciones en el tratamiento de la participaci\u00f3n de las mujeres en medio ambiente. Finalmente, a las 17:40 Patricia Brennan, bi\u00f3loga colombiana e investigadora en el Mount Holyoke College, en Massachusetts hablar\u00e1 de historias de ciencia innovadora.<\/p>\n\n\n\n<p class=\"wp-block-paragraph\">SEM\/MG<\/p>\n","protected":false},"excerpt":{"rendered":"<p>La Universidad del Pa\u00eds Vasco organiza el evento, para buscar otras experiencias de comunicaci\u00f3n inclusiva y con perspectiva de g\u00e9nero.<\/p>\n","protected":false},"author":3,"featured_media":58488,"comment_status":"open","ping_status":"open","sticky":false,"template":"","format":"standard","meta":{"_monsterinsights_skip_tracking":false,"footnotes":""},"categories":[693,53],"tags":[],"class_list":["post-58487","post","type-post","status-publish","format-standard","has-post-thumbnail","category-693","category-internacional"],"_links":{"self":[{"href":"https:\/\/redsemlac.com\/semmexico\/wp-json\/wp\/v2\/posts\/58487","targetHints":{"allow":["GET"]}}],"collection":[{"href":"https:\/\/redsemlac.com\/semmexico\/wp-json\/wp\/v2\/posts"}],"about":[{"href":"https:\/\/redsemlac.com\/semmexico\/wp-json\/wp\/v2\/types\/post"}],"author":[{"embeddable":true,"href":"https:\/\/redsemlac.com\/semmexico\/wp-json\/wp\/v2\/users\/3"}],"replies":[{"embeddable":true,"href":"https:\/\/redsemlac.com\/semmexico\/wp-json\/wp\/v2\/comments?post=58487"}],"version-history":[{"count":0,"href":"https:\/\/redsemlac.com\/semmexico\/wp-json\/wp\/v2\/posts\/58487\/revisions"}],"wp:featuredmedia":[{"embeddable":true,"href":"https:\/\/redsemlac.com\/semmexico\/wp-json\/wp\/v2\/media\/58488"}],"wp:attachment":[{"href":"https:\/\/redsemlac.com\/semmexico\/wp-json\/wp\/v2\/media?parent=58487"}],"wp:term":[{"taxonomy":"category","embeddable":true,"href":"https:\/\/redsemlac.com\/semmexico\/wp-json\/wp\/v2\/categories?post=58487"},{"taxonomy":"post_tag","embeddable":true,"href":"https:\/\/redsemlac.com\/semmexico\/wp-json\/wp\/v2\/tags?post=58487"}],"curies":[{"name":"wp","href":"https:\/\/api.w.org\/{rel}","templated":true}]}}