{"id":58463,"date":"2022-12-01T09:10:35","date_gmt":"2022-12-01T15:10:35","guid":{"rendered":"https:\/\/redsemlac.com\/semmexico\/?p=58463"},"modified":"2023-07-21T19:23:28","modified_gmt":"2023-07-22T00:23:28","slug":"premio-ricardo-flores-magon-por-trayectoria-a-sara-lovera-lopez","status":"publish","type":"post","link":"https:\/\/redsemlac.com\/semmexico\/premio-ricardo-flores-magon-por-trayectoria-a-sara-lovera-lopez\/","title":{"rendered":"Premio \u201cRicardo Flores Mag\u00f3n\u201d por trayectoria a Sara Lovera L\u00f3pez"},"content":{"rendered":"\n<ul class=\"wp-block-list\"><li><strong>Premio por Trayectoria a periodistas que han cumplido 50 a\u00f1os o m\u00e1s en el ejercicio profesional.&nbsp; <\/strong><strong><\/strong><\/li><\/ul>\n\n\n\n<p class=\"wp-block-paragraph\"><strong>Elda Montiel<\/strong><\/p>\n\n\n\n<p class=\"wp-block-paragraph\">SemM\u00e9xico, Ciudad de M\u00e9xico, 01 de diciembre del 2022.- Por m\u00e1s de 53 a\u00f1os de trayectoria profesional, el pr\u00f3ximo 2 de diciembre, en la Primera Edici\u00f3n del Premio M\u00e9xico de Periodismo \u201cRicardo Flores Mag\u00f3n\u201d por Trayectoria 2022 ser\u00e1 galardonada la periodista Sara Lovera L\u00f3pez, directora del portal de noticias feminista SemM\u00e9xico.<\/p>\n\n\n\n<p class=\"wp-block-paragraph\">La periodista es integrante del Consejo Editorial de G\u00e9nero en la Organizaci\u00f3n Editorial Mexicana y Coordinadora Regional en SemLac, Servicios de la Noticia de la Mujer de Latinoam\u00e9rica y el Caribe y autora del art\u00edculo de opini\u00f3n Palabra de Ant\u00edgona.<\/p>\n\n\n\n<p class=\"wp-block-paragraph\">La Federaci\u00f3n de Asociaciones de Periodistas Mexicanos, FAPERMEX, y el Colegio Nacional de Licenciados en Periodismo, determinaron de manera conjunta exaltar el a\u00f1o dedicado a Ricardo Flores Mag\u00f3n, precursor de la Revoluci\u00f3n Mexicana, a 100 a\u00f1os de su sacrificio al otorgar el Premio por Trayectoria a periodistas que han cumplido 50 a\u00f1os o m\u00e1s en el ejercicio profesional.&nbsp;<\/p>\n\n\n\n<p class=\"wp-block-paragraph\">Entre los galardonados tambi\u00e9n se encuentra el colaborador de SemM\u00e9xico, Jorge Herrera Valenzuela con 66 a\u00f1os de trayectoria; Gloria Diaz Gonz\u00e1lez con 71 a\u00f1os; Teodoro Renter\u00eda Arroyave con 66 a\u00f1os; Pablo Rub\u00e9n Villalobos Hern\u00e1ndez con 66 a\u00f1os; David Arechiga Landeros con 65 a\u00f1os; Salvador del R\u00edos con 63 a\u00f1os; Carlos Cervantes con 60 a\u00f1os; Arturo \u00c1lvarez del Castillo con 60 a\u00f1os.<\/p>\n\n\n\n<p class=\"wp-block-paragraph\">Carlos Moncada Ochoa con 60 a\u00f1os; Jes\u00fas P\u00e9rez Loza con 57 a\u00f1os; Mar\u00eda Consuelo Egu\u00eda Tonella con 58 a\u00f1os; Alfredo Barba Ch\u00e1vez con 58 a\u00f1os; Jos\u00e9 Antonio Espiros Villag\u00f3mez con 58 a\u00f1os; Jos\u00e9 Heliodoro Zamora del Castillo con 55 a\u00f1os; Sergio Jes\u00fas Mart\u00ednez V\u00e1zquez con 55 a\u00f1os; Gonzalo Martr\u00e9 (Mario Trejo Gonz\u00e1lez) con 55 a\u00f1os.<\/p>\n\n\n\n<p class=\"wp-block-paragraph\">F\u00e9lix Fuentes Medina con 54 a\u00f1os; Erwin Macario Rodr\u00edguez con 54 a\u00f1os; Macrina Paredes Arciniega con 53 a\u00f1os; Jorge Albarr\u00e1n Jaramillo con 52 a\u00f1os;&nbsp; Olga Elvira Biebrich L\u00f3pez con 51 a\u00f1os; Juan Pedro Sol la Larde Tardan \u201cPedro Sol\u201d con 50 a\u00f1os; Carmen Aida Ochoa Rivera con 50 a\u00f1os; Jorge Luis Telles Salazar con 50 a\u00f1os;&nbsp; Carlos&nbsp; Alfredo Ar\u00e9valos con 50 a\u00f1os; Jos\u00e9 Arenas G\u00e1lvez con 50 a\u00f1os; Jos\u00e9 Manuel Aparicio M\u00e9ndez con 50 a\u00f1os; Jorge Ibarrar\u00e1n Aranda con 50 a\u00f1os;&nbsp; Arturo Galv\u00e1n \u00c1lvarez con 50 a\u00f1os y Ruperto Portela Alvarado con 50 a\u00f1os. &nbsp;&nbsp;&nbsp;&nbsp;<\/p>\n\n\n\n<p class=\"wp-block-paragraph\">SEM\/MG<\/p>\n","protected":false},"excerpt":{"rendered":"<p>Premio por Trayectoria a periodistas que han cumplido 50 a\u00f1os o m\u00e1s en el ejercicio profesional.\u00a0 <\/p>\n","protected":false},"author":3,"featured_media":58464,"comment_status":"open","ping_status":"open","sticky":false,"template":"","format":"standard","meta":{"_monsterinsights_skip_tracking":false,"footnotes":""},"categories":[693,55],"tags":[],"class_list":["post-58463","post","type-post","status-publish","format-standard","has-post-thumbnail","category-693","category-periodistas"],"_links":{"self":[{"href":"https:\/\/redsemlac.com\/semmexico\/wp-json\/wp\/v2\/posts\/58463","targetHints":{"allow":["GET"]}}],"collection":[{"href":"https:\/\/redsemlac.com\/semmexico\/wp-json\/wp\/v2\/posts"}],"about":[{"href":"https:\/\/redsemlac.com\/semmexico\/wp-json\/wp\/v2\/types\/post"}],"author":[{"embeddable":true,"href":"https:\/\/redsemlac.com\/semmexico\/wp-json\/wp\/v2\/users\/3"}],"replies":[{"embeddable":true,"href":"https:\/\/redsemlac.com\/semmexico\/wp-json\/wp\/v2\/comments?post=58463"}],"version-history":[{"count":0,"href":"https:\/\/redsemlac.com\/semmexico\/wp-json\/wp\/v2\/posts\/58463\/revisions"}],"wp:featuredmedia":[{"embeddable":true,"href":"https:\/\/redsemlac.com\/semmexico\/wp-json\/wp\/v2\/media\/58464"}],"wp:attachment":[{"href":"https:\/\/redsemlac.com\/semmexico\/wp-json\/wp\/v2\/media?parent=58463"}],"wp:term":[{"taxonomy":"category","embeddable":true,"href":"https:\/\/redsemlac.com\/semmexico\/wp-json\/wp\/v2\/categories?post=58463"},{"taxonomy":"post_tag","embeddable":true,"href":"https:\/\/redsemlac.com\/semmexico\/wp-json\/wp\/v2\/tags?post=58463"}],"curies":[{"name":"wp","href":"https:\/\/api.w.org\/{rel}","templated":true}]}}