{"id":5837,"date":"2019-04-25T15:06:54","date_gmt":"2019-04-25T15:06:54","guid":{"rendered":"https:\/\/redsemlac.com\/semmexico\/?p=5837"},"modified":"2023-07-21T14:48:42","modified_gmt":"2023-07-21T19:48:42","slug":"uno-sera-en-zongolica-y-otro-en-su-municipio","status":"publish","type":"post","link":"https:\/\/redsemlac.com\/semmexico\/uno-sera-en-zongolica-y-otro-en-su-municipio\/","title":{"rendered":"Uno ser\u00e1 en Zongolica y otro en su municipio."},"content":{"rendered":"\n<p class=\"wp-block-paragraph\">Ana Alicia Osorio,<br>\nSemM\u00e9xico. Veracruz. 25 de abril 2019.- La alcaldesa de Mixtla de Altamirano, Marisela Vallejo Orea, ser\u00e1 velada por dos d\u00edas consecutivos, uno en Zongolica y otro m\u00e1s en su municipio, inform\u00f3 Juan Bernando Hern\u00e1ndez Coyotl, procurador de la defensa del menor en el DIF municipal.<\/p>\n\n\n\n<p class=\"wp-block-paragraph\">Se\u00f1al\u00f3 que cuando fue asesinada se trasladaba de Xalapa a Mixtla de Altamirano, despu\u00e9s de haber realizado una diligencia en la capital del estado.<\/p>\n\n\n\n<p class=\"wp-block-paragraph\">Dijo que por la noche fueron notificados del suceso y se trasladaron a Orizaba, donde se le est\u00e1 practicando la necropsia de ley.<\/p>\n\n\n\n<p class=\"wp-block-paragraph\">Coment\u00f3 que posteriormente ser\u00e1 trasladada a Zongolica a casa de su t\u00eda con quien vivi\u00f3 de ni\u00f1a y al d\u00eda siguiente ser\u00e1 llevada a casa de su mam\u00e1 a Mixtla de Altamirano.<\/p>\n\n\n\n<p class=\"wp-block-paragraph\">\u201cVa a ser velados dos d\u00edas, hoy en Zongolica en la casa de su t\u00eda la que la cuid\u00f3 (\u2026) y ma\u00f1ana en la casa donde vive su mam\u00e1 ella en Mixtla de Altamirano y posteriormente la misa de cuerpo presente estar\u00e1n los dos en la iglesia en Mixtla\u201d, asegur\u00f3.<\/p>\n\n\n\n<p class=\"wp-block-paragraph\">Indic\u00f3 que sus acompa\u00f1antes ser\u00e1n llevados a sus respectivas familias.<\/p>\n\n\n\n<p class=\"wp-block-paragraph\">Adem\u00e1s coment\u00f3 que actualmente los polic\u00edas municipales se dedicar\u00e1n a cuidar a la regidora y al s\u00edndico que forman parte del Cabildo municipal, debido a los riesgos que tienen.<\/p>\n\n\n\n<p class=\"wp-block-paragraph\">\u201cVan a resguardar unos a la regidora y otros al s\u00edndico, esperemos que lo que dijo en la conferencia el se\u00f1or gobernador se cumpla (\u2026) como est\u00e1n las cosas todos tenemos riesgo\u201d, sentenci\u00f3.<\/p>\n\n\n\n<p class=\"wp-block-paragraph\">El procurador de defensa del menor indic\u00f3 que no tiene conocimiento de otras amenazas a la alcaldesa, exceptuando las de muerte cuando iba a tomar protesta.<\/p>\n\n\n\n<p class=\"wp-block-paragraph\">Adem\u00e1s, neg\u00f3 que continuara teniendo problemas con el s\u00edndico y coment\u00f3 que el d\u00eda de hoy se aprobar\u00eda los presupuestos de ingresos y egresos para este a\u00f1o.<\/p>\n\n\n\n<p class=\"wp-block-paragraph\">Asimismo, asegur\u00f3 que el Palacio Municipal se encontrar\u00e1 cerrado durante un par de d\u00edas debido al asesinato de la presidenta municipal y posteriormente llamar\u00e1n a Cabildo para que el s\u00edndico asuma funciones mientras que se llama a la presidenta municipal suplente.<\/p>\n","protected":false},"excerpt":{"rendered":"<p>Ana Alicia Osorio, SemM\u00e9xico. Veracruz. 25 de abril 2019.- La alcaldesa de Mixtla de Altamirano, Marisela Vallejo Orea, ser\u00e1 velada por dos d\u00edas consecutivos, uno en Zongolica y otro m\u00e1s en su municipio, inform\u00f3 Juan Bernando Hern\u00e1ndez Coyotl, procurador de la defensa del menor en el DIF municipal. Se\u00f1al\u00f3 que cuando fue asesinada se trasladaba [&hellip;]<\/p>\n","protected":false},"author":3,"featured_media":5838,"comment_status":"open","ping_status":"open","sticky":false,"template":"","format":"standard","meta":{"_monsterinsights_skip_tracking":false,"footnotes":""},"categories":[690,51],"tags":[],"class_list":["post-5837","post","type-post","status-publish","format-standard","has-post-thumbnail","category-690","category-ejecutivo"],"_links":{"self":[{"href":"https:\/\/redsemlac.com\/semmexico\/wp-json\/wp\/v2\/posts\/5837","targetHints":{"allow":["GET"]}}],"collection":[{"href":"https:\/\/redsemlac.com\/semmexico\/wp-json\/wp\/v2\/posts"}],"about":[{"href":"https:\/\/redsemlac.com\/semmexico\/wp-json\/wp\/v2\/types\/post"}],"author":[{"embeddable":true,"href":"https:\/\/redsemlac.com\/semmexico\/wp-json\/wp\/v2\/users\/3"}],"replies":[{"embeddable":true,"href":"https:\/\/redsemlac.com\/semmexico\/wp-json\/wp\/v2\/comments?post=5837"}],"version-history":[{"count":0,"href":"https:\/\/redsemlac.com\/semmexico\/wp-json\/wp\/v2\/posts\/5837\/revisions"}],"wp:featuredmedia":[{"embeddable":true,"href":"https:\/\/redsemlac.com\/semmexico\/wp-json\/wp\/v2\/media\/5838"}],"wp:attachment":[{"href":"https:\/\/redsemlac.com\/semmexico\/wp-json\/wp\/v2\/media?parent=5837"}],"wp:term":[{"taxonomy":"category","embeddable":true,"href":"https:\/\/redsemlac.com\/semmexico\/wp-json\/wp\/v2\/categories?post=5837"},{"taxonomy":"post_tag","embeddable":true,"href":"https:\/\/redsemlac.com\/semmexico\/wp-json\/wp\/v2\/tags?post=5837"}],"curies":[{"name":"wp","href":"https:\/\/api.w.org\/{rel}","templated":true}]}}