{"id":58367,"date":"2022-11-06T16:28:49","date_gmt":"2022-11-06T22:28:49","guid":{"rendered":"https:\/\/redsemlac.com\/semmexico\/?p=58367"},"modified":"2023-07-21T19:20:15","modified_gmt":"2023-07-22T00:20:15","slug":"hallan-a-la-orilla-de-la-carretera-el-cuerpo-de-estefania-martinez-desaparecida-el-30-de-octubre-en-tuxtla-gutierrez","status":"publish","type":"post","link":"https:\/\/redsemlac.com\/semmexico\/hallan-a-la-orilla-de-la-carretera-el-cuerpo-de-estefania-martinez-desaparecida-el-30-de-octubre-en-tuxtla-gutierrez\/","title":{"rendered":"Hallan a la orilla de la carretera el cuerpo de Estefan\u00eda Mart\u00ednez, desaparecida el 30 de octubre en Tuxtla Guti\u00e9rrez."},"content":{"rendered":"\n<p class=\"wp-block-paragraph\"><strong>Con el feminicidio de Estefan\u00eda suman 39 casos de enero a la fecha en Chiapas&nbsp;<\/strong><\/p>\n\n\n\n<p class=\"wp-block-paragraph\">Gabriela Couti\u00f1o<\/p>\n\n\n\n<p class=\"wp-block-paragraph\">Tuxtla Guti\u00e9rrez, Chis. 6 de noviembre, 2022.- Seis d\u00edas despu\u00e9s de su desaparici\u00f3n y tras la protesta de familiares y amigas, fue hallada muerta sobre la carretera a la colonia Emiliano Zapata, en el sur poniente de la ciudad, la estudiante de enfermer\u00eda Estefan\u00eda Mart\u00ednez Mat\u00edas de 22 a\u00f1os de edad.<\/p>\n\n\n\n<p class=\"wp-block-paragraph\">La Fiscal\u00eda General del Estado inform\u00f3 que una brigada de b\u00fasqueda dio con el cuerpo sin vida de la joven que se encontraba en estado de descomposici\u00f3n.<\/p>\n\n\n\n<p class=\"wp-block-paragraph\">La dependencia dijo que Estefan\u00eda contaba con una ficha de b\u00fasqueda, y que su asesinato se investigar\u00e1 bajo el protocolo de feminicidio, \u201ctoda vez que existen indicios suficientes que podr\u00eda tratarse de hechos delictivos, derivados de un enfoque de g\u00e9nero\u201d.<\/p>\n\n\n\n<p class=\"wp-block-paragraph\">El feminicidio de Estefan\u00eda originaria del municipio \u00c1ngel Albino Corzo, quien trabajaba en una tienda de ropa para sostener sus estudios, es el primero que se registra en el mes de noviembre.<\/p>\n\n\n\n<p class=\"wp-block-paragraph\">La ola feminicidio se dispar\u00f3 en Chiapas durante los meses de septiembre y octubre al registrarse seis feminicidios cada mes. De enero a la fecha, la Fiscal\u00eda de Feminicidios contabiliza con el feminicidio de Estefan\u00eda 39 casos.<\/p>\n\n\n\n<p class=\"wp-block-paragraph\">Desde su desaparici\u00f3n el pasado domingo 30 de octubre cuando Estefan\u00eda no lleg\u00f3 a su casa en la colonia Real del Bosque, luego de asistir a una fiesta con un amigo, familiares amigos y amigas iniciaron su b\u00fasqueda pegando su fotograf\u00eda en toda la ciudad.<\/p>\n\n\n\n<p class=\"wp-block-paragraph\">Este s\u00e1bado al cumplirse seis d\u00edas de su desaparici\u00f3n y ante la nula respuesta de las autoridades, la familia y sus amigas se manifestaron frente al palacio de gobierno exigiendo la b\u00fasqueda de la joven.<\/p>\n\n\n\n<p class=\"wp-block-paragraph\">Las amigas y amigos de la joven se\u00f1alaron que Estefan\u00eda sali\u00f3 de su trabajo, una boutique de ropa alrededor de las seis de la tarde, rumbo a la fiesta que tuvo lugar en la colonia Las Granjas.<\/p>\n\n\n\n<p class=\"wp-block-paragraph\">Dania dijo que Estefan\u00eda le hab\u00eda dicho que estar\u00eda de regreso en casa a las 11 de la noche, pero nunca lleg\u00f3.<\/p>\n\n\n\n<p class=\"wp-block-paragraph\">Estefan\u00eda lleg\u00f3 a la capital Tuxtla Guti\u00e9rrez, procedente del municipio \u00c1ngel Albino Corzo, para trabajar y estudiar. Ella costeaba sus estudios de enfermer\u00eda con el salario que ganaba en una tienda de ropa. Viv\u00eda con sus primos y primas en la colonia Real del Bosque.<\/p>\n\n\n\n<p class=\"wp-block-paragraph\">La desaparici\u00f3n de Estefan\u00eda se suma a una serie de desapariciones que han venido sucediendo en Chiapas en diversas circunstancias.<\/p>\n\n\n\n<p class=\"wp-block-paragraph\">Se la vio por \u00faltima vez al salir de su trabajo de una tienda de ropa del centro, e iba a una fiesta a la colonia Las Granjas<\/p>\n\n\n\n<p class=\"wp-block-paragraph\">Un d\u00eda antes<\/p>\n\n\n\n<p class=\"wp-block-paragraph\">Esta fue la demanda: una joven de 22 a\u00f1os, Estefan\u00eda Mart\u00ednez Mat\u00edas, estudiante de enfermer\u00eda, asisti\u00f3 a una fiesta el pasado domingo 30 de octubre, con un amigo, quien declar\u00f3 que fue a dejarla a su casa, pero Estefan\u00eda no lleg\u00f3 a su casa, por lo que familiares, amigos y amigas iniciaron su b\u00fasqueda.<\/p>\n\n\n\n<p class=\"wp-block-paragraph\">Portando pancartas donde exigen a la Fiscal\u00eda General del Estado, la b\u00fasqueda de la chica originaria del municipio \u00c1ngel Albino Corzo, un grupo de j\u00f3venes se manifestaron frente al Palacio de Gobierno.<\/p>\n\n\n\n<p class=\"wp-block-paragraph\">\u201cEstamos buscando a Estefan\u00eda; ella desapareci\u00f3 el domingo; sali\u00f3 a las 6 de la tarde de su trabajo; el \u00faltimo contacto con ella fue a las 21:00 horas; un amigo de ella que le estaba acompa\u00f1ando, ha cambiado su versi\u00f3n tres veces, primero diciendo que la fue a dejar en un carro prestado, luego dijo que la mand\u00f3 en un taxi\u201d, dijo Dania Ruiz.<\/p>\n\n\n\n<p class=\"wp-block-paragraph\">Las amigas de Estefan\u00eda urgieron a las autoridades su localizaci\u00f3n, ya que se\u00f1alaron que han pasado seis d\u00edas desde su desaparici\u00f3n y no se tienen rastros de paradero .<\/p>\n\n\n\n<p class=\"wp-block-paragraph\">\u201cLa queremos viva\u201d! \u201cNos importa saber de ella, si est\u00e1 bien, por eso pedimos el apoyo de los medios, porque hay tantos casos. Queremos el acceso a las c\u00e1maras de seguridad y vigilancia de Tuxtla Guti\u00e9rrez\u201d, expres\u00f3 Dania Ruiz.<\/p>\n\n\n\n<p class=\"wp-block-paragraph\">Pidi\u00f3 a los comerciantes del centro de la ciudad, colaborar con sus c\u00e1maras de seguridad, para saber con qui\u00e9n iba Estefan\u00eda; si en un taxi, o en un veh\u00edculo particular. \u201cNecesitamos de su ayuda\u201d, suplic\u00f3.<\/p>\n\n\n\n<figure class=\"wp-block-image size-large\"><img loading=\"lazy\" decoding=\"async\" width=\"927\" height=\"742\" src=\"https:\/\/redsemlac.com\/semmexico\/wp-content\/uploads\/2022\/11\/Screenshot_20221106_160635_com.google.android.apps_.docs_.editors.docs_edit_150047765717727.jpg\" alt=\"\" class=\"wp-image-58370\"\/><\/figure>\n\n\n\n<p class=\"wp-block-paragraph\">A la Fiscal\u00eda General del Estado le demandaron investigar al amigo de Estefan\u00eda con quien sali\u00f3, pues es la \u00faltima persona que la vio, y su declaraci\u00f3n lo hace sospechoso. \u201cNo podemos se\u00f1alarlo, pero nos importa que inicie una investigaci\u00f3n contra el amigo, porque ha cambiado tres veces la versi\u00f3n, es muy sospechoso\u201d, manifest\u00f3 Dania.<\/p>\n\n\n\n<p class=\"wp-block-paragraph\">Las amigas y amigos de la joven se\u00f1alaron que Estefan\u00eda sali\u00f3 de su trabajo, una boutique de ropa alrededor de la seis de la tarde, rumbo a la fiesta que tuvo lugar en la colonia Las Granjas.<\/p>\n\n\n\n<p class=\"wp-block-paragraph\">Dania dijo que Estefan\u00eda le hab\u00eda dicho que estar\u00eda de regreso en casa a las 11 de la noche, pero nunca lleg\u00f3.<\/p>\n\n\n\n<p class=\"wp-block-paragraph\">Estefan\u00eda y Diana llegaron a la capital Tuxtla Guti\u00e9rrez, procedentes del municipio \u00c1ngel Albino Corzo, para trabajar y estudiar. Estefan\u00eda costeaba sus estudios de enfermer\u00eda con el salario que ganaba en una tienda de ropa. Viv\u00eda con sus primos y primas en la colonia Real del Bosque.<\/p>\n\n\n\n<p class=\"wp-block-paragraph\">Estefan\u00eda vest\u00eda un short negro, blusa color mostaza y una bolsa de color amarillo, mide alrededor de 1.60 y su cabello es ondulado.<\/p>\n\n\n\n<p class=\"wp-block-paragraph\">La desaparici\u00f3n de Estefan\u00eda se suma a una serie de desapariciones que han venido sucediendo en Chiapas en diversas circunstancias.<\/p>\n\n\n\n<figure class=\"wp-block-image size-large\"><img loading=\"lazy\" decoding=\"async\" width=\"949\" height=\"919\" src=\"https:\/\/redsemlac.com\/semmexico\/wp-content\/uploads\/2022\/11\/Screenshot_20221106_160610_com.google.android.apps_.docs_.editors.docs_edit_150085630202097.jpg\" alt=\"\" class=\"wp-image-58369\"\/><\/figure>\n","protected":false},"excerpt":{"rendered":"<p>Con el feminicidio de Estefan\u00eda suman 39 casos de enero a la fecha en Chiapas\u00a0<\/p>\n","protected":false},"author":3,"featured_media":58371,"comment_status":"open","ping_status":"open","sticky":false,"template":"","format":"standard","meta":{"_monsterinsights_skip_tracking":false,"footnotes":""},"categories":[693,47],"tags":[],"class_list":["post-58367","post","type-post","status-publish","format-standard","has-post-thumbnail","category-693","category-no-mas-impunidad"],"_links":{"self":[{"href":"https:\/\/redsemlac.com\/semmexico\/wp-json\/wp\/v2\/posts\/58367","targetHints":{"allow":["GET"]}}],"collection":[{"href":"https:\/\/redsemlac.com\/semmexico\/wp-json\/wp\/v2\/posts"}],"about":[{"href":"https:\/\/redsemlac.com\/semmexico\/wp-json\/wp\/v2\/types\/post"}],"author":[{"embeddable":true,"href":"https:\/\/redsemlac.com\/semmexico\/wp-json\/wp\/v2\/users\/3"}],"replies":[{"embeddable":true,"href":"https:\/\/redsemlac.com\/semmexico\/wp-json\/wp\/v2\/comments?post=58367"}],"version-history":[{"count":0,"href":"https:\/\/redsemlac.com\/semmexico\/wp-json\/wp\/v2\/posts\/58367\/revisions"}],"wp:featuredmedia":[{"embeddable":true,"href":"https:\/\/redsemlac.com\/semmexico\/wp-json\/wp\/v2\/media\/58371"}],"wp:attachment":[{"href":"https:\/\/redsemlac.com\/semmexico\/wp-json\/wp\/v2\/media?parent=58367"}],"wp:term":[{"taxonomy":"category","embeddable":true,"href":"https:\/\/redsemlac.com\/semmexico\/wp-json\/wp\/v2\/categories?post=58367"},{"taxonomy":"post_tag","embeddable":true,"href":"https:\/\/redsemlac.com\/semmexico\/wp-json\/wp\/v2\/tags?post=58367"}],"curies":[{"name":"wp","href":"https:\/\/api.w.org\/{rel}","templated":true}]}}