{"id":58363,"date":"2022-11-06T15:59:24","date_gmt":"2022-11-06T21:59:24","guid":{"rendered":"https:\/\/redsemlac.com\/semmexico\/?p=58363"},"modified":"2023-07-21T19:20:16","modified_gmt":"2023-07-22T00:20:16","slug":"desde-la-luna-de-valencia-por-susnarices","status":"publish","type":"post","link":"https:\/\/redsemlac.com\/semmexico\/desde-la-luna-de-valencia-por-susnarices\/","title":{"rendered":"Desde la Luna de Valencia| \u00a1Por sus\u2026narices!"},"content":{"rendered":"\n<p class=\"wp-block-paragraph\">Teresa Moll\u00e1 Castell<strong><\/strong><\/p>\n\n\n\n<p class=\"wp-block-paragraph\">SemM\u00e9xico, Ontinyents, 6 de noviembre del 2022.- Como feminista radical (la&nbsp;que va a la ra\u00edz de las cosas) asisto &#8211; y escribo- sobre todo el proceso para la&nbsp;aprobaci\u00f3n de la llamada Ley Trans.<\/p>\n\n\n\n<p class=\"wp-block-paragraph\">Me alucinan muchas cosas de este proceso como por ejemplo la falta de rigor&nbsp;democr\u00e1tico de quienes la proponen y que, al menos en teor\u00eda, deber\u00edan velar&nbsp;por el avance y consolidaci\u00f3n de los derechos de las mujeres.<\/p>\n\n\n\n<p class=\"wp-block-paragraph\">Se ha perdido toda una legislatura sin apenas avanzar en derechos, porque&nbsp;salvo la ley llamada \u201cSolo s\u00ed es s\u00ed\u201d y con salvedades, no se ha desarrollado el&nbsp;Pacto de Estado contra las Violencia de Estado, cuyo impulso y compromiso&nbsp;era una cuesti\u00f3n de coherencia pol\u00edtica. Y mientras a las mujeres nos siguen&nbsp;asesinando por ser mujeres. Y a las criaturas para, sobre todo, hacer da\u00f1o a&nbsp;las madres.<\/p>\n\n\n\n<p class=\"wp-block-paragraph\">Todos los esfuerzos han estado dedicados a lograr derechos civiles para un&nbsp;porcentaje \u00ednfimo de la poblaci\u00f3n. Y siempre he dicho que todo lo que conlleve&nbsp;aumentar derechos civiles del conjunto de la poblaci\u00f3n me parecer\u00e1 siempre&nbsp;estupendo y plausible. &nbsp;<\/p>\n\n\n\n<p class=\"wp-block-paragraph\">Pero en este caso, el aumento de derechos para esa parte \u00ednfima de la&nbsp;poblaci\u00f3n que pretende convertir sus deseos en ley tiene una pega. Solo una,&nbsp;pero important\u00edsima: Que esos derechos cercenan y de forma importante, los&nbsp;derechos de algo m\u00e1s de la mitad de la poblaci\u00f3n que somos las mujeres.<\/p>\n\n\n\n<p class=\"wp-block-paragraph\">La cancelaci\u00f3n en redes sociales, la cancelaci\u00f3n de presentaci\u00f3n de libros o de&nbsp;conferencias de grandes voces del feminismo, la propuesta de eliminar del&nbsp;Consejo de Estado de una de las principales voces feministas del Estado, as\u00ed&nbsp;como la invenci\u00f3n de una neolengua que pretende borrar la palabra MUJER de&nbsp;su particular diccionario, as\u00ed como la violencia desatada contra las feministas&nbsp;en algunas concentraciones y\/o manifestaciones da una idea de la virulencia de&nbsp;esos postulados, uno de cuyos gritos es \u201cKill de Terfs\u201d o muerte a las Terfs que&nbsp;es la nueva forma de llamarnos al as feministas radicales. Antes nos llamaban&nbsp;feminazis, pero como he dicho antes, est\u00e1n inventando una neolengua&nbsp;posmoderna chupiguay y brilli que todo lo quiere inundar.<\/p>\n\n\n\n<p class=\"wp-block-paragraph\">Es una verdadera pena y una estafa que quienes se dec\u00edan desde la supuesta&nbsp;izquierda que ven\u00edan a renovar la pol\u00edtica y las instituciones hayan derivado en&nbsp;esto. En una nueva forma de sectarismo que pretende aprobar por urgencia&nbsp;una ley que puede cambiar a peor la vida de algo m\u00e1s de la mitad de la&nbsp;poblaci\u00f3n y que adem\u00e1s pretende borrar del diccionario la palabra MUJER, al&nbsp;querer negar el sexo biol\u00f3gico con el que nacemos hombres y mujeres y que&nbsp;es la fuente de la opresi\u00f3n hist\u00f3rica que sufrimos las mujeres. &nbsp;<\/p>\n\n\n\n<p class=\"wp-block-paragraph\">Y, nada m\u00e1s y nada menos que por sus\u2026narices, pretenden sustituirlo por el&nbsp;\u201cg\u00e9nero sentido\u201d. Ah\u00ed es nada.<\/p>\n\n\n\n<p class=\"wp-block-paragraph\">Si tenemos en cuenta que el g\u00e9nero es un constructo social consecuencia de, entre otros factores, la socializaci\u00f3n diferenciada, entenderemos que ser mujer u hombre y lo que se espera de nosotras y de ellos, nos viene dado incluso antes de nacer, cuando las ecograf\u00edas desvelan nuestro sexo y, justo en ese momento se nos comienza a socializar como ni\u00f1as o como ni\u00f1os. Y de ah\u00ed en adelante ya se nos \u201cmarca\u201d para que sepamos qu\u00e9 se espera de mujeres y de hombres. <\/p>\n\n\n\n<p class=\"wp-block-paragraph\">Y, lo peor de todo es que cuando te pones a rascar un poco, comprendes que, al final es todo un tema de intereses econ\u00f3micos. Exactamente igual que con el tema de la prostituci\u00f3n, tema en el que por cierto no se ha avanzado nada hacia la abolici\u00f3n de esta, exactamente por lo mismo: por el dinero generado.  <\/p>\n\n\n\n<p class=\"wp-block-paragraph\">O con los vientres de alquiler que pasa lo mismo, cuesti\u00f3n de intereses econ\u00f3micos y en ambos casos, prostituci\u00f3n y vientres de alquiler, esos beneficios se obtienen en base a una materia prima que les sale muy rentable: los cuerpos de las mujeres econ\u00f3micamente vulnerables. <\/p>\n\n\n\n<p class=\"wp-block-paragraph\">A diferencia de la ley trans, los beneficios se van a obtener de personas vulnerables por falta de tratamientos posiblemente psicol\u00f3gicos y los van a obtener las grandes corporaciones farmac\u00e9uticas que les van a proveer de bloqueadores y medicamente a perpetuidad puesto que se van a convertir en personas con enfermedades cr\u00f3nicas. Y tambi\u00e9n quienes van a obtener ping\u00fces beneficios econ\u00f3micos van a ser las cl\u00ednicas m\u00e9dicas privadas que con las llamadas \u201ctransiciones\u201d van a mutilar cuerpos humanos sanos. Y, en ambos casos, medicaci\u00f3n cr\u00f3nica y mutilaci\u00f3n corporal para \u201creasignarse\u201d, los efectos son irreversibles. <\/p>\n\n\n\n<p class=\"wp-block-paragraph\">Pero a esa parte del Gobierno que pretende aprobar la Ley trans, todo esto parece que le da igual. No atienden y, lo que es peor, hurtan al Parlamento un debate sosegado y tranquilo, escuchando voces expertas para poder votar con conocimiento de causa. O sea, que pretenden aprobar la Ley Trans por sus\u2026 narices, por ser educada. <\/p>\n\n\n\n<p class=\"wp-block-paragraph\">Se acerca un a\u00f1o electoral y me siento muy triste al haber escuchado ya las voces de mujeres a las que admiraba, lanzar al viento la consigna de \u201cla Ley Trans ser\u00e1 Ley\u201d. Y sinti\u00e9ndolo mucho, se van a quedar sin mi voto.  <\/p>\n\n\n\n<p class=\"wp-block-paragraph\">Y, si me quedo sin opciones o, lo que es lo mismo, hu\u00e9rfana de voto, me encargar\u00e9 de que mi voto nulo, sea transmisor de mi tristeza y orfandad. <\/p>\n\n\n\n<p class=\"wp-block-paragraph\">Solo deseo que este delirio no llegue a buen puerto y se aumenten los derechos civiles de la sociedad, por supuesto, pero sin menoscabar o cercenar lo derechos de las mujeres que tanto dolor, esfuerzo y a\u00f1os nos han costado conseguir. <\/p>\n\n\n\n<p class=\"wp-block-paragraph\">Espero que al final impere el criterio de la l\u00f3gica y de la realidad material y objetiva y se tomen, en todo caso, otras medidas que no nos borren a las mujeres ni se pongan en peligro nuestros espacios seguros.<\/p>\n\n\n\n<p class=\"wp-block-paragraph\">tmolla@telefonica.net   <br><\/p>\n","protected":false},"excerpt":{"rendered":"<p>Como feminista radical (la\u00a0que va a la ra\u00edz de las cosas) asisto &#8211; y escribo- sobre todo el proceso para la\u00a0aprobaci\u00f3n de la llamada Ley Trans.<\/p>\n","protected":false},"author":3,"featured_media":58220,"comment_status":"open","ping_status":"open","sticky":false,"template":"","format":"standard","meta":{"_monsterinsights_skip_tracking":false,"footnotes":""},"categories":[693,82,110,35],"tags":[],"class_list":["post-58363","post","type-post","status-publish","format-standard","has-post-thumbnail","category-693","category-la-opinion","category-la-opinion-columnas","category-opinion"],"_links":{"self":[{"href":"https:\/\/redsemlac.com\/semmexico\/wp-json\/wp\/v2\/posts\/58363","targetHints":{"allow":["GET"]}}],"collection":[{"href":"https:\/\/redsemlac.com\/semmexico\/wp-json\/wp\/v2\/posts"}],"about":[{"href":"https:\/\/redsemlac.com\/semmexico\/wp-json\/wp\/v2\/types\/post"}],"author":[{"embeddable":true,"href":"https:\/\/redsemlac.com\/semmexico\/wp-json\/wp\/v2\/users\/3"}],"replies":[{"embeddable":true,"href":"https:\/\/redsemlac.com\/semmexico\/wp-json\/wp\/v2\/comments?post=58363"}],"version-history":[{"count":0,"href":"https:\/\/redsemlac.com\/semmexico\/wp-json\/wp\/v2\/posts\/58363\/revisions"}],"wp:featuredmedia":[{"embeddable":true,"href":"https:\/\/redsemlac.com\/semmexico\/wp-json\/wp\/v2\/media\/58220"}],"wp:attachment":[{"href":"https:\/\/redsemlac.com\/semmexico\/wp-json\/wp\/v2\/media?parent=58363"}],"wp:term":[{"taxonomy":"category","embeddable":true,"href":"https:\/\/redsemlac.com\/semmexico\/wp-json\/wp\/v2\/categories?post=58363"},{"taxonomy":"post_tag","embeddable":true,"href":"https:\/\/redsemlac.com\/semmexico\/wp-json\/wp\/v2\/tags?post=58363"}],"curies":[{"name":"wp","href":"https:\/\/api.w.org\/{rel}","templated":true}]}}