{"id":58353,"date":"2022-11-06T11:35:29","date_gmt":"2022-11-06T17:35:29","guid":{"rendered":"https:\/\/redsemlac.com\/semmexico\/?p=58353"},"modified":"2023-07-21T19:20:16","modified_gmt":"2023-07-22T00:20:16","slug":"pena-de-20-anos-de-prision-a-quien-agreda-a-una-mujer-con-acido-aprueban-en-senado","status":"publish","type":"post","link":"https:\/\/redsemlac.com\/semmexico\/pena-de-20-anos-de-prision-a-quien-agreda-a-una-mujer-con-acido-aprueban-en-senado\/","title":{"rendered":"<strong>Pena de 20 a\u00f1os de prisi\u00f3n a quien agreda a una mujer con \u00e1cido, aprueban en Senado<\/strong>"},"content":{"rendered":"\n<p class=\"wp-block-paragraph\"><strong>Prisi\u00f3n de 1 a 5 a\u00f1os por acoso sexual en p\u00fablico, privado o medio inform\u00e1tico<\/strong><\/p>\n\n\n\n<p class=\"wp-block-paragraph\">Micaela M\u00e1rquez<\/p>\n\n\n\n<p class=\"wp-block-paragraph\">SemM\u00e9xico, Cd. de M\u00e9xico, 5 de noviembre 2022.- El Senado de la Rep\u00fablica aprob\u00f3 modificaciones al C\u00f3digo Penal Federal para tipificar y sancionar con c\u00e1rcel de hasta 20 a\u00f1os de prisi\u00f3n a quien cause a una mujer lesiones con \u00e1cido o cualquier otro corrosivo. El dictamen establece que se impondr\u00e1n de 7 a 13 a\u00f1os de prisi\u00f3n a quien cause a otra persona lesiones con cualquier tipo de agente o sustancia corrosiva. La pena aumentar\u00e1 seis m\u00e1s si existe relaci\u00f3n de parentesco, sentimental, afectiva, laboral o de confianza.<\/p>\n\n\n\n<p class=\"wp-block-paragraph\">En tribuna, la senadora panista Kenia L\u00f3pez Rabad\u00e1n, destac\u00f3 que el 80 por ciento de las personas atacadas con \u00e1cido son mujeres, y en 9 de 10 casos, fueron agredidas por una persona con la que hab\u00edan tenido o sosten\u00edan una relaci\u00f3n sentimental.<\/p>\n\n\n\n<p class=\"wp-block-paragraph\">Mientras la senadora del Partido del Trabajo, Geovanna Ba\u00f1uelos de la Torre, puntualizo que en lo que va del a\u00f1o se han registrado 47 agresiones de este tipo en el pa\u00eds, v\u00edctimas con nombre y apellido como la saxofonista Mar\u00eda Elena R\u00edos o la activista Carmen S\u00e1nchez, ambas atacadas con \u00e1cido por sus exparejas.&nbsp;&nbsp;<\/p>\n\n\n\n<p class=\"wp-block-paragraph\">La senadora del Partido Verde, Mar\u00eda Graciela Gait\u00e1n se\u00f1alo que esta reforma es el resultado de la exigencia social efectuada por mujeres que han vivido la escalada de violencia y la forma en c\u00f3mo se manifiesta. Cada vez son m\u00e1s los casos de agresiones con sustancias corrosivas o \u00e1cidos.<\/p>\n\n\n\n<p class=\"wp-block-paragraph\">La iniciativa que reforma el Articulo 85 del C\u00f3digo Penal, tambi\u00e9n se\u00f1al que no se conceda libertad preparatoria a los sentenciados por el delito de lesiones previsto en el Articulo 297 Bis. El Dictamen se remito a la C\u00e1mara de Diputados para su aprobaci\u00f3n.<\/p>\n\n\n\n<p class=\"wp-block-paragraph\">El personal de salud deber\u00e1 notificar al Ministerio P\u00fablico de todos los casos de lesiones provocadas por agentes qu\u00edmicos que reciban para atenci\u00f3n m\u00e9dica y el Ministerio Publico tendr\u00e1 la obligaci\u00f3n de garantizar la reparaci\u00f3n del da\u00f1o integral, adecuada, eficaz, efectiva y proporcional a la gravedad del da\u00f1o.<\/p>\n\n\n\n<p class=\"wp-block-paragraph\">La saxofonista oaxaque\u00f1a Mar\u00eda Elena R\u00edos en su cuenta de twitter expreso su benepl\u00e1cito por esta medida aprobada por los senadores y felicito a la senadora Kenia L\u00f3pez Rabad\u00e1n. Tambi\u00e9n dijo que el objetivo de atacar con \u00e1cido es culminar con la vida de las v\u00edctimas, por lo que insistir\u00e1n en una ley que las respalde.<\/p>\n\n\n\n<p class=\"wp-block-paragraph\">Expres\u00f3 que el \u00e1cido deja marcas en la piel \u201ceternas imborrables\u201d falta mucho por hacer. No solo enfrentamos procesos m\u00e9dicos afecta a la familia.<\/p>\n\n\n\n<p class=\"wp-block-paragraph\">Pido al gobierno actual de Oaxaca y al Fiscal del Estado entreguen ya a su agresor, que dejen de ejercer la violencia institucional contra las mujeres.&nbsp;<\/p>\n\n\n\n<p class=\"wp-block-paragraph\">Cabe recordar que Maria Elena R\u00edos fue atacada en el 2019, un hombre arrojo una cubeta con acido al rostro, al pecho, a los brazos y las piernas. Tenia 26 a\u00f1os y estuvo postrada cinco meses en un hospital.&nbsp;<\/p>\n\n\n\n<p class=\"wp-block-paragraph\">Otro caso de agresiones con acido o sustancias corrosivas son la de Luz Raquel Padilla&nbsp; la activista que falleci\u00f3 por las quemaduras ocasionadas por personas en un parque publico, y una peque\u00f1a de 11 a\u00f1os quemada en un albergue, ambas en Jalisco. Liliana Torres joven de 24 a\u00f1os en Nuevo Le\u00f3n quien fue&nbsp; violada por cuatro hombres y quemada en un terreno bald\u00edo.<\/p>\n\n\n\n<p class=\"wp-block-paragraph\"><strong>Hasta 5 a\u00f1os de prisi\u00f3n por acoso sexual en p\u00fablico, privado o medio inform\u00e1tico<\/strong><\/p>\n\n\n\n<p class=\"wp-block-paragraph\">Los senadores tambi\u00e9n aprobaron adicionar el Articulo 259 Ter en el C\u00f3digo Penal Federal para sancionar el acoso sexual, en cualquier espacio p\u00fablico o privado, y el que se realice a trav\u00e9s de medios inform\u00e1ticos, con una prisi\u00f3n de uno a cinco a\u00f1os.<\/p>\n\n\n\n<p class=\"wp-block-paragraph\">\u201cSe establece que si la persona acosadora fuese servidor p\u00fablico, y usa medios o circunstancias de su cargo, ser\u00e1 destituido e inhabilitado para ocupar otra responsabilidad p\u00fablica hasta por un a\u00f1o\u201d refiere la reforma.<\/p>\n","protected":false},"excerpt":{"rendered":"<p>El Senado de la Rep\u00fablica aprob\u00f3 modificaciones al C\u00f3digo Penal Federal para tipificar y sancionar con c\u00e1rcel de hasta 20 a\u00f1os de prisi\u00f3n a quien cause a una mujer lesiones con \u00e1cido o cualquier otro corrosivo. <\/p>\n","protected":false},"author":3,"featured_media":58355,"comment_status":"open","ping_status":"open","sticky":false,"template":"","format":"standard","meta":{"_monsterinsights_skip_tracking":false,"footnotes":""},"categories":[693,50],"tags":[],"class_list":["post-58353","post","type-post","status-publish","format-standard","has-post-thumbnail","category-693","category-congreso"],"_links":{"self":[{"href":"https:\/\/redsemlac.com\/semmexico\/wp-json\/wp\/v2\/posts\/58353","targetHints":{"allow":["GET"]}}],"collection":[{"href":"https:\/\/redsemlac.com\/semmexico\/wp-json\/wp\/v2\/posts"}],"about":[{"href":"https:\/\/redsemlac.com\/semmexico\/wp-json\/wp\/v2\/types\/post"}],"author":[{"embeddable":true,"href":"https:\/\/redsemlac.com\/semmexico\/wp-json\/wp\/v2\/users\/3"}],"replies":[{"embeddable":true,"href":"https:\/\/redsemlac.com\/semmexico\/wp-json\/wp\/v2\/comments?post=58353"}],"version-history":[{"count":0,"href":"https:\/\/redsemlac.com\/semmexico\/wp-json\/wp\/v2\/posts\/58353\/revisions"}],"wp:featuredmedia":[{"embeddable":true,"href":"https:\/\/redsemlac.com\/semmexico\/wp-json\/wp\/v2\/media\/58355"}],"wp:attachment":[{"href":"https:\/\/redsemlac.com\/semmexico\/wp-json\/wp\/v2\/media?parent=58353"}],"wp:term":[{"taxonomy":"category","embeddable":true,"href":"https:\/\/redsemlac.com\/semmexico\/wp-json\/wp\/v2\/categories?post=58353"},{"taxonomy":"post_tag","embeddable":true,"href":"https:\/\/redsemlac.com\/semmexico\/wp-json\/wp\/v2\/tags?post=58353"}],"curies":[{"name":"wp","href":"https:\/\/api.w.org\/{rel}","templated":true}]}}