{"id":58350,"date":"2022-11-06T11:29:26","date_gmt":"2022-11-06T17:29:26","guid":{"rendered":"https:\/\/redsemlac.com\/semmexico\/?p=58350"},"modified":"2023-07-21T19:20:16","modified_gmt":"2023-07-22T00:20:16","slug":"camara-de-diputados-aprueba-reforma-en-materia-de-derechos-de-mujeres-con-hijas-e-hijos-en-centros-penitenciarios","status":"publish","type":"post","link":"https:\/\/redsemlac.com\/semmexico\/camara-de-diputados-aprueba-reforma-en-materia-de-derechos-de-mujeres-con-hijas-e-hijos-en-centros-penitenciarios\/","title":{"rendered":"<strong>C\u00e1mara de Diputados aprueba reforma en materia de Derechos de mujeres con hijas e hijos en centros penitenciarios<\/strong>"},"content":{"rendered":"\n<p class=\"wp-block-paragraph\"><strong>Se priva de lugares adecuados para lactancia al 60 por ciento de las mujeres en reclusi\u00f3n, se\u00f1ala diputada Julieta Mej\u00eda Ib\u00e1\u00f1ez<\/strong><\/p>\n\n\n\n<p class=\"wp-block-paragraph\">Elda Montiel &nbsp;<\/p>\n\n\n\n<p class=\"wp-block-paragraph\">SemM\u00e9xico, Cd. de M\u00e9xico, 6 de noviembre 2022.- En la C\u00e1mara de Diputados se aprob\u00f3 reforma a la Ley Nacional de Ejecuci\u00f3n Penal para que las mujeres privadas de su libertad tengan derecho a conservar la guardia y custodia de su hija o hijo menor de tres a\u00f1os, y permanecer en el Centro Penitenciario, siempre que no contravenga el inter\u00e9s superior de la ni\u00f1a o ni\u00f1o.<\/p>\n\n\n\n<p class=\"wp-block-paragraph\">Se especifica en el Dictamen, que fue remitido al Senado para sus efectos constitucionales, que en el momento en que las hijas o hijos alcancen la edad m\u00e1xima de estancia dentro del centro penitenciario, la autoridad deber\u00e1 realizar una separaci\u00f3n sensible y gradual.<\/p>\n\n\n\n<p class=\"wp-block-paragraph\">Adem\u00e1s, se procurar\u00e1 que la convivencia de las mujeres con sus hijas e hijos se realice en condiciones que garanticen el inter\u00e9s superior de la ni\u00f1ez.&nbsp;<\/p>\n\n\n\n<p class=\"wp-block-paragraph\">En el Dictamen se mencionan que los centros penitenciarios contar\u00e1n con espacios separados para la lactancia en donde se garantice la integridad, seguridad, higiene y privacidad para la mujer en reclusi\u00f3n y de su hija e hijo.<\/p>\n\n\n\n<p class=\"wp-block-paragraph\">En tribuna, la falta de lugares para la lactancia fue puesto de manifiesto tanto por el diputado panista Guillermo Huerta Ling como por la diputada de Movimiento Ciudadano, Julieta Mej\u00eda Ib\u00e1\u00f1ez, quien se\u00f1al\u00f3 que la carencia de lugares exclusivos e higi\u00e9nicos de lactancia es inaceptable, ya que solamente 11 de 450 centros penitenciarios cuentan con ellos, y es un derecho que se ha negado al 60 por ciento de las mujeres en las c\u00e1rceles. Puntualiz\u00f3 que hay m\u00e1s de 500 peque\u00f1os viviendo en sobrepoblaci\u00f3n, violencia, falta de espacios y servicios adecuados para su formaci\u00f3n y desarrollo.<\/p>\n\n\n\n<p class=\"wp-block-paragraph\">Huerta Ling al fundamentar el Dictamen consider\u00f3 que la lactancia se obstaculiza ya que se carece de espacios dignos para que puedan desarrollar esta actividad las mujeres privadas de la libertad en apego a sus derechos humanos. \u201cAnte la realidad que afrontan las madres privadas de la libertad, donde s\u00f3lo existen 58 centros penitenciarios que cuenten con espacios f\u00edsicos destinados a la maternidad, es que se vuelve fundamental legislar y atender este tema de ra\u00edz\u201d, subray\u00f3.<\/p>\n\n\n\n<p class=\"wp-block-paragraph\">Tambi\u00e9n refiri\u00f3 que no existen espacios exclusivos e instalaciones especiales para mujeres embarazadas o que dieron a luz, y menos de la tercera parte de los centros de readaptaci\u00f3n social cuentan con \u00e1rea destinada para el desarrollo.<\/p>\n\n\n\n<p class=\"wp-block-paragraph\">El Dictamen en el art\u00edculo segundo transitorio se\u00f1ala que en un plazo que no exceda de los 180 d\u00edas naturales despu\u00e9s de publicado el presente decreto, las autoridades penitenciarias deber\u00e1n realizar las adecuaciones reglamentarias que resulten necesarias.&nbsp;<\/p>\n\n\n\n<p class=\"wp-block-paragraph\">En el tercero transitorio establece que las erogaciones que pudieran presentarse se realizar\u00e1n con cargo a los presupuestos aprobados a los ejecutores de gasto correspondientes, para el ejercicio fiscal que corresponda, por lo que no se autorizar\u00e1n ampliaciones a su presupuesto para el ejercicio fiscal respectivo ni subsecuentes.<\/p>\n\n\n\n<p class=\"wp-block-paragraph\">La diputada morenista Martha Robles Ortiz resalt\u00f3 que a reforma busca garantizar los derechos de los menores de edad cuyas madres se encuentran privadas de su libertad en centros penitenciarios, obligando a las autoridades penitenciarias a garantizar el derecho superior de la ni\u00f1ez.&nbsp;<\/p>\n\n\n\n<p class=\"wp-block-paragraph\">Por su parte, la diputada Cecilia M\u00e1rquez Alkadef Cort\u00e9s de Morena celebr\u00f3 que la reforma al marco legal garantice espacios especiales para labores de lactancia en aquellas madres privadas de su libertad en centros penitenciarios del pa\u00eds, con garant\u00eda \u00aben la higiene y privacidad de las mujeres y de los hijos\u00bb.<\/p>\n","protected":false},"excerpt":{"rendered":"<p>Se priva de lugares adecuados para lactancia al 60 por ciento de las mujeres en reclusi\u00f3n, se\u00f1ala diputada Julieta Mej\u00eda Ib\u00e1\u00f1ez<\/p>\n","protected":false},"author":3,"featured_media":58351,"comment_status":"open","ping_status":"open","sticky":false,"template":"","format":"standard","meta":{"_monsterinsights_skip_tracking":false,"footnotes":""},"categories":[693,50],"tags":[],"class_list":["post-58350","post","type-post","status-publish","format-standard","has-post-thumbnail","category-693","category-congreso"],"_links":{"self":[{"href":"https:\/\/redsemlac.com\/semmexico\/wp-json\/wp\/v2\/posts\/58350","targetHints":{"allow":["GET"]}}],"collection":[{"href":"https:\/\/redsemlac.com\/semmexico\/wp-json\/wp\/v2\/posts"}],"about":[{"href":"https:\/\/redsemlac.com\/semmexico\/wp-json\/wp\/v2\/types\/post"}],"author":[{"embeddable":true,"href":"https:\/\/redsemlac.com\/semmexico\/wp-json\/wp\/v2\/users\/3"}],"replies":[{"embeddable":true,"href":"https:\/\/redsemlac.com\/semmexico\/wp-json\/wp\/v2\/comments?post=58350"}],"version-history":[{"count":0,"href":"https:\/\/redsemlac.com\/semmexico\/wp-json\/wp\/v2\/posts\/58350\/revisions"}],"wp:featuredmedia":[{"embeddable":true,"href":"https:\/\/redsemlac.com\/semmexico\/wp-json\/wp\/v2\/media\/58351"}],"wp:attachment":[{"href":"https:\/\/redsemlac.com\/semmexico\/wp-json\/wp\/v2\/media?parent=58350"}],"wp:term":[{"taxonomy":"category","embeddable":true,"href":"https:\/\/redsemlac.com\/semmexico\/wp-json\/wp\/v2\/categories?post=58350"},{"taxonomy":"post_tag","embeddable":true,"href":"https:\/\/redsemlac.com\/semmexico\/wp-json\/wp\/v2\/tags?post=58350"}],"curies":[{"name":"wp","href":"https:\/\/api.w.org\/{rel}","templated":true}]}}