{"id":58336,"date":"2022-11-06T11:12:54","date_gmt":"2022-11-06T17:12:54","guid":{"rendered":"https:\/\/redsemlac.com\/semmexico\/?p=58336"},"modified":"2023-07-21T19:20:16","modified_gmt":"2023-07-22T00:20:16","slug":"un-chateau-y-una-entrevista-el-feminismo-como-forma-de-autoconocimiento","status":"publish","type":"post","link":"https:\/\/redsemlac.com\/semmexico\/un-chateau-y-una-entrevista-el-feminismo-como-forma-de-autoconocimiento\/","title":{"rendered":"<strong>Un ch\u00e2teau y una entrevista: El feminismo como forma de autoconocimiento<\/strong>"},"content":{"rendered":"\n<p class=\"wp-block-paragraph\"><strong>Afortunadamente, mi solicitud fue aprobada, por lo que, a fines de agosto, Luna y yo, nos fuimos rumbo a Francia a buscar el Ch\u00e2teau Lafoutte, que funciona como centro cultural en alg\u00fan lugar entre Londres, Par\u00eds y Bruselas, abierta para las mujeres profesionales del sector cultural provenientes de cualquier parte del mundo<\/strong><\/p>\n\n\n\n<p class=\"wp-block-paragraph\">&nbsp;<strong>Olga Kovtun<\/strong><\/p>\n\n\n\n<p class=\"wp-block-paragraph\">SemM\u00e9xico\/La Costilla Rota, Francia, 6 de noviembre, 2022.- En la primavera del \u201822 vi un anuncio que me pareci\u00f3 m\u00e1s que interesante: la oportunidad de visitar el laboratorio neofeminista que se llama Centro Pompadour. Una residencia creativa situada en el Norte de Francia y fundada por la artista austriaca Michaela Spiegel. Es abierta para las mujeres profesionales del sector cultural provenientes de cualquier parte del mundo \u2013 artistas, escritoras, periodistas, fot\u00f3grafas, m\u00fasicas\u2026 Se dec\u00eda, que es la \u00fanica en Europa con tal perfil y la verdad que as\u00ed es.<\/p>\n\n\n\n<p class=\"wp-block-paragraph\">El emergency call fue para las mujeres ucranianas que residen en Ucrania en tiempo de guerra o refugiadas en el exterior, lo cual es mi caso. Adem\u00e1s, era posible venir a la residencia con hijos. Pens\u00e9 que, obviamente, teniendo la oportunidad, ir\u00eda con Luna, mi hija de 4 a\u00f1os. Intu\u00eda, que, para ella, igual que para m\u00ed, este viaje ser\u00eda una gran fuente de inspiraci\u00f3n y desarrollo personal.<\/p>\n\n\n\n<p class=\"wp-block-paragraph\">Afortunadamente, mi solicitud fue aprobada. Y a fines de agosto Luna y yo nos fuimos rumbo a Francia a buscar el Ch\u00e2teau Lafoutte, que funciona como centro cultural en alg\u00fan lugar entre Londres, Par\u00eds y Bruselas. Fue construido en 1849 por el arquitecto H\u00e9ctor-Martin Lefuel y se encuentra en Ercourt, un pueblo peque\u00f1o con menos de 200 habitantes. Ah\u00ed no hay ni tiendas, ni farmacias \u2013 tan solo una casa, una iglesia con el cementerio antiguo y campos infinitos.<\/p>\n\n\n\n<figure class=\"wp-block-image size-large\"><a href=\"https:\/\/redsemlac.com\/semmexico\/wp-content\/uploads\/2022\/11\/un-chareau-02.png\"><img decoding=\"async\" src=\"https:\/\/redsemlac.com\/semmexico\/wp-content\/uploads\/2022\/11\/un-chareau-02-767x1024.png\" alt=\"\" class=\"wp-image-58341\"\/><\/a><figcaption><em>Centro Pompadour. Ch\u00e2teau Lafoutte. Fotograf\u00eda por Olga Kovtun<\/em><\/figcaption><\/figure>\n\n\n\n<figure class=\"wp-block-image size-large\"><a href=\"https:\/\/redsemlac.com\/semmexico\/wp-content\/uploads\/2022\/11\/un-chareau-03.jpg\"><img decoding=\"async\" src=\"https:\/\/redsemlac.com\/semmexico\/wp-content\/uploads\/2022\/11\/un-chareau-03-768x1024.jpg\" alt=\"\" class=\"wp-image-58337\"\/><\/a><figcaption><em>Centro Pompadour. Ch\u00e2teau Lafoutte. Fotograf\u00eda por Olga Kovtun<\/em><\/figcaption><\/figure>\n\n\n\n<p class=\"wp-block-paragraph\">Durante las pr\u00f3ximas dos semanas nos sumergimos en un entorno m\u00e1gico lleno de arte y cultura, s\u00edmbolos, conversaciones largas e inteligencia pura. El aura especial que se crea cuando personas de ideas y valores afines se encuentran en el mismo lugar. Tuve la oportunidad de conocer a otras mujeres maravillosas, que compart\u00edan conmigo la estancia en el Centro Pompadour en Septiembre.\u00a0 Entre ellas \u2013 pintoras, artistas conceptuales, escritoras y activistas de los Estados Unidos, Suiza y Dinamarca.<\/p>\n\n\n\n<figure class=\"wp-block-image size-large\"><a href=\"https:\/\/redsemlac.com\/semmexico\/wp-content\/uploads\/2022\/11\/un-chareau-04.jpg\"><img decoding=\"async\" src=\"https:\/\/redsemlac.com\/semmexico\/wp-content\/uploads\/2022\/11\/un-chareau-04-767x1024.jpg\" alt=\"\" class=\"wp-image-58338\"\/><\/a><figcaption><em>Pompadour. Ch\u00e2teau Lafoutte. Fotograf\u00eda por Olga Kovtun<\/em><\/figcaption><\/figure>\n\n\n\n<p class=\"wp-block-paragraph\">Trabajando cada una en su propio proyecto, compartiendo el espacio juntas, poco a poco nos \u00edbamos conociendo \u2013 charlando mientras cocin\u00e1bamos o intercambiando pensamientos durante nuestras reuniones. Cada mujer que conoc\u00ed en la residencia tiene su propio car\u00e1cter, su visi\u00f3n de arte individual, y para m\u00ed fue extremadamente interesante conocer sus \u00e1ngulos de vista, sus opiniones pol\u00edticas y, por supuesto, hablar del feminismo. El tema principal que est\u00e1 presente en los proyectos de cada una de nosotras.<\/p>\n\n\n\n<p class=\"wp-block-paragraph\">Me preguntaban mucho sobre la situaci\u00f3n actual en mi pa\u00eds, y estaba abierta a compartir con todas mis experiencias personales, c\u00f3mo ha cambiado la vida de millones de ucranianos despu\u00e9s de la agresi\u00f3n de Rusia en Ucrania. Los constantes bombardeos de las ciudades por todo el pa\u00eds, los cr\u00edmenes de guerra cometidos por el ej\u00e9rcito ruso, las violaciones y asesinatos de miles de civiles, ni\u00f1os que han sido forzosamente deportados al territorio ruso. Desafortunadamente, la lista de estas atrocidades es infinita\u2026 Para mi es cierta forma de terapia, cuando no, lo guardo todo ensimismada sino tengo la oportunidad de compartir mis sentimientos y hablar m\u00e1s de este tema tan importante con la gente de otros pa\u00edses \u2013 en un entorno absolutamente libre, seguro y lleno de respeto mutuo.<\/p>\n\n\n\n<figure class=\"wp-block-image size-large\"><a href=\"https:\/\/redsemlac.com\/semmexico\/wp-content\/uploads\/2022\/11\/un-chareau-05.jpg\"><img decoding=\"async\" src=\"https:\/\/redsemlac.com\/semmexico\/wp-content\/uploads\/2022\/11\/un-chareau-05-768x1024.jpg\" alt=\"\" class=\"wp-image-58339\"\/><\/a><figcaption><em>Centro Pompadour. Ch\u00e2teau Lafoutte. Fotograf\u00eda por Olga Kovtun<\/em><\/figcaption><\/figure>\n\n\n\n<figure class=\"wp-block-image size-large\"><a href=\"https:\/\/redsemlac.com\/semmexico\/wp-content\/uploads\/2022\/11\/un-chareau-06.jpg\"><img decoding=\"async\" src=\"https:\/\/redsemlac.com\/semmexico\/wp-content\/uploads\/2022\/11\/un-chareau-06-768x1024.jpg\" alt=\"\" class=\"wp-image-58340\"\/><\/a><figcaption><em>Centro Pompadour. Ch\u00e2teau Lafoutte. Fotograf\u00eda por Olga Kovtun<\/em><\/figcaption><\/figure>\n\n\n\n<p class=\"wp-block-paragraph\">En el Centro Pompadour, su creadora Michaela Spiegel, ha logrado construir un espacio \u00fanico. Desde la entrada principal hasta cualquier rinc\u00f3n m\u00e1s lejano del ch\u00e2teau, reina el gusto exquisito de una persona que no solo hace arte con sus manos, sino que lo siente profundamente y sabe incorporar astutamente en el dise\u00f1o interior. Con elementos de erotismo fino, cada habitaci\u00f3n tiene su aspecto particular que se manifiesta en la selecci\u00f3n de esculturas, fotograf\u00edas, por ejemplo, fotogramas de pel\u00edculas en blanco y negro, cuadros, como la pintura de Simone De Beauvoir en el sal\u00f3n principal, y objetos tanto modernos como vintage.<\/p>\n\n\n\n<figure class=\"wp-block-image size-large\"><a href=\"https:\/\/redsemlac.com\/semmexico\/wp-content\/uploads\/2022\/11\/un-chareau-07.jpg\"><img decoding=\"async\" src=\"https:\/\/redsemlac.com\/semmexico\/wp-content\/uploads\/2022\/11\/un-chareau-07-768x1024.jpg\" alt=\"\" class=\"wp-image-58342\"\/><\/a><figcaption><em>Centro Pompadour. Ch\u00e2teau Lafoutte. Fotograf\u00eda por Olga Kovtun<\/em><\/figcaption><\/figure>\n\n\n\n<figure class=\"wp-block-image size-large\"><a href=\"https:\/\/redsemlac.com\/semmexico\/wp-content\/uploads\/2022\/11\/un-chareau-08.jpg\"><img decoding=\"async\" src=\"https:\/\/redsemlac.com\/semmexico\/wp-content\/uploads\/2022\/11\/un-chareau-08-768x1024.jpg\" alt=\"\" class=\"wp-image-58343\"\/><\/a><figcaption><em>Centro Pompadour. Ch\u00e2teau Lafoutte. Fotograf\u00eda por Olga Kovtun<\/em><\/figcaption><\/figure>\n\n\n\n<p class=\"wp-block-paragraph\">Pero lo que m\u00e1s me fascin\u00f3 fue la biblioteca del lugar. Una gran selecci\u00f3n de libros de varios g\u00e9neros \u2013 historia, biograf\u00eda, arte, cultura, sexo, feminismo, pol\u00edtica\u2026 Durante varios d\u00edas me sumerg\u00ed en la biograf\u00eda de Tamara Lempicka, la artista polaca con un estilo tan inherente, que es imposible confundirla con alguien m\u00e1s. La reina del Art Deco que, tras vivir en Par\u00eds y Hollywood, encontr\u00f3 su fin en Cuernavaca, M\u00e9xico. Su destino fue tan turbulento, como toda la historia del siglo XX.<\/p>\n\n\n\n<figure class=\"wp-block-image size-large\"><a href=\"https:\/\/redsemlac.com\/semmexico\/wp-content\/uploads\/2022\/11\/un-chareau-09.jpg\"><img decoding=\"async\" src=\"https:\/\/redsemlac.com\/semmexico\/wp-content\/uploads\/2022\/11\/un-chareau-09-767x1024.jpg\" alt=\"\" class=\"wp-image-58344\"\/><\/a><figcaption><em>Centro Pompadour. Ch\u00e2teau Lafoutte. Fotograf\u00eda por Olga Kovtun<\/em><\/figcaption><\/figure>\n\n\n\n<figure class=\"wp-block-image size-large\"><a href=\"https:\/\/redsemlac.com\/semmexico\/wp-content\/uploads\/2022\/11\/un-chareau-10.jpg\"><img decoding=\"async\" src=\"https:\/\/redsemlac.com\/semmexico\/wp-content\/uploads\/2022\/11\/un-chareau-10-768x1024.jpg\" alt=\"\" class=\"wp-image-58345\"\/><\/a><figcaption><em>Centro Pompadour. Ch\u00e2teau Lafoutte. Fotograf\u00eda por Olga Kovtun<\/em><\/figcaption><\/figure>\n\n\n\n<p class=\"wp-block-paragraph\">Como parte de la estancia, Michaela hace una video-entrevista profesional con cada una de las mujeres creativas en la residencia. De cierto modo, es una buena especie de autorreflexi\u00f3n, cuando tienes que volver a tu pasado, explorar tus ideas y valores, examinar la trayectoria personal y pensar d\u00f3nde te ha llevado el destino en este momento de tu vida. Con Michaela, tuvimos una charla abierta y profunda.<\/p>\n\n\n\n<p class=\"wp-block-paragraph\"><strong>La pregunta que me hizo pensar fue \u2013 \u00bfC\u00f3mo he llegado a ser feminista? \u00bfCu\u00e1ndo fue la primera vez que empec\u00e9 a identificarme como tal? En mis pensamientos tuve que volver a la adolescencia.<\/strong><\/p>\n\n\n\n<p class=\"wp-block-paragraph\">Reflexionando sobre mi camino al feminismo, llegu\u00e9 a la siguiente conclusi\u00f3n. Las mujeres que mayor impacto tuvieron en este aspecto de mi formaci\u00f3n, fueron ambas provenientes del mundo de la literatura. Ellas son&nbsp;<strong>Victoria Ocampo,<\/strong>&nbsp;escritora, editora e intelectual de Buenos Aires, fundadora de la m\u00edtica revista literaria&nbsp;<strong><em>Sur,&nbsp;<\/em><\/strong>y una feminista luchadora, autora del destacado ensayo&nbsp;<em>La mujer y su expresi\u00f3n<\/em>. Y&nbsp;<strong>Solomiya Pavlychko,&nbsp;<\/strong>cr\u00edtica literaria, traductora y una de las acad\u00e9micas pioneras en introducir los estudios de g\u00e9nero y el an\u00e1lisis feminista en Ucrania. Las dos mujeres han dejado una gran huella en sus pa\u00edses de origen.<\/p>\n\n\n\n<p class=\"wp-block-paragraph\">Tanto Victoria, como Solomiya, me fascinaron con su estilo de escritura, sus ideas extravagantes, visiones particulares sobre asuntos que por muchos a\u00f1os han sido atrapados en el mundo patriarcal. Mientras ellas, con tanta elegancia y sabidur\u00eda, iban contra la corriente. Hac\u00edan lo que quer\u00edan y ten\u00edan fe en lo que hac\u00edan.<\/p>\n\n\n\n<p class=\"wp-block-paragraph\">Descubr\u00ed a Victoria Ocampo, en la adolescencia, cuando viv\u00eda en Buenos Aires y todav\u00eda iba al colegio. Tras visitar la Villa Ocampo, la casa de Victoria en San Isidro, que despu\u00e9s de su muerte ha sido transformada en un museo y centro cultural, me enamor\u00e9 de su estilo de vida. Comenc\u00e9 a leer todo lo que pod\u00eda encontrar sobre esta argentina extraordinaria y su obra. Hasta hoy, Villa Ocampo sigue siendo uno de mis museos favoritos en el mundo.<\/p>\n\n\n\n<p class=\"wp-block-paragraph\">Cuando regres\u00e9 a Ucrania, ya ten\u00eda 19 a\u00f1os y me convert\u00ed en estudiante de la universidad. Despu\u00e9s de casi 5 a\u00f1os de vida en el exterior, sent\u00ed una gran necesidad de explorar m\u00e1s el trasfondo cultural de mi pa\u00eds. As\u00ed descubr\u00ed a Solomiya Pavlychko y su libro sobre el feminismo, publicado en el 2002. En la sociedad post-sovi\u00e9tica, sus trabajos han sido como un soplo de aire fresco en la moderna escena cultural del pa\u00eds. Igual de fuerte fue su cr\u00edtica literaria \u2018<em>Discurso del modernismo en la literatura ucraniana<\/em> \u2018, una obra bastante revolucionaria para el mundo acad\u00e9mico ucraniano en aquel per\u00edodo. En este libro, Solomiya exploraba la vida tanto profesional, como privada de muchos escritores y escritoras celebres de Ucrania, demostrando que es crucial hablar de ambos aspectos, cuando cr\u00edticamente exploramos su obra literaria.<\/p>\n\n\n\n<p class=\"wp-block-paragraph\">Las personalidades fuertes de Victoria Ocampo y Solomia Pavlychko, la argentina y la ucraniana, tuvieron una influencia grande en mi modo de ser y me introdujeron al mundo del feminismo. Hoy, ser feminista sigue siendo una gran faceta de mi vida. Siento mucho orgullo por todas las mujeres del mundo que siguen luchando por lo que creen \u2013 m\u00e1s que todo, por sus derechos. Como las mujeres valientes de Ir\u00e1n, que hacen frente al r\u00e9gimen totalitario de su pa\u00eds con tanto coraje y decisi\u00f3n.<\/p>\n\n\n\n<figure class=\"wp-block-image size-large\"><a href=\"https:\/\/redsemlac.com\/semmexico\/wp-content\/uploads\/2022\/11\/un-chareau-11.jpg\"><img decoding=\"async\" src=\"https:\/\/redsemlac.com\/semmexico\/wp-content\/uploads\/2022\/11\/un-chareau-11-768x1024.jpg\" alt=\"\" class=\"wp-image-58346\"\/><\/a><\/figure>\n\n\n\n<p class=\"wp-block-paragraph\">Los d\u00edas en Francia pasaron r\u00e1pido, y he vuelto a mi casa \u2013 o, mejor dicho, al lugar temporario en un pa\u00eds extranjero que ahora se ha convertido en mi casa del exilio. Volv\u00ed de la residencia con un sentimiento de enorme gratitud \u2013 al lugar y la naturaleza a su alrededor, a Michaela y a las personas, que fui afortunada de conocer. Tambi\u00e9n a la pregunta en la entrevista que me hizo pensar en algo existencial: \u00bfc\u00f3mo se han encontrado en la vida, el feminismo y yo? Pues, aqu\u00ed estoy.<\/p>\n","protected":false},"excerpt":{"rendered":"<p>Luna y yo, nos fuimos rumbo a Francia a buscar el Ch\u00e2teau Lafoutte, que funciona como centro cultural en alg\u00fan lugar entre Londres, Par\u00eds y Bruselas, abierta para las mujeres profesionales del sector cultural provenientes de cualquier parte del mundo<\/p>\n","protected":false},"author":3,"featured_media":58348,"comment_status":"open","ping_status":"open","sticky":false,"template":"","format":"standard","meta":{"_monsterinsights_skip_tracking":false,"footnotes":""},"categories":[693,53],"tags":[],"class_list":["post-58336","post","type-post","status-publish","format-standard","has-post-thumbnail","category-693","category-internacional"],"_links":{"self":[{"href":"https:\/\/redsemlac.com\/semmexico\/wp-json\/wp\/v2\/posts\/58336","targetHints":{"allow":["GET"]}}],"collection":[{"href":"https:\/\/redsemlac.com\/semmexico\/wp-json\/wp\/v2\/posts"}],"about":[{"href":"https:\/\/redsemlac.com\/semmexico\/wp-json\/wp\/v2\/types\/post"}],"author":[{"embeddable":true,"href":"https:\/\/redsemlac.com\/semmexico\/wp-json\/wp\/v2\/users\/3"}],"replies":[{"embeddable":true,"href":"https:\/\/redsemlac.com\/semmexico\/wp-json\/wp\/v2\/comments?post=58336"}],"version-history":[{"count":0,"href":"https:\/\/redsemlac.com\/semmexico\/wp-json\/wp\/v2\/posts\/58336\/revisions"}],"wp:featuredmedia":[{"embeddable":true,"href":"https:\/\/redsemlac.com\/semmexico\/wp-json\/wp\/v2\/media\/58348"}],"wp:attachment":[{"href":"https:\/\/redsemlac.com\/semmexico\/wp-json\/wp\/v2\/media?parent=58336"}],"wp:term":[{"taxonomy":"category","embeddable":true,"href":"https:\/\/redsemlac.com\/semmexico\/wp-json\/wp\/v2\/categories?post=58336"},{"taxonomy":"post_tag","embeddable":true,"href":"https:\/\/redsemlac.com\/semmexico\/wp-json\/wp\/v2\/tags?post=58336"}],"curies":[{"name":"wp","href":"https:\/\/api.w.org\/{rel}","templated":true}]}}