{"id":5828,"date":"2019-04-26T15:02:51","date_gmt":"2019-04-26T15:02:51","guid":{"rendered":"https:\/\/redsemlac.com\/semmexico\/?p=5828"},"modified":"2023-07-21T14:48:42","modified_gmt":"2023-07-21T19:48:42","slug":"la-pgr-cns-y-las-secretarias-de-la-marina-y-defensa-nacional-las-mas-senalas-por-violencia-y-tortura","status":"publish","type":"post","link":"https:\/\/redsemlac.com\/semmexico\/la-pgr-cns-y-las-secretarias-de-la-marina-y-defensa-nacional-las-mas-senalas-por-violencia-y-tortura\/","title":{"rendered":"La PGR, CNS y las Secretar\u00edas de la Marina y Defensa Nacional, las m\u00e1s se\u00f1alas por violencia y tortura."},"content":{"rendered":"\n<p class=\"wp-block-paragraph\">Elda Montiel<br>\nSemM\u00e9xico. Ginebra, Suiza.26 de abril 2019.-  La necesidad de que M\u00e9xico cuente con un Programa Nacional contra la Tortura y un Registro Nacional de Detenci\u00f3n de Personas, as\u00ed como la adecuada aplicaci\u00f3n de la Ley contra la Tortura, fue expuesta ante el Comite de la ONU contra la Tortura (CAT) por la Comisi\u00f3n Nacional de los Derechos Humanos (CNDH), en Ginebra, Suiza.<\/p>\n\n\n\n<p class=\"wp-block-paragraph\">En el marco del 66 Periodo de Sesiones del CAT y la s\u00e9ptima revisi\u00f3n period\u00edca de nuestro pa\u00eds, la CNDH se\u00f1al\u00f3 que en el contexto de  violencia y tortura que vive nuestro pais, las autoridades m\u00e1s se\u00f1aladas son, la entonces, Procuradur\u00eda General de la Rep\u00fablica- ahora Fiscal\u00eda General-, la Comisi\u00f3n Nacional de Seguridad y las secretar\u00edas de Marina y de la Defensa Nacional.<\/p>\n\n\n\n<p class=\"wp-block-paragraph\">Como organismo independiente y aut\u00f3nomo, la CNDH entreg\u00f3 al CAT la informaci\u00f3n relacionada con las Recomendaciones por Violaciones Graves a Derechos Humanos que ha emitido, en las cuales la tortura es una constante, como son, entre otros, los casos de Nochixtl\u00e1n y la Recomendaci\u00f3n del Caso Iguala sobre la desaparici\u00f3n de 43 estudiantes de la Escuela Normal \u201cRa\u00fal Isidro Burgos\u201d, la cual representa uno de los asuntos m\u00e1s ominosos de violaci\u00f3n a los derechos fundamentales en nuestro pa\u00eds.<\/p>\n\n\n\n<p class=\"wp-block-paragraph\">Reiter\u00f3 al organismo internacional que observar\u00e1 y analizar\u00e1 la normativa secundaria de la Guardia Nacional, que recientemente se cre\u00f3, y destac\u00f3 que ha urgido al Estado mexicano a contar a la brevedad con un Programa Nacional contra la Tortura y con un Registro Naci\u00f3nal de Detenci\u00f3n de Personas, que tenga metodolog\u00eda homologada para lograr datos estad\u00edsticos confiables.<\/p>\n\n\n\n<p class=\"wp-block-paragraph\">Otro aspecto que destac\u00f3 el organismo de derechos humanos, fue respecto de la reforma al art\u00edculo 19 de la Constituci\u00f3n Pol\u00edtica de M\u00e9xico, ya que lo considera un retroceso por el riesgo de vulneraci\u00f3n del principio de presunci\u00f3n de inocencia.<\/p>\n\n\n\n<p class=\"wp-block-paragraph\">Especial menci\u00f3n fue la violencia obst\u00e9trica y se resalt\u00f3 la importancia de que las autoridades m\u00e9dicas cumplan con la Recomendaci\u00f3n General 31\/2017 sobre la violencia obst\u00e9trica en el Sistema Nacional de Salud, emitida por la CNDH.<\/p>\n\n\n\n<p class=\"wp-block-paragraph\">En \u00e9ste contexto, se reiter\u00f3 la importancia de que los servicios periciales sean independientes y aut\u00f3nomos, particularmente en lo que se refiere a la aplicaci\u00f3n del Protocolo de Estambul.<\/p>\n\n\n\n<p class=\"wp-block-paragraph\">Respecto a las personas privadas de su libertad se hizo notar que s\u00f3lo 15 entidades federativas cuentan con centro penitenciario para mujeres y la necesidad de que cada estado cuente con uno. As\u00ed como las personas internas en instituciones de salud mental y psiqui\u00e1tricos sufren malos tratos, lo que tambi\u00e9n ocurre a las personas con discapacidad o retenidas en estaciones migratorias.<\/p>\n\n\n\n<p class=\"wp-block-paragraph\">La reparaci\u00f3n del da\u00f1o a las v\u00edctimas y las garant\u00edas de no repetici\u00f3n, tambi\u00e9n fueron temas abordados, en los que se destac\u00f3 la urgencia de que el gobierno de mexicano los atienda.<\/p>\n\n\n\n<p class=\"wp-block-paragraph\">Una de las insistencias al gobierno mexicano es el respeto a las cuatro garant\u00edas al momento de la detenci\u00f3n: los derechos a ser asistido por un abogado, a tener un examen m\u00e9dico, darle a conocer sus derechos y acceso a ellos, y a comunicarse con una persona de su confianza para darle a conocer d\u00f3nde se encuentra, el motivo de su detenci\u00f3n. <\/p>\n\n\n\n<p class=\"wp-block-paragraph\">La CNDH coincidi\u00f3 con los miembros del Comit\u00e9 de que la capacitaci\u00f3n a los servidores p\u00fablicos, sea evaluada y se mida el impacto de la eficacia de los mismos. Toda vez que, la adecuada capacitaci\u00f3n debe llevar a la modificaci\u00f3n de conductas violatorias de los derechos humanos.<\/p>\n\n\n\n<p class=\"wp-block-paragraph\">En esta reuni\u00f3n privada en que la CNDH ampli\u00f3 la informaci\u00f3n proporcionada al Comit\u00e9 en preparaci\u00f3n para el S\u00e9ptimo Informe del Estado mexicano participaron la Tercera Visitadora General, Ruth Villanueva Castilleja; la Secretaria Ejecutiva, Consuelo Olvera Trevi\u00f1o, y la Directora Ejecutiva del Mecanismo Nacional de Prevenci\u00f3n de la Tortura, Ninfa Delia Dom\u00ednguez.<\/p>\n","protected":false},"excerpt":{"rendered":"<p>Elda Montiel SemM\u00e9xico. Ginebra, Suiza.26 de abril 2019.- La necesidad de que M\u00e9xico cuente con un Programa Nacional contra la Tortura y un Registro Nacional de Detenci\u00f3n de Personas, as\u00ed como la adecuada aplicaci\u00f3n de la Ley contra la Tortura, fue expuesta ante el Comite de la ONU contra la Tortura (CAT) por la Comisi\u00f3n [&hellip;]<\/p>\n","protected":false},"author":3,"featured_media":5829,"comment_status":"open","ping_status":"open","sticky":false,"template":"","format":"standard","meta":{"_monsterinsights_skip_tracking":false,"footnotes":""},"categories":[690,51],"tags":[],"class_list":["post-5828","post","type-post","status-publish","format-standard","has-post-thumbnail","category-690","category-ejecutivo"],"_links":{"self":[{"href":"https:\/\/redsemlac.com\/semmexico\/wp-json\/wp\/v2\/posts\/5828","targetHints":{"allow":["GET"]}}],"collection":[{"href":"https:\/\/redsemlac.com\/semmexico\/wp-json\/wp\/v2\/posts"}],"about":[{"href":"https:\/\/redsemlac.com\/semmexico\/wp-json\/wp\/v2\/types\/post"}],"author":[{"embeddable":true,"href":"https:\/\/redsemlac.com\/semmexico\/wp-json\/wp\/v2\/users\/3"}],"replies":[{"embeddable":true,"href":"https:\/\/redsemlac.com\/semmexico\/wp-json\/wp\/v2\/comments?post=5828"}],"version-history":[{"count":0,"href":"https:\/\/redsemlac.com\/semmexico\/wp-json\/wp\/v2\/posts\/5828\/revisions"}],"wp:featuredmedia":[{"embeddable":true,"href":"https:\/\/redsemlac.com\/semmexico\/wp-json\/wp\/v2\/media\/5829"}],"wp:attachment":[{"href":"https:\/\/redsemlac.com\/semmexico\/wp-json\/wp\/v2\/media?parent=5828"}],"wp:term":[{"taxonomy":"category","embeddable":true,"href":"https:\/\/redsemlac.com\/semmexico\/wp-json\/wp\/v2\/categories?post=5828"},{"taxonomy":"post_tag","embeddable":true,"href":"https:\/\/redsemlac.com\/semmexico\/wp-json\/wp\/v2\/tags?post=5828"}],"curies":[{"name":"wp","href":"https:\/\/api.w.org\/{rel}","templated":true}]}}